{"id":2117,"date":"2018-10-13T16:28:07","date_gmt":"2018-10-13T16:28:07","guid":{"rendered":"http:\/\/www.chnk.pl\/?p=2117"},"modified":"2018-10-13T16:28:07","modified_gmt":"2018-10-13T16:28:07","slug":"28-niedziela-zwykla","status":"publish","type":"post","link":"https:\/\/www.chnk.pl\/?p=2117","title":{"rendered":"28 Niedziela Zwyk\u0142a"},"content":{"rendered":"<p>OG\u0141OSZENIA DUSZPASTERSKIE<br \/>\nNIEDZIELA XXVIII ZWYK\u0141A<br \/>\n14 pa\u017adziernika 2018 r.<br \/>\n1. Kalendarz liturgiczny: poniedzia\u0142ek \u2013\u015bw. Teresy od Jezusa, wtorek &#8211; \u015bw. Jadwigi \u015al\u0105skiej<br \/>\n\u015broda \u2013 \u015bw. Ignacego Antioche\u0144skiego, czwartek \u2013 \u015bw. \u0141ukasza Ewangelisty, pi\u0105tek \u2013 \u015bw. Paw\u0142a od Krzy\u017ca i \u015bw. mm. Jana de Brebeuf, Izaaka Joguesa, sobota \u2013 \u015bw. Jana Kantego.<br \/>\n2. Nabo\u017ce\u0144stwa r\u00f3\u017ca\u0144cowe codziennie o godz. 17.30. Dla dzieci w \u015brody, czwartki i pi\u0105tki o godz. 16.30. Prosimy, aby pilniej i liczniej przychodzi\u0142y dzieci przygotowuj\u0105ce si\u0119 do I komunii \u015bw.<br \/>\n3. W dni powszednie przyjmujemy rezerwacje intencji mszalnych na 2019 r.<br \/>\n4. Zapraszamy na Kr\u0105g Biblijny w \u015brod\u0119, po Mszy \u015bw. wieczornej, do salki parafialnej.<br \/>\n5. Procesja salety\u0144ska w pi\u0105tek po wieczornej mszy \u015bw.<br \/>\n6. Zbi\u00f3rka kandydat\u00f3w na ministrant\u00f3w w pi\u0105tek o godz. 16.00.<br \/>\n7. Rodzic\u00f3w dzieci przedszkolnych prosimy o zapisywanie ich na lekcje religii. We wszystkich przedszkolach na terenie naszej parafii ustanowieni s\u0105 katecheci.<br \/>\n8. B\u00f3g zap\u0142a\u0107 za ofiary na doposa\u017cenie ko\u015bcio\u0142a. B\u00f3g zap\u0142a\u0107 za ofiary, sk\u0142adane dzisiaj przed ko\u015bcio\u0142em, na fundusz stypendialny &#8222;Dzie\u0142o Nowego Tysi\u0105clecia&#8221;.<br \/>\n9. W przysz\u0142\u0105 niedziele rozpoczniemy Tydzie\u0144 Misyjny. Wobec zatrwa\u017caj\u0105cych doniesie\u0144 o prze\u015bladowaniach chrze\u015bcijan otoczymy naszych cierpi\u0105cych braci modlitw\u0105 i m\u00f3dlmy si\u0119 tak\u017ce o nowe powo\u0142ania misyjne i za misje. Przed ko\u015bcio\u0142em b\u0119dzie mo\u017cliwo\u015b\u0107 z\u0142o\u017cenia ofiary na misje.<br \/>\n10. Wydzia\u0142 Teologiczny UAM przygotowuje koncert, kt\u00f3rym chce uczci\u0107 100-lecia Uniwersytetu im. Adama Mickiewicza, oraz 20-lecie w\u0142\u0105czenia Wydzia\u0142u Teologicznego w struktury Uniwersytetu. Koncert poprowadzi wybitny znawca muzyki Indian, ks. prof. Piotr Nawrot, 19 pa\u017adziernika 2018 br. w Katedrze o godz. 19.30.<br \/>\n11. W przysz\u0142\u0105 niedziel\u0119, 21 pa\u017adziernika, odpust w Parafii \u015bw. \u0141ukasza na os. Rusa. Suma odpustowa o godz. 12.30. Do udzia\u0142u zapraszamy szczeg\u00f3lnie s\u0142u\u017cb\u0119 zdrowia.<br \/>\n12. Informacja o Katolickiej Poradni Psychologicznej dla m\u0142odzie\u017cy jest zamieszczona na tablicy og\u0142osze\u0144.<br \/>\n13. Archidiecezja Pozna\u0144ska organizuje kolejn\u0105, Archidiecezjaln\u0105 pielgrzymk\u0119, w dniach od 3 do 15 sierpnia 2019 r., tym razem do USA z Ameryka\u0144sk\u0105 Cz\u0119stochow\u0105. Szczeg\u00f3\u0142y na stronie internetowej Archidiecezji Pozna\u0144skiej www. archpoznan.pl.<br \/>\n14. W dniu 21 pa\u017adziernika br. 73 POKUTNY MARSZ R\u00d3\u017bA\u0143COWY. To modlitwa za Ojczyzn\u0119 w sta\u0142ej intencji: Z Maryj\u0105, o to by Polska pozosta\u0142a wierna Bogu, Krzy\u017cowi i Ewangelii. Pocz\u0105tek o godz. 12.30 msz\u0105 \u015bw. w ko\u015bciele Bo\u017cego Cia\u0142a.<br \/>\n15. Og\u0142oszenie osiedlowe. Dzisiaj o godz. 15.00, obok klatki 109, Towarzystwo Pomocy Dzieciom i Rodzinom AMICI organizuje s\u0105siedzk\u0105 herbatk\u0119, na kt\u00f3r\u0105 zaprasza wszystkich mieszka\u0144c\u00f3w.<br \/>\n16. Zach\u0119camy do czytania prasy katolickiej. Polecamy artyku\u0142y o \u015bw. Janie Pawle II i o dzisiejszej kanonizacji Paw\u0142a VI i abp. Oscara Romero. Jest Go\u015b\u0107 Niedzielny, Ma\u0142y Przewodnik Katolicki, Mi\u0142ujcie si\u0119 i gazetka parafialna.<br \/>\n17. M\u00f3dlmy si\u0119 za zmar\u0142ych. Za dusz\u0119 \u015bp. ks. Dionizego J\u00f3\u017awiaka (pogrzeb wczoraj na G\u00f3rczynie) i dusz\u0119 naszej parafianki \u015bw. Haliny Kamasa, os. Lecha 23 (pogrzeb wczoraj w Gordatowie). Wieczny odpoczynek racz zmar\u0142ym da\u0107 Panie.<\/p>\n","protected":false},"excerpt":{"rendered":"<p>OG\u0141OSZENIA DUSZPASTERSKIE NIEDZIELA XXVIII ZWYK\u0141A 14 pa\u017adziernika 2018 r. 1. Kalendarz liturgiczny: poniedzia\u0142ek \u2013\u015bw. Teresy od Jezusa, wtorek &#8211; \u015bw. Jadwigi \u015al\u0105skiej \u015broda \u2013 \u015bw. Ignacego Antioche\u0144skiego, czwartek \u2013 \u015bw. \u0141ukasza Ewangelisty, pi\u0105tek \u2013 \u015bw. Paw\u0142a od Krzy\u017ca i \u015bw. mm. Jana de Brebeuf, Izaaka Joguesa, sobota \u2013 \u015bw. Jana Kantego. 2. Nabo\u017ce\u0144stwa r\u00f3\u017ca\u0144cowe codziennie &#8230; <span class=\"more\"><a class=\"more-link\" href=\"https:\/\/www.chnk.pl\/?p=2117\">czytaj wi\u0119cej<\/a><\/span><\/p>\n","protected":false},"author":3,"featured_media":0,"comment_status":"open","ping_status":"open","sticky":false,"template":"","format":"standard","meta":{"ngg_post_thumbnail":0,"footnotes":""},"categories":[4,3],"tags":[],"_links":{"self":[{"href":"https:\/\/www.chnk.pl\/index.php?rest_route=\/wp\/v2\/posts\/2117"}],"collection":[{"href":"https:\/\/www.chnk.pl\/index.php?rest_route=\/wp\/v2\/posts"}],"about":[{"href":"https:\/\/www.chnk.pl\/index.php?rest_route=\/wp\/v2\/types\/post"}],"author":[{"embeddable":true,"href":"https:\/\/www.chnk.pl\/index.php?rest_route=\/wp\/v2\/users\/3"}],"replies":[{"embeddable":true,"href":"https:\/\/www.chnk.pl\/index.php?rest_route=%2Fwp%2Fv2%2Fcomments&post=2117"}],"version-history":[{"count":1,"href":"https:\/\/www.chnk.pl\/index.php?rest_route=\/wp\/v2\/posts\/2117\/revisions"}],"predecessor-version":[{"id":2118,"href":"https:\/\/www.chnk.pl\/index.php?rest_route=\/wp\/v2\/posts\/2117\/revisions\/2118"}],"wp:attachment":[{"href":"https:\/\/www.chnk.pl\/index.php?rest_route=%2Fwp%2Fv2%2Fmedia&parent=2117"}],"wp:term":[{"taxonomy":"category","embeddable":true,"href":"https:\/\/www.chnk.pl\/index.php?rest_route=%2Fwp%2Fv2%2Fcategories&post=2117"},{"taxonomy":"post_tag","embeddable":true,"href":"https:\/\/www.chnk.pl\/index.php?rest_route=%2Fwp%2Fv2%2Ftags&post=2117"}],"curies":[{"name":"wp","href":"https:\/\/api.w.org\/{rel}","templated":true}]}}