{"id":2114,"date":"2018-10-06T13:33:10","date_gmt":"2018-10-06T13:33:10","guid":{"rendered":"http:\/\/www.chnk.pl\/?p=2114"},"modified":"2018-10-06T13:33:10","modified_gmt":"2018-10-06T13:33:10","slug":"27-niedziela-zwykla","status":"publish","type":"post","link":"https:\/\/www.chnk.pl\/?p=2114","title":{"rendered":"27 Niedziela Zwyk\u0142a"},"content":{"rendered":"<p>OG\u0141OSZENIA DUSZPASTRSKIE<br \/>\nNIEDZIELA XXVII ZWYK\u0141A<br \/>\n7 pa\u017adziernika 2018 r.<\/p>\n<p>1. Kalendarz liturgiczny: wtorek \u2013 \u015bw. Dionizego, czwartek \u2013 \u015bw. papie\u017ca Jana XXIII, pi\u0105tek &#8211; \u015bwi\u0119to Po\u015bwi\u0119cenia Bazyliki Katedralnej, sobota &#8211; b\u0142og. Honorata Ko\u017ami\u0144skiego.<\/p>\n<p>2. Nabo\u017ce\u0144stwa r\u00f3\u017ca\u0144cowe codziennie o godz. 17.30. Dla dzieci: w \u015brody, czwartki i pi\u0105tki o godz. 16.30. Prosimy rodzic\u00f3w, aby do\u0142o\u017cyli stara\u0144, by dzieci uczestniczy\u0142y w nabo\u017ce\u0144stwie r\u00f3\u017ca\u0144cowym. Ponadto, w ka\u017cdy wtorek, przed porann\u0105 Msz\u0105 \u015bw., o godz. 7.30 r\u00f3\u017caniec do Matki Bo\u017cej, Patronki Dobrej \u015amierci. Zapraszamy do tego Stowarzyszenia, kt\u00f3rego celem jest wypraszanie \u0142aski: wytrwania w dobrym dla sprawiedliwych, nawr\u00f3cenia dla grzesznik\u00f3w i dobrej \u015bmierci dla wszystkich.<\/p>\n<p>3. Spotkanie wsp\u00f3lnot R\u00f3\u017ca\u0144cowych w \u015brod\u0119 po wieczornej mszy \u015bw. w kaplicy. W tym samym czasie Kr\u0105g Biblijny w salce parafialnej.<\/p>\n<p>4. Zbi\u00f3rka kandydat\u00f3w na ministrant\u00f3w w pi\u0105tek o godz. 16.00 w ko\u015bciele.<\/p>\n<p>5. W przysz\u0142\u0105 niedziel\u0119 w naszej parafii Dzie\u0144 Papieski. Przed ko\u015bcio\u0142em mo\u017cliwo\u015b\u0107 z\u0142o\u017cenia ofiary na fundusz stypendialny dla niezamo\u017cnej m\u0142odzie\u017cy &#8211; \u017cywy pomnik wdzi\u0119czno\u015bci za \u017cycie i pontyfikat \u015bw. Jana Paw\u0142a II.<\/p>\n<p>6. W naszej parafii jest mo\u017cliwo\u015b\u0107 przyj\u0119cia komunii \u015bw. w hostii niskoglutenowej przez cierpi\u0105cych na celiaki\u0119 i na diecie bezglutenowej. Informacje w zakrystii.<\/p>\n<p>7. Dnia 24 listopada br. odb\u0119dzie si\u0119 Archidiecezjalna Pielgrzymka na Jasn\u0105 G\u00f3r\u0119. B\u0119dzie to uroczysty akt zaproszenia Matki Naj\u015bwi\u0119tszej do naszej archidiecezji i jej parafii. Zach\u0119camy parafian do udzia\u0142u w pielgrzymce, kt\u00f3r\u0105 organizujemy razem z Parafi\u0105 \u015bw. Marka. Wyjazd w pi\u0105tek, 23 listopada, z parafii \u015bw. Marka, po mszy \u015bw. o godz. 7.30, z noclegiem w Cz\u0119stochowie. Zg\u0142oszenia w naszej parafii w zakrystii i Biurze Parafialnym.<\/p>\n<p>8. W poniedzia\u0142ek, 8 pa\u017adziernika, o godz. 19.30 w ko\u015bciele pw. \u015bw. Wojciecha modlitwa \u201eUmrze\u0107 z nadziei\u201d, za uchod\u017ac\u00f3w, kt\u00f3rzy umarli w drodze do Europy. W 2016 roku w wodach Morza \u015ar\u00f3dziemnego, \u017cycie straci\u0142o ok. 30 tysi\u0119cy ludzi. Modlitwie przewodniczy Ksi\u0105dz Biskup Damian Bryl. Modlitwa jest odpowiedzi\u0105 na apel papie\u017ca Franciszka.<\/p>\n<p>9. W pi\u0105tek, 12 pa\u017adziernika br., Rocznica Po\u015bwi\u0119cenia Katedry Pozna\u0144skiej. Zapraszamy na Nieszpory do Katedry o godz. 18.00. Zaproszenie kierowane jest szczeg\u00f3lnie do parafii, kt\u00f3rym \u015bwi\u0105tynie po\u015bwi\u0119ci\u0142 Ksi\u0105dz Arcybiskup Stanis\u0142aw G\u0105decki, i kt\u00f3re w nowym roku duszpasterskim prze\u017cyj\u0105 Nawiedzenie Kopii Cudownego Obrazu Matki Boskiej Cz\u0119stochowskiej. W\u015br\u00f3d nich jest tak\u017ce nasza parafia. B\u0119dzie to wyraz naszej jedno\u015bci z Ko\u015bcio\u0142em oraz \u015bwiadectwo wiary wzgl\u0119dem dzisiejszego \u015bwiata, kt\u00f3ry marginalizuje nauczanie Pana Jezusa.<\/p>\n<p>10. Salezja\u0144skie Centrum M\u0142odzie\u017cowe informuje, \u017ce prowadzi Katolick\u0105 Poradni\u0119 Psychologiczn\u0105, na ul. Kolejowej 52. Szczeg\u00f3\u0142y na tablicy og\u0142osze\u0144.<\/p>\n<p>11. Zach\u0119camy do czytania prasy katolickiej. Przy zakrystii: Przewodnik Katolicki, Go\u015b\u0107 Niedzielny, Mi\u0142ujcie si\u0119, Egzorcysta, Ma\u0142y Przewodnik Katolicki i gazetka parafialna.<\/p>\n","protected":false},"excerpt":{"rendered":"<p>OG\u0141OSZENIA DUSZPASTRSKIE NIEDZIELA XXVII ZWYK\u0141A 7 pa\u017adziernika 2018 r. 1. Kalendarz liturgiczny: wtorek \u2013 \u015bw. Dionizego, czwartek \u2013 \u015bw. papie\u017ca Jana XXIII, pi\u0105tek &#8211; \u015bwi\u0119to Po\u015bwi\u0119cenia Bazyliki Katedralnej, sobota &#8211; b\u0142og. Honorata Ko\u017ami\u0144skiego. 2. Nabo\u017ce\u0144stwa r\u00f3\u017ca\u0144cowe codziennie o godz. 17.30. Dla dzieci: w \u015brody, czwartki i pi\u0105tki o godz. 16.30. Prosimy rodzic\u00f3w, aby do\u0142o\u017cyli stara\u0144, &#8230; <span class=\"more\"><a class=\"more-link\" href=\"https:\/\/www.chnk.pl\/?p=2114\">czytaj wi\u0119cej<\/a><\/span><\/p>\n","protected":false},"author":3,"featured_media":0,"comment_status":"open","ping_status":"open","sticky":false,"template":"","format":"standard","meta":{"ngg_post_thumbnail":0,"footnotes":""},"categories":[4,3],"tags":[],"_links":{"self":[{"href":"https:\/\/www.chnk.pl\/index.php?rest_route=\/wp\/v2\/posts\/2114"}],"collection":[{"href":"https:\/\/www.chnk.pl\/index.php?rest_route=\/wp\/v2\/posts"}],"about":[{"href":"https:\/\/www.chnk.pl\/index.php?rest_route=\/wp\/v2\/types\/post"}],"author":[{"embeddable":true,"href":"https:\/\/www.chnk.pl\/index.php?rest_route=\/wp\/v2\/users\/3"}],"replies":[{"embeddable":true,"href":"https:\/\/www.chnk.pl\/index.php?rest_route=%2Fwp%2Fv2%2Fcomments&post=2114"}],"version-history":[{"count":1,"href":"https:\/\/www.chnk.pl\/index.php?rest_route=\/wp\/v2\/posts\/2114\/revisions"}],"predecessor-version":[{"id":2115,"href":"https:\/\/www.chnk.pl\/index.php?rest_route=\/wp\/v2\/posts\/2114\/revisions\/2115"}],"wp:attachment":[{"href":"https:\/\/www.chnk.pl\/index.php?rest_route=%2Fwp%2Fv2%2Fmedia&parent=2114"}],"wp:term":[{"taxonomy":"category","embeddable":true,"href":"https:\/\/www.chnk.pl\/index.php?rest_route=%2Fwp%2Fv2%2Fcategories&post=2114"},{"taxonomy":"post_tag","embeddable":true,"href":"https:\/\/www.chnk.pl\/index.php?rest_route=%2Fwp%2Fv2%2Ftags&post=2114"}],"curies":[{"name":"wp","href":"https:\/\/api.w.org\/{rel}","templated":true}]}}