{"id":2106,"date":"2018-09-29T16:12:02","date_gmt":"2018-09-29T16:12:02","guid":{"rendered":"http:\/\/www.chnk.pl\/?p=2106"},"modified":"2018-09-30T02:14:02","modified_gmt":"2018-09-30T02:14:02","slug":"pielgrzymka-do-czestochowy","status":"publish","type":"post","link":"https:\/\/www.chnk.pl\/?p=2106","title":{"rendered":"Pielgrzymka do Cz\u0119stochowy"},"content":{"rendered":"<p>Peregrynacja kopii wizerunku Matki Bo\u017cej Cz\u0119stochowskiej<br \/>\n\u2013 ARCHIDIECEZJALNA PIELGRZYMKA NA JASN\u0104 G\u00d3R\u0118&nbsp;<\/p>\n<p>Dnia 24 listopada 2018 roku odb\u0119dzie si\u0119 Archidiecezjalna Pielgrzymka na Jasn\u0105 G\u00f3r\u0119. B\u0119dzie to uroczysty akt zaproszenia Matki Naj\u015bwi\u0119tszej do naszej archidiecezji i jej parafii.<\/p>\n<p>Program pielgrzymki:<br \/>\n10:15 konferencja w auli im. Ojca Kordeckiego (prowadzenie Ojcowie Paulini)<br \/>\n11:45 przygotowanie do Eucharystii (Bazylika)<br \/>\n12:00 Eucharystia w Bazylice, przej\u015bcie przed cudowny wizerunek Matki Bo\u017cej Jasnog\u00f3rskiej<br \/>\nPo Mszy \u015awi\u0119tej czas na posi\u0142ek (indywidualnie)<br \/>\n15:00 Koronka do Mi\u0142osierdzia Bo\u017cego i Droga Krzy\u017cowa na wa\u0142ach<\/p>\n","protected":false},"excerpt":{"rendered":"<p>Peregrynacja kopii wizerunku Matki Bo\u017cej Cz\u0119stochowskiej \u2013 ARCHIDIECEZJALNA PIELGRZYMKA NA JASN\u0104 G\u00d3R\u0118&nbsp; Dnia 24 listopada 2018 roku odb\u0119dzie si\u0119 Archidiecezjalna Pielgrzymka na Jasn\u0105 G\u00f3r\u0119. B\u0119dzie to uroczysty akt zaproszenia Matki Naj\u015bwi\u0119tszej do naszej archidiecezji i jej parafii. Program pielgrzymki: 10:15 konferencja w auli im. Ojca Kordeckiego (prowadzenie Ojcowie Paulini) 11:45 przygotowanie do Eucharystii (Bazylika) 12:00 &#8230; <span class=\"more\"><a class=\"more-link\" href=\"https:\/\/www.chnk.pl\/?p=2106\">czytaj wi\u0119cej<\/a><\/span><\/p>\n","protected":false},"author":3,"featured_media":0,"comment_status":"open","ping_status":"open","sticky":false,"template":"","format":"standard","meta":{"ngg_post_thumbnail":0,"footnotes":""},"categories":[4,1],"tags":[],"_links":{"self":[{"href":"https:\/\/www.chnk.pl\/index.php?rest_route=\/wp\/v2\/posts\/2106"}],"collection":[{"href":"https:\/\/www.chnk.pl\/index.php?rest_route=\/wp\/v2\/posts"}],"about":[{"href":"https:\/\/www.chnk.pl\/index.php?rest_route=\/wp\/v2\/types\/post"}],"author":[{"embeddable":true,"href":"https:\/\/www.chnk.pl\/index.php?rest_route=\/wp\/v2\/users\/3"}],"replies":[{"embeddable":true,"href":"https:\/\/www.chnk.pl\/index.php?rest_route=%2Fwp%2Fv2%2Fcomments&post=2106"}],"version-history":[{"count":3,"href":"https:\/\/www.chnk.pl\/index.php?rest_route=\/wp\/v2\/posts\/2106\/revisions"}],"predecessor-version":[{"id":2111,"href":"https:\/\/www.chnk.pl\/index.php?rest_route=\/wp\/v2\/posts\/2106\/revisions\/2111"}],"wp:attachment":[{"href":"https:\/\/www.chnk.pl\/index.php?rest_route=%2Fwp%2Fv2%2Fmedia&parent=2106"}],"wp:term":[{"taxonomy":"category","embeddable":true,"href":"https:\/\/www.chnk.pl\/index.php?rest_route=%2Fwp%2Fv2%2Fcategories&post=2106"},{"taxonomy":"post_tag","embeddable":true,"href":"https:\/\/www.chnk.pl\/index.php?rest_route=%2Fwp%2Fv2%2Ftags&post=2106"}],"curies":[{"name":"wp","href":"https:\/\/api.w.org\/{rel}","templated":true}]}}