{"id":2102,"date":"2018-09-29T16:01:04","date_gmt":"2018-09-29T16:01:04","guid":{"rendered":"http:\/\/www.chnk.pl\/?p=2102"},"modified":"2018-09-29T16:01:55","modified_gmt":"2018-09-29T16:01:55","slug":"2102","status":"publish","type":"post","link":"https:\/\/www.chnk.pl\/?p=2102","title":{"rendered":"26 Niedziela Zwyk\u0142a"},"content":{"rendered":"<p>OG\u0141OSZENIA DUSZPASTERSKIE<br \/>\nNIEDZIELA XXVI ZWYK\u0141A<br \/>\n30 wrze\u015bnia 2018 r.<\/p>\n<p>1. Kalendarz liturgiczny:<br \/>\nponiedzia\u0142ek \u2013 \u015bw. Teresy od Dzieci\u0105tka Jezus,<br \/>\nwtorek &#8211; Anio\u0142\u00f3w Str\u00f3\u017c\u00f3w,<br \/>\nczwartek \u2013 \u015bw. \u015bw. Franciszka z Asy\u017cu,<br \/>\npi\u0105tek \u2013 \u015bw. Faustyny Kowalskiej,<br \/>\nsobota \u2013 \u015bw. Brunona.<\/p>\n<p>2. Pa\u017adziernik jest miesi\u0105cem R\u00f3\u017ca\u0144ca \u015bw. Nabo\u017ce\u0144stwo R\u00f3\u017ca\u0144cowe codziennie o godz. 17.30. Dla dzieci w \u015brody i czwartki i pi\u0105tki o godz. 16.30. Prosimy rodzic\u00f3w, aby do\u0142o\u017cyli stara\u0144, by dzieci uczestniczy\u0142y&nbsp;w nabo\u017ce\u0144stwie r\u00f3\u017ca\u0144cowym.<\/p>\n<p>3. Kr\u0105g biblijny w \u015brod\u0119 o godz. 19.00 w salce parafialnej.<\/p>\n<p>4. W tym tygodniu : I czwartek i I pi\u0105tek i I sobota miesi\u0105ca. W czwartek adoracja Naj\u015bwi\u0119tszego Sakramentu od godz. 17.00 do 18.00 w intencji poszanowania \u017cycia ludzkiego i po mszy \u015bw. do godz. 21.00 w intencji nowych powo\u0142a\u0144 kap\u0142a\u0144skich i zakonnych. Spowied\u017a i Komunia \u015bw. dla klas: 4, 5 i 6 w pi\u0105tek od godz. 15.00 i nabo\u017ce\u0144stwo r\u00f3\u017ca\u0144cowe o godz. 16.30. Od godziny 17.00 do 18.00 spowied\u017a \u015bw. dla klas 7 i 8 i starszej m\u0142odzie\u017cy. Nabo\u017ce\u0144stwo dla m\u0142odych rozpoczynaj\u0105cych przygotowanie do sakramentu bierzmowania w pi\u0105tek o godz. 19.00. Nabo\u017ce\u0144stwo do Niepokalanego Serca Matki Bo\u017cej w sobot\u0119 o godz. 7.15. Comiesi\u0119czne odwiedziny chorych z sakramentami \u015bw. w pi\u0105tek i w sobot\u0119 wed\u0142ug sta\u0142ego planu. Spotkanie dla ma\u0142\u017ce\u0144stw w sobot\u0119 o godz. 19.00 w salce. Dzielimy si\u0119 S\u0142owem Bo\u017cym i do\u015bwiadczeniem \u017cycia. Dzieci maj\u0105 zapewniona opiek\u0119.<\/p>\n<p>5. Zapraszamy na msze \u015bw. w intencji wsp\u00f3lnot r\u00f3\u017ca\u0144cowych: we wtorek o godz. 7.30 msza \u015bw. Apostolstwa Dobrej \u015amierci, w niedziel\u0119 o godz. 9.30 msza \u015bw. \u017bywego R\u00f3\u017ca\u0144ca.<\/p>\n<p>6. Dnia 24 listopada 2018 roku odb\u0119dzie si\u0119 Archidiecezjalna Pielgrzymka na Jasn\u0105 G\u00f3r\u0119. B\u0119dzie to uroczysty akt zaproszenia Matki Naj\u015bwi\u0119tszej do naszej archidiecezji i jej parafii.<br \/>\nZach\u0119camy parafian udzia\u0142u w pielgrzymce, kt\u00f3r\u0105 organizujemy razem z Parafi\u0105 \u015bw. Marka. Wyjazd w pi\u0105tek, 23 listopada, z noclegiem w Cz\u0119stochowie. Zg\u0142oszenia w zakrystii od przysz\u0142ej niedzieli<br \/>\n7. Prosimy o pomoc w sprz\u0105taniu ko\u015bcio\u0142a w sobot\u0119 o godz. 9.00. Parafian ch\u0119tnych do pomocy prosimy, aby zadeklarowali pomoc, po mszy \u015bw., przy stoliku z pras\u0105. Chodzi o stworzenie czterech zespo\u0142\u00f3w, dy\u017curuj\u0105cych raz w miesi\u0105cu.<br \/>\n8. Uroczysto\u015bci odpustowe w Farze Pozna\u0144skiej. Program na tablicy og\u0142osze\u0144.<br \/>\n9. Zach\u0119camy do czytania Przewodnika Katolickiego (dzisiaj z modlitewnikiem na pa\u017adziernik). Jest Go\u015b\u0107 Niedzielny, Ma\u0142y Przewodnik Katolicki, Ola i Ja\u015b, Ziarno, Egzorcysta, gazetka parafialna.<br \/>\n10. M\u00f3dlmy si\u0119 za zmar\u0142ych parafian. Za dusz\u0119 \u015bp. Krystyny Kardas, os. Lecha 40. Pogrzeb odby\u0142 si\u0119 w Jarocinie. Wieczny odpoczynek racz zmar\u0142ym da\u0107 Panie.<\/p>\n<p>Msza \u015bw. w intencji<br \/>\nWsp\u00f3lnoty R\u00f3\u017ca\u0144cowej<br \/>\nw \u015brod\u0119 o godz. 18.00.<br \/>\nW dzie\u0144 Matki Bo\u017cej R\u00f3\u017ca\u0144cowej b\u0119dziemy modli\u0107 si\u0119 o umi\u0142owanie przez nas modlitwy r\u00f3\u017ca\u0144cowej oraz za zmar\u0142ych ze wsp\u00f3lnoty r\u00f3\u017ca\u0144cowej.<\/p>\n","protected":false},"excerpt":{"rendered":"<p>OG\u0141OSZENIA DUSZPASTERSKIE NIEDZIELA XXVI ZWYK\u0141A 30 wrze\u015bnia 2018 r. 1. Kalendarz liturgiczny: poniedzia\u0142ek \u2013 \u015bw. Teresy od Dzieci\u0105tka Jezus, wtorek &#8211; Anio\u0142\u00f3w Str\u00f3\u017c\u00f3w, czwartek \u2013 \u015bw. \u015bw. Franciszka z Asy\u017cu, pi\u0105tek \u2013 \u015bw. Faustyny Kowalskiej, sobota \u2013 \u015bw. Brunona. 2. Pa\u017adziernik jest miesi\u0105cem R\u00f3\u017ca\u0144ca \u015bw. Nabo\u017ce\u0144stwo R\u00f3\u017ca\u0144cowe codziennie o godz. 17.30. Dla dzieci w \u015brody &#8230; <span class=\"more\"><a class=\"more-link\" href=\"https:\/\/www.chnk.pl\/?p=2102\">czytaj wi\u0119cej<\/a><\/span><\/p>\n","protected":false},"author":3,"featured_media":0,"comment_status":"open","ping_status":"open","sticky":false,"template":"","format":"standard","meta":{"ngg_post_thumbnail":0,"footnotes":""},"categories":[4,3],"tags":[],"_links":{"self":[{"href":"https:\/\/www.chnk.pl\/index.php?rest_route=\/wp\/v2\/posts\/2102"}],"collection":[{"href":"https:\/\/www.chnk.pl\/index.php?rest_route=\/wp\/v2\/posts"}],"about":[{"href":"https:\/\/www.chnk.pl\/index.php?rest_route=\/wp\/v2\/types\/post"}],"author":[{"embeddable":true,"href":"https:\/\/www.chnk.pl\/index.php?rest_route=\/wp\/v2\/users\/3"}],"replies":[{"embeddable":true,"href":"https:\/\/www.chnk.pl\/index.php?rest_route=%2Fwp%2Fv2%2Fcomments&post=2102"}],"version-history":[{"count":2,"href":"https:\/\/www.chnk.pl\/index.php?rest_route=\/wp\/v2\/posts\/2102\/revisions"}],"predecessor-version":[{"id":2104,"href":"https:\/\/www.chnk.pl\/index.php?rest_route=\/wp\/v2\/posts\/2102\/revisions\/2104"}],"wp:attachment":[{"href":"https:\/\/www.chnk.pl\/index.php?rest_route=%2Fwp%2Fv2%2Fmedia&parent=2102"}],"wp:term":[{"taxonomy":"category","embeddable":true,"href":"https:\/\/www.chnk.pl\/index.php?rest_route=%2Fwp%2Fv2%2Fcategories&post=2102"},{"taxonomy":"post_tag","embeddable":true,"href":"https:\/\/www.chnk.pl\/index.php?rest_route=%2Fwp%2Fv2%2Ftags&post=2102"}],"curies":[{"name":"wp","href":"https:\/\/api.w.org\/{rel}","templated":true}]}}