{"id":2096,"date":"2018-09-23T17:16:21","date_gmt":"2018-09-23T17:16:21","guid":{"rendered":"http:\/\/www.chnk.pl\/?p=2096"},"modified":"2018-09-23T17:16:21","modified_gmt":"2018-09-23T17:16:21","slug":"25-niedziela-zwykla","status":"publish","type":"post","link":"https:\/\/www.chnk.pl\/?p=2096","title":{"rendered":"25 Niedziela Zwyk\u0142a"},"content":{"rendered":"<p>OG\u0141OSZENIA DUSZPASTERSKIE<br \/>\nNIEDZIELA XXV ZWYK\u0141A<br \/>\n23 wrze\u015bnia 2018 r.<br \/>\n1.Kalendarz liturgiczny:<br \/>\n\u015broda \u2013 \u015bw. Kosmy i Damiana,Wawrzy\u0144ca Ruiz,<br \/>\nczwartek- \u015bw. Wincentego a Paulo,<br \/>\npi\u0105tek &#8211; \u015bw. Wac\u0142awa,<br \/>\nsobota \u2013 \u015bw. Archanio\u0142\u00f3w Micha\u0142a Gabriela i Rafa\u0142a.<br \/>\n2. Szczere podzi\u0119kowanie Parafianom, kt\u00f3rzy wzi\u0119li udzia\u0142 w \u015bwi\u0119towaniu 3 rocznicy po\u015bwiecenia naszego ko\u015bcio\u0142a parafialnego. B\u00f3g zap\u0142a\u0107 za zaanga\u017cowanie s\u0142u\u017cby liturgicznej i wszystkich wsp\u00f3\u0142pracownik\u00f3w.<br \/>\n3. Zg\u0142oszenia do bierzmowania. Prosimy, aby zg\u0142aszali si\u0119 kandydaci do bierzmowania z klas 7 i 8 z naszej parafii. Formularze zg\u0142oszeniowe mo\u017cna otrzyma\u0107 w zakrystii. Pierwsze spotkanie w pa\u017adzierniku.<br \/>\n4. Kr\u0105g biblijny w \u015brod\u0119 o godz. 19.00 w salce parafialnej.<br \/>\n5. Spotkanie dla dzieci pierwszokomunijnch, przed po\u015bwi\u0119ceniem r\u00f3\u017ca\u0144ca w czwartek o godz. 16.45 w salce parafialnej, wej\u015bcie z dziedzi\u0144ca. Po\u015bwi\u0119cenie r\u00f3\u017ca\u0144ca w niedziel\u0119, 30 wrze\u015bnia, na mszy \u015bw. o godz. 11.15.<br \/>\n6. Msza \u015bw. z modlitw\u0105 o uzdrowienie duszy i cia\u0142a w czwartek o godz. 19.00. Prosimy przynie\u015b\u0107 zapisane intencje, kt\u00f3re b\u0119d\u0105 w\u0142\u0105czone w modlitw\u0119 mszy \u015bw.<br \/>\n7. Zbi\u00f3rka kandydat\u00f3w na ministrant\u00f3w w pi\u0105tek o godz. 16.30.<br \/>\n8. Komunia \u015bw. dla cierpi\u0105cych na celiaki\u0119 i na diecie bezglutenowej. Informacje w zakrystii i biurze parafialnym.<br \/>\n9. B\u00f3g zap\u0142a\u0107 za z\u0142o\u017cone dzisiaj dary, owoce tegorocznego lata ( zostan\u0105 przekazane SS. Albertynkom do jad\u0142odajni dla ubogich) i B\u00f3g zap\u0142a\u0107 za ofiary na doposa\u017canie naszego ko\u015bcio\u0142a.<br \/>\n10. Zach\u0119camy do czytania prasy katolickiej. W kaplicy przy zakrystii: Przewodnik Katolicki (w najnowszym numerze \u201ePrzewodnika Katolickiego\u201d relacja ze spotkania Rady Konferencji Episkopat\u00f3w Europy w Poznaniu), Go\u015b\u0107 Niedzielny, Ma\u0142y Przewodnik Katolicki, Ola i Ja\u015b, Ziarno, gazetka parafialna.<br \/>\n11. W niedziel\u0119 30 wrze\u015bnia 2018 roku o godz. 1700 w pozna\u0144skiej Katedrze odb\u0119dzie si\u0119 prezentacja w ramach cyklu VERBA SACRA, po\u015bwi\u0119cona czytaniu Ksi\u0119gi S\u0119dzi\u00f3w z udzia\u0142em aktora Zbigniewa Grochala.<br \/>\n12. Ksi\u0119\u017ca Jezuici zapraszaj\u0105 do udzia\u0142u w odpu\u015bcie Matki Bo\u017cej R\u00f3\u017ca\u0144cowej: w niedziel\u0119 30 wrze\u015bnia o godz. 16.30 koncert charytatywny i msza \u015bw. o godz. 18.00, a 7 pa\u017adziernika o godz. 11.00 suma odpustowa.<\/p>\n<p>MODLITWA DO \u015aW. RODZINY<\/p>\n<p>Jezu, Maryjo i J\u00f3zefie<br \/>\nw Was kontemplujemy<br \/>\nblask prawdziwej mi\u0142o\u015bci,<br \/>\ndo Was zwracamy si\u0119 z ufno\u015bci\u0105.<\/p>\n<p>\u015awi\u0119ta Rodzino z Nazaretu,<br \/>\nuczy\u0144 tak\u017ce nasze rodziny<br \/>\n\u015brodowiskami komunii i wieczernikami modlitwy,<br \/>\nautentycznymi szko\u0142ami Ewangelii<br \/>\ni ma\u0142ymi Ko\u015bcio\u0142ami domowymi.<br \/>\n\u015awi\u0119ta Rodzino z Nazaretu<br \/>\nniech nigdy wi\u0119cej w naszych rodzinach nikt nie do\u015bwiadcza<br \/>\nprzemocy, zamkni\u0119cia i podzia\u0142\u00f3w:<br \/>\nktokolwiek zosta\u0142 zraniony albo zgorszony<br \/>\nniech szybko zazna pocieszenia i uleczenia.<br \/>\n\u015awi\u0119ta Rodzino z Nazaretu,<br \/>\noby przysz\u0142y Synod Biskup\u00f3w<br \/>\nm\u00f3g\u0142 przywr\u00f3ci\u0107 wszystkim \u015bwiadomo\u015b\u0107<br \/>\nsakralnego i nienaruszalnego charakteru rodziny,<br \/>\njej pi\u0119kna w Bo\u017cym zamy\u015ble.<br \/>\nJezu, Maryjo i J\u00f3zefie<br \/>\nUs\u0142yszcie, wys\u0142uchajcie naszego b\u0142agania.<\/p>\n","protected":false},"excerpt":{"rendered":"<p>OG\u0141OSZENIA DUSZPASTERSKIE NIEDZIELA XXV ZWYK\u0141A 23 wrze\u015bnia 2018 r. 1.Kalendarz liturgiczny: \u015broda \u2013 \u015bw. Kosmy i Damiana,Wawrzy\u0144ca Ruiz, czwartek- \u015bw. Wincentego a Paulo, pi\u0105tek &#8211; \u015bw. Wac\u0142awa, sobota \u2013 \u015bw. Archanio\u0142\u00f3w Micha\u0142a Gabriela i Rafa\u0142a. 2. Szczere podzi\u0119kowanie Parafianom, kt\u00f3rzy wzi\u0119li udzia\u0142 w \u015bwi\u0119towaniu 3 rocznicy po\u015bwiecenia naszego ko\u015bcio\u0142a parafialnego. B\u00f3g zap\u0142a\u0107 za zaanga\u017cowanie s\u0142u\u017cby &#8230; <span class=\"more\"><a class=\"more-link\" href=\"https:\/\/www.chnk.pl\/?p=2096\">czytaj wi\u0119cej<\/a><\/span><\/p>\n","protected":false},"author":3,"featured_media":0,"comment_status":"open","ping_status":"open","sticky":false,"template":"","format":"standard","meta":{"ngg_post_thumbnail":0,"footnotes":""},"categories":[3],"tags":[],"_links":{"self":[{"href":"https:\/\/www.chnk.pl\/index.php?rest_route=\/wp\/v2\/posts\/2096"}],"collection":[{"href":"https:\/\/www.chnk.pl\/index.php?rest_route=\/wp\/v2\/posts"}],"about":[{"href":"https:\/\/www.chnk.pl\/index.php?rest_route=\/wp\/v2\/types\/post"}],"author":[{"embeddable":true,"href":"https:\/\/www.chnk.pl\/index.php?rest_route=\/wp\/v2\/users\/3"}],"replies":[{"embeddable":true,"href":"https:\/\/www.chnk.pl\/index.php?rest_route=%2Fwp%2Fv2%2Fcomments&post=2096"}],"version-history":[{"count":1,"href":"https:\/\/www.chnk.pl\/index.php?rest_route=\/wp\/v2\/posts\/2096\/revisions"}],"predecessor-version":[{"id":2097,"href":"https:\/\/www.chnk.pl\/index.php?rest_route=\/wp\/v2\/posts\/2096\/revisions\/2097"}],"wp:attachment":[{"href":"https:\/\/www.chnk.pl\/index.php?rest_route=%2Fwp%2Fv2%2Fmedia&parent=2096"}],"wp:term":[{"taxonomy":"category","embeddable":true,"href":"https:\/\/www.chnk.pl\/index.php?rest_route=%2Fwp%2Fv2%2Fcategories&post=2096"},{"taxonomy":"post_tag","embeddable":true,"href":"https:\/\/www.chnk.pl\/index.php?rest_route=%2Fwp%2Fv2%2Ftags&post=2096"}],"curies":[{"name":"wp","href":"https:\/\/api.w.org\/{rel}","templated":true}]}}