{"id":2092,"date":"2018-09-15T14:44:38","date_gmt":"2018-09-15T14:44:38","guid":{"rendered":"http:\/\/www.chnk.pl\/?p=2092"},"modified":"2018-09-15T14:44:38","modified_gmt":"2018-09-15T14:44:38","slug":"24-niedziela-zwykla","status":"publish","type":"post","link":"https:\/\/www.chnk.pl\/?p=2092","title":{"rendered":"24 Niedziela Zwyk\u0142a"},"content":{"rendered":"<p>OG\u0141OSZENIA DUSZPASTERSKIE<br \/>\nNIEDZIELA XXIV ZWYK\u0141A<br \/>\n16 wrze\u015bnia 2018 r.<br \/>\n1.Kalendarz liturgiczny: poniedzia\u0142ek \u2013 \u015bw.Zygmunta Szcz\u0119snego Feli\u0144skiego, wtorek &#8211; Stanis\u0142awa Kostki, \u015brod\u0119 \u2013 \u015bw. Januarego, czwartek \u2013 \u015bw.Andrzeja Kim Taegon, pi\u0105tek \u2013 \u015bw. Mateusza.<br \/>\n2. We wtorek 18 wrze\u015bnia br. Ksi\u0105dz Arcybiskup Metropolita Stanis\u0142aw G\u0105decki b\u0119dzie \u015bwi\u0119towa\u0142 swoje Imieniny. Tego dnia Czcigodny Solenizant w Katedrze o godz. 10.00 przewodniczy\u0142 b\u0119dzie uroczystej Mszy \u015bwi\u0119tej. Do udzia\u0142u serdecznie zapraszamy mieszka\u0144c\u00f3w Poznania. Po Mszy \u015bwi\u0119tej w Arcybiskupim Seminarium Duchownym, b\u0119dzie mo\u017cna z\u0142o\u017cy\u0107 Ksi\u0119dzu Arcybiskupowi \u017cyczenia imieninowe osobi\u015bcie.<br \/>\n3. Trwa Jubileusz 1050-lecia biskupstwa w Poznaniu. Uroczyste zawierzenie Jubileuszu Panu Bogu przez przyczyn\u0119 Matki Bo\u017cej nast\u0105pi na Jasnej G\u00f3rze w dniu 24 listopada 2018 Ale b\u0119dzie to tak\u017ce zaproszeniem Jasnog\u00f3rskiej Pani do Archidiecezji Pozna\u0144skiej w kopii Obrazu Jasnog\u00f3rskiego. Obraz Matki Bo\u017cej Cz\u0119stochowskiej b\u0119dzie pielgrzymowa\u0142 (peregrynowa\u0142) po parafiach naszej Archidiecezji. Uroczyste rozpocz\u0119cie peregrynacji nast\u0105pi w sobot\u0119, 18 maja 2019 r. o godz. 12.00 w Parafii Nawiedzenia Naj\u015bwi\u0119tszej Maryi Panny w Poznaniu. W naszej Parafii Nawiedzenie Jasnog\u00f3rskiej Ikony rozpocznie si\u0119 w sobot\u0119, 25 maja o godz. 18.00. Przygotujemy si\u0119 do tego niezwyk\u0142ego spotkania z Matk\u0105 Bo\u017c\u0105 przez szereg wydarze\u0144 parafialnych. Nawiedzenie kopii Obrazu Jasnog\u00f3rskiego w Archidiecezji Pozna\u0144skiej potrwa do 26 wrze\u015bnia 2020 r. i b\u0119dzie przebiega\u0107 pod has\u0142em \u201eZ Maryj\u0105 w nowe czasy\u201d.<br \/>\n4. W najbli\u017csz\u0105 \u015brod\u0119, 19 wrze\u015bnia, przypada trzecia rocznica po\u015bwi\u0119cenia naszego ko\u015bcio\u0142a i odpust ku czci Matki Bo\u017cej Salety\u0144skiej. Adoracja Naj\u015bw. Sakramentu od godz. 18.00 i r\u00f3\u017caniec salety\u0144ski, a msza \u015bw. o godz. 19.00 i procesja. Sum\u0119 odprawi ks. Szymon Nowicki. B\u0119dziemy dzi\u0119kowa\u0107 Panu Bogu za nasz\u0105 \u015bwi\u0105tyni\u0119, modli\u0107 si\u0119 za jej fundator\u00f3w \u017cyj\u0105cych i zmar\u0142ych i prosi\u0107, aby by\u0142a nape\u0142niana modlitw\u0105 przez obecne i przysz\u0142e pokolenia. Udzia\u0142 wezm\u0105 ksi\u0119\u017ca wikariusze z naszego dekanatu.<br \/>\n5. Zg\u0142oszenia do bierzmowania. Prosimy, aby zg\u0142aszali si\u0119 kandydaci do bierzmowania z klas 7 i 8 z naszej parafii. Formularze zg\u0142oszeniowe mo\u017cna otrzyma\u0107 w zakrystii.<br \/>\n6. Zbi\u00f3rka kandydat\u00f3w na ministrant\u00f3w, w pi\u0105tek o godz. 16.30 w ko\u015bciele.<br \/>\n7. W przysz\u0142\u0105 niedziel\u0119, 23 wrze\u015bnia, b\u0119dziemy dzi\u0119kowa\u0107 Panu Bogu za tegoroczne urodzaje. Mo\u017cna ofiarowa\u0107 w czasie mszy \u015bw. warzywa, owoce i przetwory, kt\u00f3re zostan\u0105 przekazane do jad\u0142odajni SS. Albertynek przy ul. Ks. \u015aciegiennego.<br \/>\n8. W pi\u0105tek, 21 wrze\u015bnia, odpust w Parafii \u015bw. Mateusza na os. Or\u0142a Bia\u0142ego. Suma odpustowa godz. 19.00. Zapraszamy celnik\u00f3w i urz\u0119dnik\u00f3w skarbowych, w dniu ich Patrona.<br \/>\n9. Zapraszamy do Katedry ma\u0142\u017ce\u0144stwa, kt\u00f3re prze\u017cywaj\u0105 25 i 50 rocznic\u0119 ma\u0142\u017ce\u0144stwa. Msza \u015bw. po\u0142\u0105czona z odnowieniem przyrzecze\u0144 ma\u0142\u017ce\u0144skich, w niedziel\u0119 23 wrze\u015bnia, o godz.16.00.<br \/>\n10. Pielgrzymka do W\u0142och z parafi\u0105 \u015bw. Mateusza. Komunikat na tablicy og\u0142osze\u0144.<br \/>\n11. Instytut Duchowo\u015bci Carmelitanum w Poznaniu zaprasza osoby pragn\u0105ce pog\u0142\u0119bi\u0107 swoj\u0105 formacj\u0119 duchow\u0105 na 3-letnie studium duchowo\u015bci. Szczeg\u00f3\u0142y na afiszu.<br \/>\n12. Zach\u0119camy do czytania prasy katolickiej. Przy zakrystii: Przewodnik Katolicki (artyku\u0142 o zbli\u017caj\u0105cej si\u0119 pielgrzymce Ojca \u015bw. Franciszka na Litw\u0119, \u0141otw\u0119 i do Estonii), Ma\u0142y Przewodnik Katolicki, Go\u015b\u0107 Niedzielny, Ola i Ja\u015b, Egzorcysta, gazetka parafialna i dla dzieci Ziarno.<\/p>\n","protected":false},"excerpt":{"rendered":"<p>OG\u0141OSZENIA DUSZPASTERSKIE NIEDZIELA XXIV ZWYK\u0141A 16 wrze\u015bnia 2018 r. 1.Kalendarz liturgiczny: poniedzia\u0142ek \u2013 \u015bw.Zygmunta Szcz\u0119snego Feli\u0144skiego, wtorek &#8211; Stanis\u0142awa Kostki, \u015brod\u0119 \u2013 \u015bw. Januarego, czwartek \u2013 \u015bw.Andrzeja Kim Taegon, pi\u0105tek \u2013 \u015bw. Mateusza. 2. We wtorek 18 wrze\u015bnia br. Ksi\u0105dz Arcybiskup Metropolita Stanis\u0142aw G\u0105decki b\u0119dzie \u015bwi\u0119towa\u0142 swoje Imieniny. Tego dnia Czcigodny Solenizant w Katedrze o &#8230; <span class=\"more\"><a class=\"more-link\" href=\"https:\/\/www.chnk.pl\/?p=2092\">czytaj wi\u0119cej<\/a><\/span><\/p>\n","protected":false},"author":3,"featured_media":0,"comment_status":"open","ping_status":"open","sticky":false,"template":"","format":"standard","meta":{"ngg_post_thumbnail":0,"footnotes":""},"categories":[4,3],"tags":[],"_links":{"self":[{"href":"https:\/\/www.chnk.pl\/index.php?rest_route=\/wp\/v2\/posts\/2092"}],"collection":[{"href":"https:\/\/www.chnk.pl\/index.php?rest_route=\/wp\/v2\/posts"}],"about":[{"href":"https:\/\/www.chnk.pl\/index.php?rest_route=\/wp\/v2\/types\/post"}],"author":[{"embeddable":true,"href":"https:\/\/www.chnk.pl\/index.php?rest_route=\/wp\/v2\/users\/3"}],"replies":[{"embeddable":true,"href":"https:\/\/www.chnk.pl\/index.php?rest_route=%2Fwp%2Fv2%2Fcomments&post=2092"}],"version-history":[{"count":1,"href":"https:\/\/www.chnk.pl\/index.php?rest_route=\/wp\/v2\/posts\/2092\/revisions"}],"predecessor-version":[{"id":2093,"href":"https:\/\/www.chnk.pl\/index.php?rest_route=\/wp\/v2\/posts\/2092\/revisions\/2093"}],"wp:attachment":[{"href":"https:\/\/www.chnk.pl\/index.php?rest_route=%2Fwp%2Fv2%2Fmedia&parent=2092"}],"wp:term":[{"taxonomy":"category","embeddable":true,"href":"https:\/\/www.chnk.pl\/index.php?rest_route=%2Fwp%2Fv2%2Fcategories&post=2092"},{"taxonomy":"post_tag","embeddable":true,"href":"https:\/\/www.chnk.pl\/index.php?rest_route=%2Fwp%2Fv2%2Ftags&post=2092"}],"curies":[{"name":"wp","href":"https:\/\/api.w.org\/{rel}","templated":true}]}}