{"id":2084,"date":"2018-09-08T20:11:49","date_gmt":"2018-09-08T20:11:49","guid":{"rendered":"http:\/\/www.chnk.pl\/?p=2084"},"modified":"2018-09-08T20:11:49","modified_gmt":"2018-09-08T20:11:49","slug":"23-niedziela-zwykla","status":"publish","type":"post","link":"https:\/\/www.chnk.pl\/?p=2084","title":{"rendered":"23 Niedziela Zwyk\u0142a"},"content":{"rendered":"<p>OG\u0141OSZENIA DUSZPASTERSKIE<br \/>\nNIEDZIELA XXIII ZWYK\u0141A<br \/>\n9 wrze\u015bnia 2018 r.<br \/>\n1. Kalendarz liturgiczny: \u015broda \u2013 Naj\u015bw. Imienia Maryi, czwartek \u2013 \u015bw. Jana Chryzostoma, pi\u0105tek \u2013 \u015bwi\u0119to Podwy\u017cszenia Krzy\u017ca \u015awi\u0119tego (do ko\u015bcio\u0142a przynosimy krzy\u017ce domowe), sobota \u2013 wspomnienie NMP Bolesnej.<br \/>\n2. Program liturgicznych celebracji z okazji Konferencji Episkopat\u00f3w Europy.<br \/>\n-Msza \u015bw. inauguruj\u0105c\u0105 obrady we Farze w czwartek, dnia 13 wrze\u015bnia o godz. 18.30. Na liturgi\u0119 zapraszam w szczeg\u00f3lno\u015bci wszystkich wolontariuszy,lekarzy, piel\u0119gniarki, pomagaj\u0105cych w hospicjach i ogrzewalniach, parafialne ko\u0142a Caritas, wolontariat misyjny;<br \/>\nWszystkie osoby \u017cycia konsekrowanego zgromadz\u0105 si\u0119 na uroczystych nieszporach w Katedrze w pi\u0105tek, dnia 14 wrze\u015bnia \u2013 o godz. 17.45;<br \/>\n-Nadzwyczajni Szafarze Komunii \u015awi\u0119tej, katecheci i katechi\u015bci spotkaj\u0105 si\u0119 w Katedrze w sobot\u0119 \u2013 dnia 15 wrze\u015bnia \u2013 o godz. 19.00;<br \/>\n-Wszyscy Diecezjanie i Go\u015bcie spotkaj\u0105 si\u0119 Katedrze na Msz\u0119 \u015bw. ko\u0144cz\u0105c\u0105 obrady Rady Konferencji Episkopat\u00f3w Europy \u2013 w niedziel\u0119, dnia 16 wrze\u015bnia, o godz. 10.00. B\u0119dzie to okazja do uzyskania jubileuszowego odpustu i \u015bwi\u0105tecznego spotkania w duchu solidarno\u015bci chrze\u015bcija\u0144skiej Europy.<br \/>\nW zwi\u0105zku ze zgromadzeniem plenarnym Konferencji Episkopat\u00f3w Europy, kt\u00f3ra ob\u0119dzie si\u0119 w Poznaniu, redakcja \u201ePrzewodnika Katolickiego\u201d zaprasza na spotkanie otwarte z trzema go\u015b\u0107mi tej konferencji: kard. Angelo Bagnasco z W\u0142och, kard. Dominikiem Duk\u0105 z Czech i bp. Czes\u0142awem Kozonem z Danii. Biskupi b\u0119d\u0105 rozmawiali o tym, jak przezwyci\u0119\u017cy\u0107 kryzys wiary w Europie. B\u0119dzie te\u017c mo\u017cliwo\u015b\u0107 zadawania pyta\u0144 z sali. Wszyscy uczestnicy spotkania otrzymaj\u0105 s\u0142uchawki z t\u0142umaczeniem na j\u0119zyk polski. Spotkanie odb\u0119dzie si\u0119 w Auli Nova Akademii Muzycznej w Poznaniu, w niedziel\u0119 16 wrze\u015bnia o godz. 16.00. Wst\u0119p wolny.<br \/>\n3. Zapraszamy na Kr\u0119g Biblijny w \u015brod\u0119 o godz. 19.00 w salce parafialnej, gdzie rozwa\u017camy S\u0142owo Bo\u017ce oraz pog\u0142\u0119biamy wiedz\u0119 na temat Pisma \u015awi\u0119tego.<br \/>\n4. Rodzic\u00f3w dzieci pierwszokomunijnych prosimy by zakupili r\u00f3\u017ca\u0144ce dla swoich dzieci przygotowuj\u0105cych si\u0119 do pierwszej komunii \u015bw. Spotkanie dla rodzic\u00f3w tych dzieci w czwartek, 13 wrze\u015bnia o godz. 19.15 w ko\u015bciele. Do I Komunii \u015bw. w naszym ko\u015bciele przyst\u0105pi\u0105 jedynie te dzieci, kt\u00f3re zamieszkuj\u0105 na terenie naszej parafii.<br \/>\n5. Zbi\u00f3rka dla kandydat\u00f3w na ministrant\u00f3w w pi\u0105tek o godz. 16.30. Zapraszamy ch\u0142opc\u00f3w chc\u0105cych s\u0142u\u017cy\u0107 przy o\u0142tarzu. Natomiast zbi\u00f3rka ministrant\u00f3w pi\u0105tek o godz. 17.00. Zapraszamy tak\u017ce tych, kt\u00f3rzy byli ministrantami i chcieliby wr\u00f3ci\u0107 do s\u0142u\u017cby o\u0142tarza.<br \/>\n6. Zapraszamy do Katedry ma\u0142\u017ce\u0144stwa, kt\u00f3re prze\u017cywaj\u0105 25 i 50 rocznic\u0119 ma\u0142\u017ce\u0144stwa. Msza \u015bw. po\u0142\u0105czona z odnowieniem przyrzecze\u0144 ma\u0142\u017ce\u0144skich, zostanie odprawiona w niedziel\u0119 23 wrze\u015bnia, o godz. 16.00. Po Mszy \u015bw. przewidziane jest spotkanie ksi\u0119dza Biskupa z czcigodnymi Jubilatami w gmachu Arcybiskupiego Seminarium Duchownego.<br \/>\n7. W przysz\u0142\u0105 niedziel\u0119, przed ko\u015bcio\u0142em mo\u017cliwo\u015b\u0107 z\u0142o\u017cenia ofiary na KUL. B\u00f3g zap\u0142a\u0107 za ofiary z \u201e\u017c\u00f3\u0142tych kartek\u201d na doposa\u017canie naszego ko\u015bcio\u0142a.<br \/>\n8. Zach\u0119camy do czytania prasy katolickiej.<br \/>\n9. M\u00f3dlmy si\u0119 za zmar\u0142ych parafian. Za dusz\u0119 \u015bp. Katarzyny Kosteckiej, os. Lecha18. Pogrzeb w Nowym Tomy\u015blu. Wieczny odpoczynek racz zmar\u0142ym da\u0107 Panie.<\/p>\n","protected":false},"excerpt":{"rendered":"<p>OG\u0141OSZENIA DUSZPASTERSKIE NIEDZIELA XXIII ZWYK\u0141A 9 wrze\u015bnia 2018 r. 1. Kalendarz liturgiczny: \u015broda \u2013 Naj\u015bw. Imienia Maryi, czwartek \u2013 \u015bw. Jana Chryzostoma, pi\u0105tek \u2013 \u015bwi\u0119to Podwy\u017cszenia Krzy\u017ca \u015awi\u0119tego (do ko\u015bcio\u0142a przynosimy krzy\u017ce domowe), sobota \u2013 wspomnienie NMP Bolesnej. 2. Program liturgicznych celebracji z okazji Konferencji Episkopat\u00f3w Europy. -Msza \u015bw. inauguruj\u0105c\u0105 obrady we Farze w czwartek, &#8230; <span class=\"more\"><a class=\"more-link\" href=\"https:\/\/www.chnk.pl\/?p=2084\">czytaj wi\u0119cej<\/a><\/span><\/p>\n","protected":false},"author":3,"featured_media":0,"comment_status":"open","ping_status":"open","sticky":false,"template":"","format":"standard","meta":{"ngg_post_thumbnail":0,"footnotes":""},"categories":[4,3],"tags":[],"_links":{"self":[{"href":"https:\/\/www.chnk.pl\/index.php?rest_route=\/wp\/v2\/posts\/2084"}],"collection":[{"href":"https:\/\/www.chnk.pl\/index.php?rest_route=\/wp\/v2\/posts"}],"about":[{"href":"https:\/\/www.chnk.pl\/index.php?rest_route=\/wp\/v2\/types\/post"}],"author":[{"embeddable":true,"href":"https:\/\/www.chnk.pl\/index.php?rest_route=\/wp\/v2\/users\/3"}],"replies":[{"embeddable":true,"href":"https:\/\/www.chnk.pl\/index.php?rest_route=%2Fwp%2Fv2%2Fcomments&post=2084"}],"version-history":[{"count":1,"href":"https:\/\/www.chnk.pl\/index.php?rest_route=\/wp\/v2\/posts\/2084\/revisions"}],"predecessor-version":[{"id":2085,"href":"https:\/\/www.chnk.pl\/index.php?rest_route=\/wp\/v2\/posts\/2084\/revisions\/2085"}],"wp:attachment":[{"href":"https:\/\/www.chnk.pl\/index.php?rest_route=%2Fwp%2Fv2%2Fmedia&parent=2084"}],"wp:term":[{"taxonomy":"category","embeddable":true,"href":"https:\/\/www.chnk.pl\/index.php?rest_route=%2Fwp%2Fv2%2Fcategories&post=2084"},{"taxonomy":"post_tag","embeddable":true,"href":"https:\/\/www.chnk.pl\/index.php?rest_route=%2Fwp%2Fv2%2Ftags&post=2084"}],"curies":[{"name":"wp","href":"https:\/\/api.w.org\/{rel}","templated":true}]}}