{"id":2078,"date":"2018-09-02T07:08:18","date_gmt":"2018-09-02T07:08:18","guid":{"rendered":"http:\/\/www.chnk.pl\/?p=2078"},"modified":"2018-09-02T07:08:18","modified_gmt":"2018-09-02T07:08:18","slug":"22-niedziela-zwykla","status":"publish","type":"post","link":"https:\/\/www.chnk.pl\/?p=2078","title":{"rendered":"22 Niedziela Zwyk\u0142a"},"content":{"rendered":"<p>OG\u0141OSZENIA DUSZPASTERSKIE<br \/>\nNIEDZIELA XXII ZWYK\u0141A<br \/>\n2 wrze\u015bnia 2018 r.<br \/>\n1. Kalendarz liturgiczny:<br \/>\nponiedzia\u0142ek \u2013 \u015bw. Grzegorza,<br \/>\nwtorek &#8211; b\u0142. Marii Stelii,<br \/>\npi\u0105tek \u2013 \u015bw. Melchiora Grodzieckiego,<br \/>\nsobota &#8211; \u015bwi\u0119to Narodzenia Naj\u015bwi\u0119tszej Maryi Panny.<\/p>\n<p>2. Od wrze\u015bnia, powracamy do tradycyjnych godzin odprawiania Mszy \u015bw. w niedziele i dni powszednie, a tak\u017ce godzin urz\u0119dowania Biura Parafialnego. Msza \u015bw. w dni powszednie o godz. 8.00 i 18.00; Nowenna do Matki Bo\u017cej Nieustaj\u0105cej Pomocy w \u015brod\u0119 o godz. 18.00; R\u00f3\u017caniec do MB Patronki Dobrej \u015amierci we wtorek o godz. 7.30. Biuro Parafialne: poniedzia\u0142ki godz. 16.00 do 17.30; czwartki godz. 9.00 do 10.30; soboty godz. 19.00 do 20.00.<\/p>\n<p>3. Modlitewne rozpocz\u0119cie roku szkolnego i katechetycznego: Msza \u015bw. szkolna na rozpocz\u0119cie roku szkolnego z po\u015bwi\u0119ceniem przybor\u00f3w szkolnych, we wtorek o godz. 11.00. Prosimy Rodzic\u00f3w, aby razem ze swoimi dzie\u0107mi wzi\u0119li udzia\u0142 w modlitewnym rozpocz\u0119ciu nowego roku szkolnego. Prosimy o str\u00f3j galowy.<\/p>\n<p>4. Zapraszamy na Kr\u0119g Biblijny w \u015brod\u0119 o godz. 19.00 w salce parafialnej, gdzie rozwa\u017camy S\u0142owo Bo\u017ce oraz pog\u0142\u0119biamy wiedz\u0119 na temat Pisma \u015awi\u0119tego. Zapraszamy zw\u0142aszcza nowe osoby.<\/p>\n<p>5. W tym tygodniu I czwartek i I pi\u0105tek miesi\u0105ca. Adoracja Naj\u015bwi\u0119tszego Sakramentu: od godz. 17.00 do 18.00. Uczestnicz\u0105cych w duchowej adopcji zapraszamy na r\u00f3\u017caniec o godz. 17.15 w intencji obrony \u017cycia. Po mszy \u015bw. wieczornej adoracja do godz. 21.00 Spowied\u017a \u015bw. w I pi\u0105tek miesi\u0105ca dla dzieci i m\u0142odzie\u017cy od godz. 15.00 do 18.00. Zapraszamy na Msz\u0119 \u015bw. pierwszopi\u0105tkow\u0105 na godz.18.00. Odwiedziny chorych z sakramentami \u015bw. w pi\u0105tek i w sobot\u0119 wed\u0142ug sta\u0142ego planu.<\/p>\n<p>6. W przysz\u0142\u0105 niedziel\u0119 b\u0119dziemy go\u015bci\u0107 OO. Oblat\u00f3w, kt\u00f3rzy b\u0119d\u0105 g\u0142osili kazania i rozprowadzali kalendarze misyjne na 2019 r. Ofiary z \u0142o\u017cone przy okazji ich nabywania przeznaczone s\u0105 na misyjn\u0105 dzia\u0142alno\u015b\u0107 Misjonarzy Oblat\u00f3w.<\/p>\n<p>7. Rodzic\u00f3w dzieci pierwszokomunijnych prosimy by zakupili r\u00f3\u017ca\u0144ce dla swoich dzieci przygotowuj\u0105cych si\u0119 do pierwszej komunii \u015bw. Spotkanie dla rodzic\u00f3w tych dzieci w czwartek, 13 wrze\u015bnia o godz. 19.15 w ko\u015bciele. Do I Komunii \u015bw. w naszym ko\u015bciele przyst\u0105pi\u0105 jedynie te dzieci, kt\u00f3re zamieszkuj\u0105 na terenie naszej parafii.<\/p>\n<p>8. Zach\u0119camy do czytania prasy katolickiej. Przy zakrystii: Przewodnik Katolicki, Ma\u0142y Przewodnik Katolicki, Go\u015b\u0107 Niedzielny, Ola i Ja\u015b, Egzorcysta, gazetka parafialna.<\/p>\n","protected":false},"excerpt":{"rendered":"<p>OG\u0141OSZENIA DUSZPASTERSKIE NIEDZIELA XXII ZWYK\u0141A 2 wrze\u015bnia 2018 r. 1. Kalendarz liturgiczny: poniedzia\u0142ek \u2013 \u015bw. Grzegorza, wtorek &#8211; b\u0142. Marii Stelii, pi\u0105tek \u2013 \u015bw. Melchiora Grodzieckiego, sobota &#8211; \u015bwi\u0119to Narodzenia Naj\u015bwi\u0119tszej Maryi Panny. 2. Od wrze\u015bnia, powracamy do tradycyjnych godzin odprawiania Mszy \u015bw. w niedziele i dni powszednie, a tak\u017ce godzin urz\u0119dowania Biura Parafialnego. Msza &#8230; <span class=\"more\"><a class=\"more-link\" href=\"https:\/\/www.chnk.pl\/?p=2078\">czytaj wi\u0119cej<\/a><\/span><\/p>\n","protected":false},"author":3,"featured_media":0,"comment_status":"open","ping_status":"open","sticky":false,"template":"","format":"standard","meta":{"ngg_post_thumbnail":0,"footnotes":""},"categories":[4,3],"tags":[],"_links":{"self":[{"href":"https:\/\/www.chnk.pl\/index.php?rest_route=\/wp\/v2\/posts\/2078"}],"collection":[{"href":"https:\/\/www.chnk.pl\/index.php?rest_route=\/wp\/v2\/posts"}],"about":[{"href":"https:\/\/www.chnk.pl\/index.php?rest_route=\/wp\/v2\/types\/post"}],"author":[{"embeddable":true,"href":"https:\/\/www.chnk.pl\/index.php?rest_route=\/wp\/v2\/users\/3"}],"replies":[{"embeddable":true,"href":"https:\/\/www.chnk.pl\/index.php?rest_route=%2Fwp%2Fv2%2Fcomments&post=2078"}],"version-history":[{"count":1,"href":"https:\/\/www.chnk.pl\/index.php?rest_route=\/wp\/v2\/posts\/2078\/revisions"}],"predecessor-version":[{"id":2079,"href":"https:\/\/www.chnk.pl\/index.php?rest_route=\/wp\/v2\/posts\/2078\/revisions\/2079"}],"wp:attachment":[{"href":"https:\/\/www.chnk.pl\/index.php?rest_route=%2Fwp%2Fv2%2Fmedia&parent=2078"}],"wp:term":[{"taxonomy":"category","embeddable":true,"href":"https:\/\/www.chnk.pl\/index.php?rest_route=%2Fwp%2Fv2%2Fcategories&post=2078"},{"taxonomy":"post_tag","embeddable":true,"href":"https:\/\/www.chnk.pl\/index.php?rest_route=%2Fwp%2Fv2%2Ftags&post=2078"}],"curies":[{"name":"wp","href":"https:\/\/api.w.org\/{rel}","templated":true}]}}