{"id":2064,"date":"2018-07-22T12:29:06","date_gmt":"2018-07-22T12:29:06","guid":{"rendered":"http:\/\/www.chnk.pl\/?p=2064"},"modified":"2018-07-22T12:29:06","modified_gmt":"2018-07-22T12:29:06","slug":"16-niedziela-zwykla","status":"publish","type":"post","link":"https:\/\/www.chnk.pl\/?p=2064","title":{"rendered":"16 Niedziela Zwyk\u0142a"},"content":{"rendered":"<p>OG\u0141OSZENIA DUSZPASTERSKIE<br \/>\nNIEDZIELA XVI ZWYK\u0141A<br \/>\n22 lipca 2018 r.<br \/>\n1.Kalendarz liturgiczny:<br \/>\nponiedzia\u0142ek \u2013 \u015bw. Brygidy, patronki Europy,<br \/>\nwtorek &#8211; \u015bw. Kingi,<br \/>\n\u015broda \u2013 \u015bw. Jakuba aposto\u0142a,<br \/>\nczwartek \u2013 \u015bw. Joachima i Anny,<br \/>\nsobota \u2013 \u015bw. Sarbeliusza Makhlufa,<br \/>\nniedziela &#8211; \u015bw. Marty.<br \/>\n2. B\u0142ogos\u0142awie\u0144stwo kierowc\u00f3w i pojazd\u00f3w mechanicznych we wspomnienie liturgiczne \u015bw. Krzysztofa: w przysz\u0142\u0105 sobot\u0119 po mszy \u015bw. o godz. 18.00 i w niedziel\u0119 po mszy \u015bw. o godz. 9.30, 11.15 i 18.00. Przy tej okazji mo\u017cliwo\u015b\u0107 z\u0142o\u017cenia ofiary na \u015brodki transportu dla misjonarzy. Samochodami i motocyklami mo\u017cna wjecha\u0107 na plac przy ko\u015bciele.<br \/>\n3. Prosimy parafian zamawiaj\u0105cych intencje mszalne, aby przed msz\u0105 \u015bw. sprawdzali na tablicy og\u0142osze\u0144 poprawno\u015b\u0107 zapisanej intencji i przed odprawieniem mszy \u015bw. zg\u0142aszali ewentualne nie\u015bcis\u0142o\u015bci.<br \/>\n4. B\u00f3g zap\u0142a\u0107 za ofiary sk\u0142adane dzisiaj na misje. B\u00f3g zap\u0142a\u0107 za ofiary z\u0142o\u017cone na doposa\u017canie naszego ko\u015bcio\u0142a. We wrze\u015bniu zostan\u0105 wymienione \u0142awki w kaplicy i pod \u015bcianami w ko\u015bciele.<br \/>\n5. Zach\u0119camy do czytania prasy katolickiej. Jest Przewodnik Katolicki (o rosn\u0105cej liczbie os\u00f3b chorych na anoreksj\u0119, spowodowanej g\u0142odem akceptacji), Egzorcysta (miesi\u0119cznik o zagro\u017ceniach duchowych), Ma\u0142y Przewodnik Katolicki, Nasza Droga (dla m\u0142odzie\u017cy) i Go\u015b\u0107 Niedzielny.<br \/>\n6. M\u00f3dlmy si\u0119 za zmar\u0142ych parafia. Za dusz\u0119 \u015bp. Renaty Starosta. Msza \u015bw. pogrzebowa w poniedzia\u0142ek o godz. 10.15. Wieczny odpoczynek racz zmar\u0142ym da\u0107 Panie, a \u015bwiat\u0142o\u015b\u0107 wiekuista niechaj im \u015bwieci.<br \/>\n&#8230;&#8230;&#8230;&#8230;&#8230;&#8230;&#8230;&#8230;&#8230;&#8230;&#8230;&#8230;&#8230;&#8230;&#8230;&#8230;&#8230;&#8230;&#8230;&#8230;&#8230;&#8230;&#8230;&#8230;&#8230;&#8230;&#8230;&#8230;&#8230;&#8230;&#8230;&#8230;&#8230;&#8230;&#8230;&#8230;&#8230;&#8230;&#8230;&#8230;&#8230;&#8230;&#8230;&#8230;&#8230;&#8230;..<br \/>\nINFORMACJE STA\u0141E NA LIPIEC<br \/>\nA. W lipcu i w sierpniu zmienione godziny odprawiania Mszy \u015bw. w niedziele i dni powszednie oraz zmienione godziny urz\u0119dowania Biura Parafialnego. W niedziele wakacyjne nie ma mszy \u015bw. o godz. 12.30.<br \/>\nMsza \u015bw. o godz. 8.00 w poniedzia\u0142ek, \u015brod\u0119 i pi\u0105tek<br \/>\no godz.18.00 we wtorek, czwartek i sobot\u0119.<br \/>\nNowenna do Matki Bo\u017cej Nieustaj\u0105cej Pomocy w \u015brod\u0119 o godz. 8.00<br \/>\nR\u00f3\u017caniec do Matki Bo\u017cej Patronki Dobrej \u015amierci we wtorek o godz. 17.30<br \/>\nBiuro Parafialne: poniedzia\u0142ek godz. 9.00 do 10.30, czwartek godz. 16.00 do 17.30 i sobota godz. 19.00 do 20.00.<br \/>\nB. Msza \u015bw. niedzielna w godzinach p\u00f3\u017aniejszych w najbli\u017cszych parafiach: Parafia Pierwszych Polskich M\u0119czennik\u00f3w, os. Tysi\u0105clecia &#8211; godz. 20.00 i Parafia \u015bw. \u0141ukasza, os. Rusa &#8211; godz. 20.30<br \/>\nC. Grupa Anonimowych Alkoholik\u00f3w spotyka si\u0119 w ka\u017cdy wtorek o godz. 19.00 w salce parafialnej.<br \/>\nD. Prosimy o podawanie intencji mszalnych, uprzednio zarezerwowanych, na sierpie\u0144 i wrzesie\u0144. Mo\u017cna to uczyni\u0107 w niedziel\u0119, po Mszy \u015bw., w zakrystii.<br \/>\nE. Dzieci wyje\u017cd\u017caj\u0105ce na kolonie powinny zabra\u0107 pisemne o\u015bwiadczenie rodzic\u00f3w, i\u017c jest ich wol\u0105, aby dziecko uczestniczy\u0142o w niedzielnej Mszy \u015bw.<br \/>\nF. Spowied\u017a \u015bw. p\u00f3\u0142 godziny przed Msz\u0105 \u015bw. i w sobot\u0119 od godz. 16.00 -18.00.<\/p>\n","protected":false},"excerpt":{"rendered":"<p>OG\u0141OSZENIA DUSZPASTERSKIE NIEDZIELA XVI ZWYK\u0141A 22 lipca 2018 r. 1.Kalendarz liturgiczny: poniedzia\u0142ek \u2013 \u015bw. Brygidy, patronki Europy, wtorek &#8211; \u015bw. Kingi, \u015broda \u2013 \u015bw. Jakuba aposto\u0142a, czwartek \u2013 \u015bw. Joachima i Anny, sobota \u2013 \u015bw. Sarbeliusza Makhlufa, niedziela &#8211; \u015bw. Marty. 2. B\u0142ogos\u0142awie\u0144stwo kierowc\u00f3w i pojazd\u00f3w mechanicznych we wspomnienie liturgiczne \u015bw. Krzysztofa: w przysz\u0142\u0105 sobot\u0119 &#8230; <span class=\"more\"><a class=\"more-link\" href=\"https:\/\/www.chnk.pl\/?p=2064\">czytaj wi\u0119cej<\/a><\/span><\/p>\n","protected":false},"author":3,"featured_media":0,"comment_status":"open","ping_status":"open","sticky":false,"template":"","format":"standard","meta":{"ngg_post_thumbnail":0,"footnotes":""},"categories":[4,3],"tags":[],"_links":{"self":[{"href":"https:\/\/www.chnk.pl\/index.php?rest_route=\/wp\/v2\/posts\/2064"}],"collection":[{"href":"https:\/\/www.chnk.pl\/index.php?rest_route=\/wp\/v2\/posts"}],"about":[{"href":"https:\/\/www.chnk.pl\/index.php?rest_route=\/wp\/v2\/types\/post"}],"author":[{"embeddable":true,"href":"https:\/\/www.chnk.pl\/index.php?rest_route=\/wp\/v2\/users\/3"}],"replies":[{"embeddable":true,"href":"https:\/\/www.chnk.pl\/index.php?rest_route=%2Fwp%2Fv2%2Fcomments&post=2064"}],"version-history":[{"count":1,"href":"https:\/\/www.chnk.pl\/index.php?rest_route=\/wp\/v2\/posts\/2064\/revisions"}],"predecessor-version":[{"id":2065,"href":"https:\/\/www.chnk.pl\/index.php?rest_route=\/wp\/v2\/posts\/2064\/revisions\/2065"}],"wp:attachment":[{"href":"https:\/\/www.chnk.pl\/index.php?rest_route=%2Fwp%2Fv2%2Fmedia&parent=2064"}],"wp:term":[{"taxonomy":"category","embeddable":true,"href":"https:\/\/www.chnk.pl\/index.php?rest_route=%2Fwp%2Fv2%2Fcategories&post=2064"},{"taxonomy":"post_tag","embeddable":true,"href":"https:\/\/www.chnk.pl\/index.php?rest_route=%2Fwp%2Fv2%2Ftags&post=2064"}],"curies":[{"name":"wp","href":"https:\/\/api.w.org\/{rel}","templated":true}]}}