{"id":2057,"date":"2018-07-22T12:24:05","date_gmt":"2018-07-22T12:24:05","guid":{"rendered":"http:\/\/www.chnk.pl\/?p=2057"},"modified":"2018-07-22T12:24:05","modified_gmt":"2018-07-22T12:24:05","slug":"wojewodzko-archidiecezjalne-dozynki-wielkopolskie","status":"publish","type":"post","link":"https:\/\/www.chnk.pl\/?p=2057","title":{"rendered":"Wojew\u00f3dzko-Archidiecezjalne Do\u017cynki Wielkopolskie"},"content":{"rendered":"<p>Wojew\u00f3dzko-Archidiecezjalne Do\u017cynki Wielkopolskie<\/p>\n<p>Wojew\u00f3dzko-Archidiecezjalne Do\u017cynki Wielkopolskie odb\u0119d\u0105 si\u0119 w tym roku w Poznaniu na Malcie, na Polanie Harcerza w niedziel\u0119 26 sierpnia.<br \/>\nMsza \u015bw. dzi\u0119kczynna o godz.13.00 a nast\u0119pnie cz\u0119\u015b\u0107 obrz\u0119dowa i radosna.<br \/>\nWej\u015bcie od ul. Abp. Antoniego Baraniaka.<\/p>\n","protected":false},"excerpt":{"rendered":"<p>Wojew\u00f3dzko-Archidiecezjalne Do\u017cynki Wielkopolskie Wojew\u00f3dzko-Archidiecezjalne Do\u017cynki Wielkopolskie odb\u0119d\u0105 si\u0119 w tym roku w Poznaniu na Malcie, na Polanie Harcerza w niedziel\u0119 26 sierpnia. Msza \u015bw. dzi\u0119kczynna o godz.13.00 a nast\u0119pnie cz\u0119\u015b\u0107 obrz\u0119dowa i radosna. Wej\u015bcie od ul. Abp. Antoniego Baraniaka.<\/p>\n","protected":false},"author":3,"featured_media":0,"comment_status":"open","ping_status":"open","sticky":false,"template":"","format":"standard","meta":{"ngg_post_thumbnail":0,"footnotes":""},"categories":[4],"tags":[],"_links":{"self":[{"href":"https:\/\/www.chnk.pl\/index.php?rest_route=\/wp\/v2\/posts\/2057"}],"collection":[{"href":"https:\/\/www.chnk.pl\/index.php?rest_route=\/wp\/v2\/posts"}],"about":[{"href":"https:\/\/www.chnk.pl\/index.php?rest_route=\/wp\/v2\/types\/post"}],"author":[{"embeddable":true,"href":"https:\/\/www.chnk.pl\/index.php?rest_route=\/wp\/v2\/users\/3"}],"replies":[{"embeddable":true,"href":"https:\/\/www.chnk.pl\/index.php?rest_route=%2Fwp%2Fv2%2Fcomments&post=2057"}],"version-history":[{"count":1,"href":"https:\/\/www.chnk.pl\/index.php?rest_route=\/wp\/v2\/posts\/2057\/revisions"}],"predecessor-version":[{"id":2058,"href":"https:\/\/www.chnk.pl\/index.php?rest_route=\/wp\/v2\/posts\/2057\/revisions\/2058"}],"wp:attachment":[{"href":"https:\/\/www.chnk.pl\/index.php?rest_route=%2Fwp%2Fv2%2Fmedia&parent=2057"}],"wp:term":[{"taxonomy":"category","embeddable":true,"href":"https:\/\/www.chnk.pl\/index.php?rest_route=%2Fwp%2Fv2%2Fcategories&post=2057"},{"taxonomy":"post_tag","embeddable":true,"href":"https:\/\/www.chnk.pl\/index.php?rest_route=%2Fwp%2Fv2%2Ftags&post=2057"}],"curies":[{"name":"wp","href":"https:\/\/api.w.org\/{rel}","templated":true}]}}