{"id":2053,"date":"2018-07-14T20:45:53","date_gmt":"2018-07-14T20:45:53","guid":{"rendered":"http:\/\/www.chnk.pl\/?p=2053"},"modified":"2018-07-14T20:45:53","modified_gmt":"2018-07-14T20:45:53","slug":"15-niedziela-zwykla","status":"publish","type":"post","link":"https:\/\/www.chnk.pl\/?p=2053","title":{"rendered":"15 Niedziela Zwyk\u0142a"},"content":{"rendered":"<blockquote><p>OG\u0141OSZENIA DUSZPASTERSKIE<br \/>\nNIEDZIELA XV ZWYK\u0141A<br \/>\n15 lipca 2018 r.<br \/>\n1.Kalendarz liturgiczny: poniedzia\u0142ek \u2013 Naj\u015bwi\u0119tszej Maryi Panny z G\u00f3ry Karmel, \u015broda &#8211; \u015bw. Szymona z Lipnicy, pi\u0105tek \u2013 b\u0142. Czes\u0142awa, sobota \u2013 \u015bw. Wawrzy\u0144ca z Brindisi.<br \/>\n2. W poniedzia\u0142ek, w dniu Matki Bo\u017cej Szkaplerznej, msza \u015bw. u OO Karmelit\u00f3w z na\u0142o\u017ceniem szkaplerza o godz. 11.30 i 18.00.<br \/>\n3. W czwartek, 19 dzie\u0144 miesi\u0105ca, dzie\u0144 salety\u0144ski w naszej parafii. Procesja salety\u0144ska po mszy \u015bw. o godz. 18.00. R\u00f3\u017caniec z intencjami salety\u0144skimi o godz. 17.30. Nabo\u017ce\u0144stwem do Matki Bo\u017cej z La Salette wynagradzamy Panu Bogu za przekle\u0144stwa i wulgaryzmy, opuszczone lekkomy\u015blnie msze \u015bw. niedzielne, niepotrzebn\u0105 prac\u0119 w niedziele, wynagradzamy za niezgod\u0119 w rodzinach i otoczeniu oraz wy\u015bmiewanie spraw Bo\u017cych. Po procesji p\u00f3\u0142godzinna adoracja Naj\u015bwi\u0119tszego Sakramentu.<br \/>\n4. W przysz\u0142\u0105 niedziel\u0119 b\u0119dziemy go\u015bci\u0107 misjonarza z Zambii. B\u0119dzie g\u0142osi\u0142 kazania na temat swojej pracy. B\u0119dzie mo\u017cna wesprze\u0107 ofiar\u0105 jego pos\u0142ug\u0119 misyjn\u0105.<br \/>\n5. Dzie\u0142o Biblijne w Archidiecezji Pozna\u0144skiej zaprasza na rekolekcje biblijne \u201eDroga ucznia\u201d. Termin: 30 lipca &#8211; 7 sierpnia 2018 r. Szczeg\u00f3\u0142y na stronie internetowej Dzie\u0142a Biblijnego i stronie naszej parafii.<br \/>\n6. S\u0142uchacze Radia Maryja i widzowie telewizji Trwam, kt\u00f3rzy chcieliby wesprze\u0107 te rozg\u0142o\u015bnie, chocia\u017c skromnymi ofiarami, mog\u0105 je przekaza\u0107 pani Marii lub z\u0142o\u017cy\u0107 do skarbony przy wej\u015bciu do ko\u015bcio\u0142a.<br \/>\n7. B\u00f3g zap\u0142a\u0107 za ofiary sk\u0142adane na doposa\u017cenie naszego ko\u015bcio\u0142a.<br \/>\n8. Zach\u0119camy do czytania prasy katolickiej. Przy zakrystii: \u201ePrzewodnik Katolicki\u201d (o najnowszym tek\u015bcie Benedykta XVI na temat relacji chrze\u015bcijan i \u017byd\u00f3w), \u201eGo\u015b\u0107 Niedzielny\u201d, \u201eEgzorcysta\u201d i \u201eMa\u0142y Przewodnik Katolicki\u201d.<\/p>\n<p>&#8230;&#8230;&#8230;&#8230;&#8230;&#8230;&#8230;&#8230;&#8230;&#8230;&#8230;&#8230;&#8230;&#8230;&#8230;&#8230;&#8230;&#8230;&#8230;&#8230;&#8230;&#8230;&#8230;&#8230;&#8230;&#8230;&#8230;&#8230;&#8230;&#8230;&#8230;&#8230;&#8230;&#8230;&#8230;&#8230;&#8230;&#8230;&#8230;&#8230;&#8230;&#8230;&#8230;&#8230;&#8230;&#8230;&#8230;<br \/>\nINFORMACJE STA\u0141E \/LIPIEC I SIERPIE\u0143\/<br \/>\nA. W lipcu i w sierpniu zmienione godziny odprawiania Mszy \u015bw. w niedziele i dni powszednie oraz zmienione godziny urz\u0119dowania Biura Parafialnego. W niedziele wakacyjne nie ma mszy \u015bw. o godz. 12.30. Msza \u015bw. o godz. 8.00 w poniedzia\u0142ek, \u015brod\u0119 i pi\u0105tek<br \/>\no godz.18.00 we wtorek, czwartek i sobot\u0119<br \/>\nNowenna do Matki Bo\u017cej Nieustaj\u0105cej Pomocy w \u015brod\u0119 o godz. 8.00. R\u00f3\u017caniec do Matki Bo\u017cej Patronki Dobrej \u015amierci i Nowenna do \u015bw. J\u00f3zefa we wtorek o godz. 17.30<br \/>\nBiuro Parafialne: poniedzia\u0142ek godz. 9.00 do 10.30, czwartek godz. 16.00 do 17.30 i sobota godz. 19.00 do 20.00.<br \/>\nB. Msza \u015bw. niedzielna w godzinach p\u00f3\u017aniejszych w najbli\u017cszych parafiach: Parafia Pierwszych Polskich M\u0119czennik\u00f3w, os. Tysi\u0105clecia &#8211; godz. 20.00 i Parafia \u015bw. \u0141ukasza, os. Rusa &#8211; godz. 20.30<br \/>\nC. Dzieci wyje\u017cd\u017caj\u0105ce na kolonie powinny zabra\u0107 pisemne o\u015bwiadczenie rodzic\u00f3w, i\u017c jest ich wol\u0105, aby dziecko uczestniczy\u0142o w niedzielnej Mszy \u015bw.<br \/>\nD. Spowied\u017a \u015bw. p\u00f3\u0142 godziny przed Msz\u0105 \u015bw. i w sobot\u0119 od godz. 16.00 -18.00.<br \/>\nE. Grupa Anonimowych Alkoholik\u00f3w spotyka si\u0119 w ka\u017cdy wtorek o godz. 19.00 w salce parafialnej i jest otwarta na wszystkich, kt\u00f3rzy szukaj\u0105 pomocy do \u017cycia w trze\u017awo\u015bci..<br \/>\nF. Prosimy o podawanie intencji mszalnych, uprzednio zarezerwowanych, na lipiec i sierpie\u0144. Mo\u017cna to uczyni\u0107 w niedziel\u0119, po Mszy \u015bw., w zakrystii.<\/p><\/blockquote>\n","protected":false},"excerpt":{"rendered":"<p>OG\u0141OSZENIA DUSZPASTERSKIE NIEDZIELA XV ZWYK\u0141A 15 lipca 2018 r. 1.Kalendarz liturgiczny: poniedzia\u0142ek \u2013 Naj\u015bwi\u0119tszej Maryi Panny z G\u00f3ry Karmel, \u015broda &#8211; \u015bw. Szymona z Lipnicy, pi\u0105tek \u2013 b\u0142. Czes\u0142awa, sobota \u2013 \u015bw. Wawrzy\u0144ca z Brindisi. 2. W poniedzia\u0142ek, w dniu Matki Bo\u017cej Szkaplerznej, msza \u015bw. u OO Karmelit\u00f3w z na\u0142o\u017ceniem szkaplerza o godz. 11.30 i &#8230; <span class=\"more\"><a class=\"more-link\" href=\"https:\/\/www.chnk.pl\/?p=2053\">czytaj wi\u0119cej<\/a><\/span><\/p>\n","protected":false},"author":3,"featured_media":0,"comment_status":"open","ping_status":"open","sticky":false,"template":"","format":"standard","meta":{"ngg_post_thumbnail":0,"footnotes":""},"categories":[4,3],"tags":[],"_links":{"self":[{"href":"https:\/\/www.chnk.pl\/index.php?rest_route=\/wp\/v2\/posts\/2053"}],"collection":[{"href":"https:\/\/www.chnk.pl\/index.php?rest_route=\/wp\/v2\/posts"}],"about":[{"href":"https:\/\/www.chnk.pl\/index.php?rest_route=\/wp\/v2\/types\/post"}],"author":[{"embeddable":true,"href":"https:\/\/www.chnk.pl\/index.php?rest_route=\/wp\/v2\/users\/3"}],"replies":[{"embeddable":true,"href":"https:\/\/www.chnk.pl\/index.php?rest_route=%2Fwp%2Fv2%2Fcomments&post=2053"}],"version-history":[{"count":1,"href":"https:\/\/www.chnk.pl\/index.php?rest_route=\/wp\/v2\/posts\/2053\/revisions"}],"predecessor-version":[{"id":2054,"href":"https:\/\/www.chnk.pl\/index.php?rest_route=\/wp\/v2\/posts\/2053\/revisions\/2054"}],"wp:attachment":[{"href":"https:\/\/www.chnk.pl\/index.php?rest_route=%2Fwp%2Fv2%2Fmedia&parent=2053"}],"wp:term":[{"taxonomy":"category","embeddable":true,"href":"https:\/\/www.chnk.pl\/index.php?rest_route=%2Fwp%2Fv2%2Fcategories&post=2053"},{"taxonomy":"post_tag","embeddable":true,"href":"https:\/\/www.chnk.pl\/index.php?rest_route=%2Fwp%2Fv2%2Ftags&post=2053"}],"curies":[{"name":"wp","href":"https:\/\/api.w.org\/{rel}","templated":true}]}}