{"id":2050,"date":"2018-07-14T20:44:42","date_gmt":"2018-07-14T20:44:42","guid":{"rendered":"http:\/\/www.chnk.pl\/?p=2050"},"modified":"2018-07-14T20:44:42","modified_gmt":"2018-07-14T20:44:42","slug":"rekolekcje-lectio-divina-droga-ucznia","status":"publish","type":"post","link":"https:\/\/www.chnk.pl\/?p=2050","title":{"rendered":"REKOLEKCJE LECTIO DIVINA DROGA UCZNIA"},"content":{"rendered":"<p>Dzie\u0142o Biblijne w Archidiecezji Pozna\u0144skiej<br \/>\nwe wsp\u00f3\u0142pracy<br \/>\nz Centrum Formacji Duchowej w Trzebini<br \/>\nzaprasza na<\/p>\n<p class=\"western\" lang=\"zxx\" align=\"center\"><span style=\"color: #000000;\"><span style=\"font-family: Verdana, sans-serif;\">Dzie\u0142o Biblijne w Archidiecezji Pozna\u0144skiej<\/span><\/span><span style=\"color: #000000;\"><span style=\"font-family: Open Sans, Times New Roman;\"><span style=\"font-size: small;\"><br \/>\n<\/span><\/span><\/span><span style=\"color: #000000;\"><span style=\"font-family: Verdana, sans-serif;\">we wsp\u00f3\u0142pracy<\/span><\/span><span style=\"color: #000000;\"><span style=\"font-family: Open Sans, Times New Roman;\"><span style=\"font-size: small;\"><br \/>\n<\/span><\/span><\/span><span style=\"color: #000000;\"><span style=\"font-family: Verdana, sans-serif;\">z Centrum Formacji Duchowej w Trzebini<\/span><\/span><span style=\"color: #000000;\"><span style=\"font-family: Open Sans, Times New Roman;\"><span style=\"font-size: small;\"><br \/>\n<\/span><\/span><\/span><span style=\"color: #000000;\"><span style=\"font-family: Verdana, sans-serif;\">zaprasza na<\/span><\/span><\/p>\n<p class=\"western\" lang=\"zxx\" align=\"center\"><span style=\"color: #000000;\"><span style=\"font-family: Verdana, sans-serif;\">REKOLEKCJE <\/span><\/span><em><span style=\"color: #000000;\"><span style=\"font-family: Verdana, sans-serif;\">LECTIO DIVINA<\/span><\/span><\/em><span style=\"color: #000000;\"><span style=\"font-family: Open Sans, Times New Roman;\"><span style=\"font-size: small;\"><br \/>\n<\/span><\/span><\/span><strong><span style=\"color: #000000;\"><span style=\"font-family: Verdana, sans-serif;\">DROGA UCZNIA<\/span><\/span><\/strong><\/p>\n<p class=\"western\" lang=\"zxx\" align=\"center\"><span style=\"color: #000000;\"><span style=\"font-family: Verdana, sans-serif;\"><span style=\"font-size: small;\">Przygotowane w oparciu o program, kt\u00f3rego autorem jest <\/span><\/span><\/span><strong><span style=\"color: #000000;\"><span style=\"font-family: Verdana, sans-serif;\"><span style=\"font-size: small;\">ks. dr Krzysztof Wons SDS.<br \/>\n<\/span><\/span><\/span><\/strong><\/p>\n<p class=\"western\" lang=\"zxx\" align=\"center\"><span style=\"color: #000000;\"><span style=\"font-family: Verdana, sans-serif;\"><span style=\"font-size: small;\">Etap 1<\/span><\/span><\/span><span style=\"color: #000000;\"><span style=\"font-family: Open Sans, Times New Roman;\"><span style=\"font-size: small;\"><br \/>\n<\/span><\/span><\/span><span style=\"color: #000000;\"><span style=\"font-family: Verdana, sans-serif;\"><span style=\"font-size: small;\">Uwierzy\u0107 Jezusowi. Rekolekcje ze \u015bw. Markiem.<\/span><\/span><\/span><\/p>\n<p class=\"western\" lang=\"zxx\" align=\"center\"><span style=\"color: #000000;\"><span style=\"font-family: Verdana, sans-serif;\"><span style=\"font-size: small;\">Etap 2<\/span><\/span><\/span><span style=\"color: #000000;\"><span style=\"font-family: Open Sans, Times New Roman;\"><span style=\"font-size: small;\"><br \/>\n<\/span><\/span><\/span><span style=\"color: #000000;\"><span style=\"font-family: Verdana, sans-serif;\"><span style=\"font-size: small;\">Powierzy\u0107 si\u0119 Jezusowi. Rekolekcje ze \u015bw. Mateuszem.<\/span><\/span><\/span><\/p>\n<p class=\"western\" align=\"center\"><span style=\"font-family: Verdana, sans-serif;\"><span style=\"font-size: small;\">Etap 3<\/span><\/span><\/p>\n<p class=\"western\" align=\"center\"><span style=\"font-family: Verdana, sans-serif;\"><span style=\"font-size: small;\">Pog\u0142\u0119bi\u0107 wiar\u0119 w Jezusa. Rekolekcje ze \u015bw. \u0141ukaszem.<\/span><\/span><\/p>\n<p class=\"western\" lang=\"zxx\"><span style=\"color: #000000;\"><span style=\"font-family: Verdana, sans-serif;\"><span style=\"font-size: small;\">Termin:<\/span><\/span><\/span><span style=\"color: #000000;\"><span style=\"font-family: Open Sans, Times New Roman;\"><span style=\"font-size: small;\"><br \/>\n<\/span><\/span><\/span><strong><span style=\"color: #000000;\"><span style=\"font-family: Verdana, sans-serif;\"><span style=\"font-size: small;\"><span lang=\"pl-PL\">30 lipca &#8211; 7 <\/span><\/span><\/span><\/span><\/strong><strong><span style=\"color: #000000;\"><span style=\"font-family: Verdana, sans-serif;\"><span style=\"font-size: small;\">sierpnia 201<\/span><\/span><\/span><\/strong><strong><span style=\"color: #000000;\"><span style=\"font-family: Verdana, sans-serif;\"><span style=\"font-size: small;\"><span lang=\"pl-PL\">8<\/span><\/span><\/span><\/span><\/strong><strong><span style=\"color: #000000;\"><span style=\"font-family: Verdana, sans-serif;\"><span style=\"font-size: small;\"> r.<\/span><\/span><\/span><\/strong><\/p>\n<p class=\"western\" lang=\"zxx\"><span style=\"color: #000000;\"><span style=\"font-family: Verdana, sans-serif;\"><span style=\"font-size: small;\">Miejsce:<\/span><\/span><\/span><span style=\"color: #000000;\"><span style=\"font-family: Open Sans, Times New Roman;\"><span style=\"font-size: small;\"><br \/>\n<\/span><\/span><\/span><strong><span style=\"color: #000000;\"><span style=\"font-family: Verdana, sans-serif;\"><span style=\"font-size: small;\"><span lang=\"pl-PL\">Seminarium Towarzystwa Chrystusowego dla Polonii Zagranicznej, ul. Panny Marii 4, Pozna\u0144.<\/span><\/span><\/span><\/span><\/strong><\/p>\n<p class=\"western\" lang=\"zxx\"><strong><span style=\"color: #000000;\"><span style=\"font-family: Verdana, sans-serif;\"><span style=\"font-size: small;\">Zapisy ju\u017c trwaj\u0105!<\/span><\/span><\/span><\/strong><\/p>\n<p class=\"western\" lang=\"zxx\"><span style=\"color: #000000;\"><span style=\"font-family: Verdana, sans-serif;\"><span style=\"font-size: small;\">Nale\u017cy pobra\u0107 <\/span><\/span><\/span><span lang=\"pl-PL\">formularz zg\u0142oszeniowy ze strony <\/span><span style=\"color: #000080;\"><span lang=\"zxx\"><u><a class=\"western\" href=\"http:\/\/biblista.pl\/diecezja-poznanska\"><span lang=\"pl-PL\">biblista.pl\/diecezja-poznanska<\/span><\/a><\/u><\/span><\/span> <span style=\"color: #000000;\"><span style=\"font-family: Verdana, sans-serif;\"><span style=\"font-size: small;\">i przes\u0142a\u0107 drog\u0105 mailow\u0105 na <\/span><\/span><\/span><\/p>\n<p class=\"western\" lang=\"zxx\"><a name=\"cloak075f060faeed0491cc7aec825ad1e528\"><\/a> <span style=\"color: #000000;\"><span style=\"font-family: Verdana, sans-serif;\"><span style=\"font-size: small;\">adres:<\/span><\/span><\/span><span style=\"color: #000080;\"><span lang=\"zxx\"><u><a class=\"western\" href=\"mailto:poznan.biblista@gmail.com\"><span style=\"font-family: Verdana, sans-serif;\">poznan.biblista@gmail.com<\/span><\/a><\/u><\/span><\/span><span style=\"color: #000000;\"><span style=\"font-family: Open Sans, Times New Roman;\"><span style=\"font-size: small;\"><br \/>\n<\/span><\/span><\/span><\/p>\n<p class=\"western\" lang=\"zxx\"><span style=\"font-family: Verdana, sans-serif;\"><span style=\"font-size: small;\">lub listownie:<\/span><\/span><\/p>\n<p class=\"western\" lang=\"zxx\"><strong><span style=\"color: #000000;\"><span style=\"font-family: Verdana, sans-serif;\"><span style=\"font-size: small;\">Dzie\u0142o Biblijne w Archidiecezji Pozna\u0144skiej<\/span><\/span><\/span><\/strong><span style=\"color: #000000;\"><span style=\"font-family: Open Sans, Times New Roman;\"><span style=\"font-size: small;\"><br \/>\n<\/span><\/span><\/span><strong><span style=\"color: #000000;\"><span style=\"font-family: Verdana, sans-serif;\"><span style=\"font-size: small;\">ul. Wie\u017cowa 2\/4<\/span><\/span><\/span><\/strong><span style=\"color: #000000;\"><span style=\"font-family: Open Sans, Times New Roman;\"><span style=\"font-size: small;\"><br \/>\n<\/span><\/span><\/span><strong><span style=\"color: #000000;\"><span style=\"font-family: Verdana, sans-serif;\"><span style=\"font-size: small;\">61-111 Pozna\u0144<\/span><\/span><\/span><\/strong><span style=\"color: #000000;\"><span style=\"font-family: Open Sans, Times New Roman;\"><span style=\"font-size: small;\"><br \/>\n<\/span><\/span><\/span><strong><span style=\"color: #000000;\"><span style=\"font-family: Open Sans, Times New Roman;\"><span style=\"font-size: small;\">\u201e<\/span><\/span><\/span><\/strong><em><span style=\"color: #000000;\"><span style=\"font-family: Verdana, sans-serif;\"><span style=\"font-size: small;\"><b>LECTIO DIVINA<\/b><\/span><\/span><\/span><\/em><strong><span style=\"color: #000000;\"><span style=\"font-family: Verdana, sans-serif;\"><span style=\"font-size: small;\">\u201d<\/span><\/span><\/span><\/strong><\/p>\n<p class=\"western\" lang=\"zxx\"><span style=\"color: #000000;\"><span style=\"font-family: Verdana, sans-serif;\"><span style=\"font-size: small;\">___________________________<\/span><\/span><\/span><\/p>\n<p class=\"western\" lang=\"zxx\"><span style=\"color: #000000;\"><span style=\"font-family: Verdana, sans-serif;\"><span style=\"font-size: small;\">Rekolekcje lectio divina opieraj\u0105 si\u0119 na pog\u0142\u0119bionym, czterostopniowym duchowym poznawaniu s\u0142owa Bo\u017cego, kt\u00f3re podejmowane jest ka\u017cdego dnia rekolekcji. Schemat&nbsp;<\/span><\/span><\/span><em><span style=\"color: #000000;\"><span style=\"font-family: Verdana, sans-serif;\"><span style=\"font-size: small;\">lectio<\/span><\/span><\/span><\/em><span style=\"color: #000000;\"><span style=\"font-family: Verdana, sans-serif;\"><span style=\"font-size: small;\">&nbsp;(czytanie) &#8211;&nbsp;<\/span><\/span><\/span><em><span style=\"color: #000000;\"><span style=\"font-family: Verdana, sans-serif;\"><span style=\"font-size: small;\">meditatio<\/span><\/span><\/span><\/em><span style=\"color: #000000;\"><span style=\"font-family: Verdana, sans-serif;\"><span style=\"font-size: small;\">(medytacja) &#8211;&nbsp;<\/span><\/span><\/span><em><span style=\"color: #000000;\"><span style=\"font-family: Verdana, sans-serif;\"><span style=\"font-size: small;\">oratio<\/span><\/span><\/span><\/em><span style=\"color: #000000;\"><span style=\"font-family: Verdana, sans-serif;\"><span style=\"font-size: small;\">&nbsp;(modlitwa) &#8211;&nbsp;<\/span><\/span><\/span><em><span style=\"color: #000000;\"><span style=\"font-family: Verdana, sans-serif;\"><span style=\"font-size: small;\">contemplatio<\/span><\/span><\/span><\/em><span style=\"color: #000000;\"><span style=\"font-family: Verdana, sans-serif;\"><span style=\"font-size: small;\">&nbsp;(kontemplacja) jest modlitewnym czytaniem Pisma \u015awi\u0119tego, maj\u0105cym prowadzi\u0107 uczestnika rekolekcji nie tylko do intelektualnego rozumienia przes\u0142ania biblijnego, lecz przede wszystkim do za\u017cy\u0142o\u015bci z Bo\u017cym s\u0142owem i o\u015bwietlania przez nie dr\u00f3g codziennego \u017cycia cz\u0142owieka.<\/span><\/span><\/span><\/p>\n<p class=\"western\" lang=\"zxx\"><span style=\"color: #000000;\"><span style=\"font-family: Verdana, sans-serif;\"><span style=\"font-size: small;\">Formacja rekolekcji&nbsp;<\/span><\/span><\/span><em><span style=\"color: #000000;\"><span style=\"font-family: Verdana, sans-serif;\"><span style=\"font-size: small;\">lectio divina<\/span><\/span><\/span><\/em><span style=\"color: #000000;\"><span style=\"font-family: Verdana, sans-serif;\"><span style=\"font-size: small;\">&nbsp;obejmuje cztery stopnie realizowane w kolejnych latach, kt\u00f3re oparte s\u0105 o poszczeg\u00f3lne Ewangelie.&nbsp;<\/span><\/span><\/span><strong><span style=\"color: #000000;\"><span style=\"font-family: Verdana, sans-serif;\"><span style=\"font-size: small;\">W roku 201<\/span><\/span><\/span><\/strong><strong><span style=\"color: #000000;\"><span style=\"font-family: Verdana, sans-serif;\"><span style=\"font-size: small;\"><span lang=\"pl-PL\">8<\/span><\/span><\/span><\/span><\/strong><strong><span style=\"color: #000000;\"><span style=\"font-family: Verdana, sans-serif;\"><span style=\"font-size: small;\"> zapraszamy do Poznania na pierwszy stopie\u0144 rekolekcji \u2013 &#8222;Uwierzy\u0107 Jezusowi. Rekolekcje ze \u015bw. Markiem&#8221;<\/span><\/span><\/span><\/strong><strong><span style=\"color: #000000;\"><span style=\"font-family: Verdana, sans-serif;\"><span style=\"font-size: small;\"><span lang=\"pl-PL\">, <\/span><\/span><\/span><\/span><\/strong><strong><span style=\"color: #000000;\"><span style=\"font-family: Verdana, sans-serif;\"><span style=\"font-size: small;\">na stopie\u0144 drugi \u2013 &#8222;Powierzy\u0107 si\u0119 Jezusowi. Rekolekcje ze \u015bw. Mateuszem&#8221;<\/span><\/span><\/span><\/strong><strong><span style=\"color: #000000;\"><span style=\"font-family: Verdana, sans-serif;\"><span style=\"font-size: small;\"><span lang=\"pl-PL\"> oraz stopie\u0144 trzeci \u201ePog\u0142\u0119bi\u0107 wiar\u0119 w Jezusa. Rekolekcje ze \u015bw. \u0141ukaszem\u201d.<\/span><\/span><\/span><\/span><\/strong><\/p>\n<p class=\"western\" lang=\"zxx\"><span style=\"color: #000000;\"><span style=\"font-family: Verdana, sans-serif;\"><span style=\"font-size: small;\">Do udzia\u0142u zaproszeni s\u0105 wszyscy pragn\u0105cy \u017cy\u0107 s\u0142owem Bo\u017cym, zar\u00f3wno osoby \u015bwieckie, jak i <\/span><\/span><\/span><span style=\"color: #000000;\"><span style=\"font-family: Verdana, sans-serif;\"><span style=\"font-size: small;\"><span lang=\"pl-PL\">d<\/span><\/span><\/span><\/span><span style=\"color: #000000;\"><span style=\"font-family: Verdana, sans-serif;\"><span style=\"font-size: small;\">uchowne i konsekrowane.<\/span><\/span><\/span><\/p>\n<p class=\"western\" lang=\"zxx\"><span style=\"font-family: Verdana, sans-serif;\"><span style=\"font-size: small;\">Rekolekcje prze\u017cywane na osobistej modlitwie, w klimacie pustyni, w pe\u0142nym milczeniu, z&nbsp;indywidualnym towarzyszeniem kierownika duchowego.<\/span><\/span><\/p>\n<p>Przygotowane w oparciu o program, kt\u00f3rego autorem jest ks. dr Krzysztof Wons SDS.<\/p>\n<p>Etap 1<br \/>\nUwierzy\u0107 Jezusowi. Rekolekcje ze \u015bw. Markiem.<\/p>\n<p>Etap 2<br \/>\nPowierzy\u0107 si\u0119 Jezusowi. Rekolekcje ze \u015bw. Mateuszem.<\/p>\n<p>Etap 3<br \/>\nPog\u0142\u0119bi\u0107 wiar\u0119 w Jezusa. Rekolekcje ze \u015bw. \u0141ukaszem.<\/p>\n<p>Termin:<br \/>\n30 lipca &#8211; 7 sierpnia 2018 r.<\/p>\n<p>Miejsce:<br \/>\nSeminarium Towarzystwa Chrystusowego dla Polonii Zagranicznej, ul. Panny Marii 4, Pozna\u0144.<\/p>\n<p>Zapisy ju\u017c trwaj\u0105!<br \/>\nNale\u017cy pobra\u0107 formularz zg\u0142oszeniowy ze strony biblista.pl\/diecezja-poznanska i przes\u0142a\u0107 drog\u0105 mailow\u0105 na<\/p>\n<p>adres:poznan.biblista@gmail.com<\/p>\n<p>lub listownie:<br \/>\nDzie\u0142o Biblijne w Archidiecezji Pozna\u0144skiej<br \/>\nul. Wie\u017cowa 2\/4<br \/>\n61-111 Pozna\u0144<br \/>\n\u201eLECTIO DIVINA\u201d<br \/>\n___________________________<br \/>\nRekolekcje lectio divina opieraj\u0105 si\u0119 na pog\u0142\u0119bionym, czterostopniowym duchowym poznawaniu s\u0142owa Bo\u017cego, kt\u00f3re podejmowane jest ka\u017cdego dnia rekolekcji. Schemat&nbsp;lectio&nbsp;(czytanie) &#8211;&nbsp;meditatio(medytacja) &#8211;&nbsp;oratio&nbsp;(modlitwa) &#8211;&nbsp;contemplatio&nbsp;(kontemplacja) jest modlitewnym czytaniem Pisma \u015awi\u0119tego, maj\u0105cym prowadzi\u0107 uczestnika rekolekcji nie tylko do intelektualnego rozumienia przes\u0142ania biblijnego, lecz przede wszystkim do za\u017cy\u0142o\u015bci z Bo\u017cym s\u0142owem i o\u015bwietlania przez nie dr\u00f3g codziennego \u017cycia cz\u0142owieka.<\/p>\n<p>Formacja rekolekcji&nbsp;lectio divina&nbsp;obejmuje cztery stopnie realizowane w kolejnych latach, kt\u00f3re oparte s\u0105 o poszczeg\u00f3lne Ewangelie.&nbsp;W roku 2018 zapraszamy do Poznania na pierwszy stopie\u0144 rekolekcji \u2013 &#8222;Uwierzy\u0107 Jezusowi. Rekolekcje ze \u015bw. Markiem&#8221;, na stopie\u0144 drugi \u2013 &#8222;Powierzy\u0107 si\u0119 Jezusowi. Rekolekcje ze \u015bw. Mateuszem&#8221; oraz stopie\u0144 trzeci \u201ePog\u0142\u0119bi\u0107 wiar\u0119 w Jezusa. Rekolekcje ze \u015bw. \u0141ukaszem\u201d.<\/p>\n<p>Do udzia\u0142u zaproszeni s\u0105 wszyscy pragn\u0105cy \u017cy\u0107 s\u0142owem Bo\u017cym, zar\u00f3wno osoby \u015bwieckie, jak i duchowne i konsekrowane.<\/p>\n<p>Rekolekcje prze\u017cywane na osobistej modlitwie, w klimacie pustyni, w pe\u0142nym milczeniu, z&nbsp;indywidualnym towarzyszeniem kierownika duchowego.<\/p>\n","protected":false},"excerpt":{"rendered":"<p>Dzie\u0142o Biblijne w Archidiecezji Pozna\u0144skiej we wsp\u00f3\u0142pracy z Centrum Formacji Duchowej w Trzebini zaprasza na Dzie\u0142o Biblijne w Archidiecezji Pozna\u0144skiej we wsp\u00f3\u0142pracy z Centrum Formacji Duchowej w Trzebini zaprasza na REKOLEKCJE LECTIO DIVINA DROGA UCZNIA Przygotowane w oparciu o program, kt\u00f3rego autorem jest ks. dr Krzysztof Wons SDS. Etap 1 Uwierzy\u0107 Jezusowi. Rekolekcje ze \u015bw. &#8230; <span class=\"more\"><a class=\"more-link\" href=\"https:\/\/www.chnk.pl\/?p=2050\">czytaj wi\u0119cej<\/a><\/span><\/p>\n","protected":false},"author":3,"featured_media":0,"comment_status":"open","ping_status":"open","sticky":false,"template":"","format":"standard","meta":{"ngg_post_thumbnail":0,"footnotes":""},"categories":[4],"tags":[],"_links":{"self":[{"href":"https:\/\/www.chnk.pl\/index.php?rest_route=\/wp\/v2\/posts\/2050"}],"collection":[{"href":"https:\/\/www.chnk.pl\/index.php?rest_route=\/wp\/v2\/posts"}],"about":[{"href":"https:\/\/www.chnk.pl\/index.php?rest_route=\/wp\/v2\/types\/post"}],"author":[{"embeddable":true,"href":"https:\/\/www.chnk.pl\/index.php?rest_route=\/wp\/v2\/users\/3"}],"replies":[{"embeddable":true,"href":"https:\/\/www.chnk.pl\/index.php?rest_route=%2Fwp%2Fv2%2Fcomments&post=2050"}],"version-history":[{"count":1,"href":"https:\/\/www.chnk.pl\/index.php?rest_route=\/wp\/v2\/posts\/2050\/revisions"}],"predecessor-version":[{"id":2052,"href":"https:\/\/www.chnk.pl\/index.php?rest_route=\/wp\/v2\/posts\/2050\/revisions\/2052"}],"wp:attachment":[{"href":"https:\/\/www.chnk.pl\/index.php?rest_route=%2Fwp%2Fv2%2Fmedia&parent=2050"}],"wp:term":[{"taxonomy":"category","embeddable":true,"href":"https:\/\/www.chnk.pl\/index.php?rest_route=%2Fwp%2Fv2%2Fcategories&post=2050"},{"taxonomy":"post_tag","embeddable":true,"href":"https:\/\/www.chnk.pl\/index.php?rest_route=%2Fwp%2Fv2%2Ftags&post=2050"}],"curies":[{"name":"wp","href":"https:\/\/api.w.org\/{rel}","templated":true}]}}