{"id":2048,"date":"2018-07-14T20:41:36","date_gmt":"2018-07-14T20:41:36","guid":{"rendered":"http:\/\/www.chnk.pl\/?p=2048"},"modified":"2018-07-14T20:41:36","modified_gmt":"2018-07-14T20:41:36","slug":"pielgrzymka-do-chorwacji-medziugorie","status":"publish","type":"post","link":"https:\/\/www.chnk.pl\/?p=2048","title":{"rendered":"Pielgrzymka do Chorwacji Medziugorie"},"content":{"rendered":"<p>Pielgrzymka do Chorwacji Medziugorie<\/p>\n<p>Dzie\u0144 1 &nbsp;&nbsp;&nbsp;&nbsp;&nbsp;&nbsp;&nbsp;&nbsp;&nbsp;&nbsp;&nbsp; 5.00 &#8211; zbi\u00f3rka uczestnik\u00f3w wyjazdu i nast\u0119pnie przejazd do&nbsp;Barda \u015al\u0105skiego. Dalej przejazd na nocleg w okolice Grazu.<\/p>\n<p>Dzie\u0144 2&nbsp;&nbsp;&nbsp;&nbsp;&nbsp;&nbsp;&nbsp;&nbsp;&nbsp;&nbsp;&nbsp; Po noclegu udamy si\u0119 do najwa\u017cniejszego&nbsp;Sanktuarium Maryjnego w Chorwacji, kt\u00f3re znajduje si\u0119 w miejscowo\u015bci Marija Bistrica. Tego dnia udamy si\u0119 r\u00f3wnie\u017c do&nbsp;centrum Zagrzebia.&nbsp;Stolica Chorwacji to blisko milionowe miasto, pi\u0119knie po\u0142o\u017cone na trzech wzg\u00f3rzach. W czasie naszego kr\u00f3tkiego pobytu zobaczymy Stare Miasto, a w nim mi\u0119dzy innymi: Gradec i Kaptol z ko\u015bcio\u0142em \u015bw. Katarzyny, placem \u015bw. Marka i ko\u015bcio\u0142em pod tym samym wezwaniem. Przejdziemy r\u00f3wnie\u017c pod Pa\u0142ac Bana, kt\u00f3ry jest obecnie siedzib\u0119 prezydenta Chorwacji. Nocleg w Zagrzebiu.<\/p>\n<p>Dzie\u0144 3&nbsp;&nbsp;&nbsp;&nbsp;&nbsp;&nbsp;&nbsp;&nbsp;&nbsp;&nbsp;&nbsp; Po \u015bniadaniu wyjazd do&nbsp;Parku Narodowego Plitwickie Jeziora.&nbsp;Na obszarze 19,5 hektar\u00f3w w\u015br\u00f3d lesistych pag\u00f3rk\u00f3w znajduje si\u0119 16 turkusowych jeziorek po\u0142\u0105czonych wodospadami i kaskadami. Po zwiedzeniu parku przejazd na nocleg oraz posi\u0142ek wieczorny do Medziugorie.<\/p>\n<p>Dzie\u0144 4&nbsp;&nbsp;&nbsp;&nbsp;&nbsp;&nbsp;&nbsp;&nbsp;&nbsp;&nbsp;&nbsp;&nbsp;Pobyt w Medziugorie &#8211; \u015awi\u0105tyni Kr\u00f3lowej Pokoju. Medziugorie jest szczeg\u00f3lnym miejscem w dzisiejszym \u015bwiecie. W ci\u0105gu ostatnich 15 lat przyby\u0142o tu oko\u0142o 20 milion\u00f3w pielgrzym\u00f3w z ca\u0142ego \u015bwiata, aby odnale\u017a\u0107 pok\u00f3j, swoje cz\u0142owiecze\u0144stwo i przynale\u017cno\u015b\u0107 do Boga. Po po\u0142udniu&nbsp;przejazd do Mostaru&nbsp;&#8211; miasta odleg\u0142ego od Medziugorie. Miasto zamieszkane jest przez ludno\u015b\u0107 katolick\u0105 z jednej strony Neretwy i muzu\u0142ma\u0144sk\u0105 na przeciwleg\u0142ym brzegu. Stanowi barwn\u0105 mozaik\u0119 narod\u00f3w, kultur i religii. Powr\u00f3t na nocleg do Medziugorie.<\/p>\n<p>Dzie\u0144 5&nbsp;&nbsp;&nbsp;&nbsp;&nbsp;&nbsp;&nbsp;&nbsp;&nbsp;&nbsp;&nbsp; Tego dnia opu\u015bcimy Medziugorie i udamy si\u0119 do miasta nazywanego Per\u0142\u0105 Adriatyku \u2013 Dubrownik to miasto, kt\u00f3re zosta\u0142o za\u0142o\u017cone przesz\u0142o 1300 lat temu przez greckich uciekinier\u00f3w z Epidaurum. Znakomicie zachowane stare miasto, jest unikalne ze wzgl\u0119du na wyk\u0142adane marmurem place, strome, brukowane uliczki, wysokie domy, klasztory, ko\u015bcio\u0142y, pa\u0142ace, fontanny, muzea i przede wszystkim wspaniale zachowane fortyfikacje obronne (wst\u0119p na mury obronne dodatkowo p\u0142atny oko\u0142o 12\u20ac\/os.). Wszystko to b\u0119dziemy mogli zobaczy\u0107 podczas naszego pobytu w Dubrowniku.&nbsp;Przejazd do hotelu po\u0142o\u017conego nad Morzem Adriatyckim.<\/p>\n<p>Dzie\u0144 6&nbsp;&nbsp;&nbsp;&nbsp;&nbsp;&nbsp;&nbsp;&nbsp;&nbsp;&nbsp;&nbsp; Dzie\u0144 w ca\u0142o\u015bci przeznaczony na wypoczynek&nbsp;nad Morzem Adriatyckim.<\/p>\n<p>Dzie\u0144 7&nbsp;&nbsp;&nbsp;&nbsp;&nbsp;&nbsp;&nbsp;&nbsp;&nbsp;&nbsp;&nbsp; Po \u015bniadaniu nast\u0105pi wyjazd do&nbsp;Sanktuarium Maryjnego w Vepric. Historia tego Sanktuarium wi\u0105\u017ce si\u0119 z pierwsz\u0105 narodow\u0105 pielgrzymk\u0105 Chorwat\u00f3w do Lourdes, kt\u00f3ra wyruszy\u0142a w 50-t\u0105 rocznic\u0119 objawie\u0144 maryjnych. Tego dnia udamy si\u0119 r\u00f3wnie\u017c do<\/p>\n<p>Splitu.&nbsp;Miasto to jest najwi\u0119kszym miastem na wybrze\u017cu&nbsp;Dalmacji. Stara cz\u0119\u015b\u0107 zosta\u0142a zbudowana wok\u00f3\u0142 zatoki. Split zyska\u0142 s\u0142aw\u0119 za czas\u00f3w panowania cesarza Dioklecjana w III wieku naszej ery, znanego prze\u015bladowcy pierwszych chrze\u015bcijan. Tutaj w\u0142a\u015bnie mieszcz\u0105 si\u0119 ruiny olbrzymiego pa\u0142acu cesarskiego, w kt\u00f3rym Dioklecjan sp\u0119dzi\u0142 ostatnie chwile swojego \u017cycia. Obecnie w pozosta\u0142o\u015bciach pa\u0142acu mie\u015bci si\u0119 blisko 200 innych budynk\u00f3w.&nbsp;Przejazd na nocleg w okolice Zagrzebia.<\/p>\n<p>Dzie\u0144 8&nbsp;&nbsp;&nbsp;&nbsp;&nbsp;&nbsp;&nbsp;&nbsp;&nbsp;&nbsp;&nbsp; Po \u015bniadaniu nast\u0105pi&nbsp;przejazd do Wiednia.&nbsp;W Stolicy Austrii przejedziemy tak zwanym \u201eMa\u0142ym Ringiem\u201d i odb\u0119dziemy spacer z przewodnikiem po Starym Mie\u015bcie, gdzie znajduje si\u0119 miedzy innymi:&nbsp;Katedra \u015aw. Szczepana, Opera Wiede\u0144ska oraz<br \/>\nHofburg&nbsp;&#8211; rezydencja cesarska. Na nocleg udamy si\u0119 w okolice Brna.<\/p>\n<p>Dzie\u0144 9&nbsp;&nbsp;&nbsp;&nbsp;&nbsp;&nbsp;&nbsp;&nbsp;&nbsp;&nbsp;&nbsp;&nbsp;Przejazd do O\u0142omu\u0144ca, miasta kt\u00f3re od wiek\u00f3w nale\u017ca\u0142o&nbsp; do najbardziej znacz\u0105cych miast kr\u00f3lestwa czeskiego.&nbsp; W mie\u015bcie tym udamy si\u0119 na Rynek, gdzie znajduje si\u0119 najznamienitszy zabytek O\u0142omu\u0144ca \u2013 Kolumna Tr\u00f3jcy Przenaj\u015bwi\u0119tszej. W czasie naszego spaceru po tym pi\u0119knym mie\u015bcie odwiedzimy&nbsp;Kaplic\u0119 \u015bw. Jana Sarkandra&nbsp;wybudowan\u0105 na miejscu dawnego wi\u0119zienia, w kt\u00f3rym w 1620 r. by\u0142 on przetrzymywany i torturowany. Przed udaniem si\u0119 na nocleg w okolice O\u0142omu\u0144ca odwiedzimy jeszcze&nbsp;\u015awi\u0119t\u0105 G\u00f3r\u0119 (Svat\u00fd Kope\u010dek). Monumentalny barokowy kompleks zbudowano w miejscu, gdzie zgodnie z tradycj\u0105 przed o\u0142omunieckim kupcem pojawia\u0142a si\u0119 Matka Boska. Po wyczerpaniu programu wyjazd powrotny na miejsce zbi\u00f3rki z dnia pierwszego.<\/p>\n<p>Cena:&nbsp; 890 PLN + 310 Euro<br \/>\nWarunkiem zapisania si\u0119 na pielgrzymk\u0119 jest dostarczenie wype\u0142nionego zg\u0142oszenia oraz wp\u0142acenie zaliczki w wysoko\u015bci 500 PLN; pozosta\u0142\u0105 kwot\u0119 nale\u017cy wp\u0142aci\u0107 najp\u00f3\u017aniej do 31 dni przed wyjazdem.<br \/>\nTermin wyjazdu: 10-18.09.2018<br \/>\nCena obejmuje:<br \/>\nprzejazdy klimatyzowanym autokarem wyposa\u017conym w wc, barek, dvd,&nbsp;<br \/>\nzakwaterowanie w hotelu *** &#8211; pokoje 2,3 osobowe,<br \/>\n\u015bniadania od 2-go do 9-go dnia oraz obiadokolacje od 2-go do 8-go dnia,<br \/>\nopiek\u0119 pilota i kap\u0142ana,<br \/>\nubezpieczenie KL, NNW, BP oraz sk\u0142adk\u0119 na Turystyczny Fundusz Gwarancyjny.<br \/>\nCena&nbsp;nie&nbsp;obejmuje:<br \/>\nop\u0142at zwi\u0105zanych z realizacj\u0105 programu, lokalnych przewodnik\u00f3w oraz op\u0142aty za zestaw do oprowadzania grup \u2013 p\u0142atne pilotowi w trakcie wyjazdu,(ok. 50\u20ac\/os.)<br \/>\ndop\u0142aty do pokoju 1-os. w wysoko\u015bci 800 PLN\/os. za ca\u0142y wyjazd,<br \/>\nnapoj\u00f3w do obiadokolacji, wydatk\u00f3w osobistych.<br \/>\nUWAGA!<br \/>\ndow\u00f3d osobisty musi by\u0107 wa\u017cny min. 6 miesi\u0119cy od daty powrotu z pielgrzymki,<br \/>\nmsze b\u0119d\u0105 zorganizowane zgodnie z \u017cyczeniem Ksi\u0119dza \u2013 opiekuna pielgrzymki,<br \/>\nuczestnicy mog\u0105 dodatkowo ubezpieczy\u0107 si\u0119 od chor\u00f3b przewlek\u0142ych oraz od koszt\u00f3w rezygnacji z wyjazdu (3% ceny wyjazdu) \u2013 ch\u0119\u0107 dodatkowego ubezpieczenia trzeba przed\u0142o\u017cy\u0107 na pi\u015bmie,<br \/>\nprogram ma charakter ramowy \u2013 kolejno\u015b\u0107 zwiedzania mo\u017ce ulec zmianie,<br \/>\nilo\u015b\u0107 uczestnik\u00f3w jest ograniczona,<br \/>\nceny wst\u0119p\u00f3w mog\u0105 ulec zmianie.<br \/>\nOsoby pragn\u0105ce uczestniczy\u0107 w pielgrzymce prosimy o dokonanie pierwszej wp\u0142aty na konto w Banku Sp\u00f3\u0142dzielczym w \u015amiglu<br \/>\nParafia pw. \u015awi\u0119tego Micha\u0142a Archanio\u0142a w Czaczu,<br \/>\nul. 27 Stycznia 77, 64-030 \u015amigiel numer konta:&nbsp; 89 8667 0003 0001 5684 2000 0020<br \/>\nSpotkanie ch\u0119tnych do udzia\u0142u w pielgrzymce odb\u0119dzie si\u0119 we wtorek 31 lipca 2018 roku o godz. 19.30 w ko\u015bciele w Czaczu.<\/p>\n","protected":false},"excerpt":{"rendered":"<p>Pielgrzymka do Chorwacji Medziugorie Dzie\u0144 1 &nbsp;&nbsp;&nbsp;&nbsp;&nbsp;&nbsp;&nbsp;&nbsp;&nbsp;&nbsp;&nbsp; 5.00 &#8211; zbi\u00f3rka uczestnik\u00f3w wyjazdu i nast\u0119pnie przejazd do&nbsp;Barda \u015al\u0105skiego. Dalej przejazd na nocleg w okolice Grazu. Dzie\u0144 2&nbsp;&nbsp;&nbsp;&nbsp;&nbsp;&nbsp;&nbsp;&nbsp;&nbsp;&nbsp;&nbsp; Po noclegu udamy si\u0119 do najwa\u017cniejszego&nbsp;Sanktuarium Maryjnego w Chorwacji, kt\u00f3re znajduje si\u0119 w miejscowo\u015bci Marija Bistrica. Tego dnia udamy si\u0119 r\u00f3wnie\u017c do&nbsp;centrum Zagrzebia.&nbsp;Stolica Chorwacji to blisko milionowe miasto, pi\u0119knie &#8230; <span class=\"more\"><a class=\"more-link\" href=\"https:\/\/www.chnk.pl\/?p=2048\">czytaj wi\u0119cej<\/a><\/span><\/p>\n","protected":false},"author":3,"featured_media":0,"comment_status":"open","ping_status":"open","sticky":false,"template":"","format":"standard","meta":{"ngg_post_thumbnail":0,"footnotes":""},"categories":[4],"tags":[],"_links":{"self":[{"href":"https:\/\/www.chnk.pl\/index.php?rest_route=\/wp\/v2\/posts\/2048"}],"collection":[{"href":"https:\/\/www.chnk.pl\/index.php?rest_route=\/wp\/v2\/posts"}],"about":[{"href":"https:\/\/www.chnk.pl\/index.php?rest_route=\/wp\/v2\/types\/post"}],"author":[{"embeddable":true,"href":"https:\/\/www.chnk.pl\/index.php?rest_route=\/wp\/v2\/users\/3"}],"replies":[{"embeddable":true,"href":"https:\/\/www.chnk.pl\/index.php?rest_route=%2Fwp%2Fv2%2Fcomments&post=2048"}],"version-history":[{"count":1,"href":"https:\/\/www.chnk.pl\/index.php?rest_route=\/wp\/v2\/posts\/2048\/revisions"}],"predecessor-version":[{"id":2049,"href":"https:\/\/www.chnk.pl\/index.php?rest_route=\/wp\/v2\/posts\/2048\/revisions\/2049"}],"wp:attachment":[{"href":"https:\/\/www.chnk.pl\/index.php?rest_route=%2Fwp%2Fv2%2Fmedia&parent=2048"}],"wp:term":[{"taxonomy":"category","embeddable":true,"href":"https:\/\/www.chnk.pl\/index.php?rest_route=%2Fwp%2Fv2%2Fcategories&post=2048"},{"taxonomy":"post_tag","embeddable":true,"href":"https:\/\/www.chnk.pl\/index.php?rest_route=%2Fwp%2Fv2%2Ftags&post=2048"}],"curies":[{"name":"wp","href":"https:\/\/api.w.org\/{rel}","templated":true}]}}