{"id":2042,"date":"2018-07-07T19:08:27","date_gmt":"2018-07-07T19:08:27","guid":{"rendered":"http:\/\/www.chnk.pl\/?p=2042"},"modified":"2018-07-07T19:08:27","modified_gmt":"2018-07-07T19:08:27","slug":"14-niedziela-zwykla","status":"publish","type":"post","link":"https:\/\/www.chnk.pl\/?p=2042","title":{"rendered":"14 Niedziela Zwyk\u0142a"},"content":{"rendered":"<p>OG\u0141OSZENIA DUSZPASTERSKIE<br \/>\nNIEDZIELA XIV ZWYK\u0141A<br \/>\n8 lipca 2018 r.<br \/>\n1.Kalendarz liturgiczny:<br \/>\nponiedzia\u0142ek \u2013 \u015bw. Augustyna Zhao Rong<br \/>\n\u015broda \u2013 \u015bw. Benedykta opata,<br \/>\nczwartek \u2013 \u015bw. Brunona Bonifacego z Kwerfurtu,<br \/>\npi\u0105tek \u2013 \u015bw. pustelnik\u00f3w Andrzeja \u015awierada i Benedykta,<br \/>\nsobota &#8211; \u015bw. Kamila de Lellis,<br \/>\n2. W niedziel\u0119 15 lipca 2018 r. Krucjata R\u00f3\u017ca\u0144cowa za Ojczyzn\u0119 spotyka si\u0119 po raz 70 -ty na Pokutnym Marszu R\u00f3\u017ca\u0144cowym. W setn\u0105 rocznic\u0119 odzyskania niepodleg\u0142o\u015bci i 141 rocznic\u0119 objawie\u0144 Matki Naj\u015bwi\u0119tszej w Gietrzwa\u0142dzie chcemy modli\u0107 si\u0119 o to by Polska pozosta\u0142a wierna Bogu, Krzy\u017cowi i Ewangelii oraz by\u015bmy odeszli od grzechu i wype\u0142nili Jasnog\u00f3rskie \u015aluby Narodu. Pocz\u0105tek \u2013 msza \u015bw. godz. 12.30 \u2013 ko\u015bci\u00f3\u0142 Bo\u017cego Cia\u0142a. Trasa \u2013 deptak- Fara- \u017bydowska- Szewska-G\u00f3ra Przemys\u0142a. Zako\u0144czenie \u2013 godz.15.30 zawierzeniem u st\u00f3p Matki Bo\u017cej w Cudy Wielmo\u017cnej.<br \/>\n3. Zach\u0119camy do czytania prasy katolickiej. Przy zakrystii: \u201ePrzewodnik Katolicki\u201d( w numerze m.in, o tym na czym powinno polega\u0107 pielgrzymowanie do sanktuari\u00f3w i miejsc \u015bwi\u0119tych oraz o coraz wcze\u015bniejszej inicjacji seksualnej nastolatk\u00f3w). Jest &#8222;Go\u015b\u0107 Niedzielny&#8221; i &#8222;Ma\u0142y Przewodnik Katolicki&#8221; Mi\u0142ujcie si\u0119, Egzorcysta.<br \/>\n4. B\u00f3g zap\u0142a\u0107 za ofiary na doposa\u017canie naszego ko\u015bcio\u0142a oraz za ofiary na Stolic\u0119 \u015awi\u0119t\u0105 z\u0142o\u017cone w uroczysto\u015b\u0107 \u015bw. Aposto\u0142\u00f3w Piotra i Paw\u0142a.<br \/>\n5. Grupa Anonimowych Alkoholik\u00f3w spotyka si\u0119 w ka\u017cdy wtorek o godz. 19.00 i jest otwarta na wszystkich, kt\u00f3rzy szukaj\u0105 pomocy do \u017cycia w trze\u017awo\u015bci.<br \/>\n6. M\u00f3dlmy si\u0119 za zmar\u0142ych parafian. Za dusz\u0119 \u015bp. Ryszarda Wachowiaka, dusz\u0119 \u015bp. Pauliny Nowickiej i dusz\u0119 \u015bp. Bogumi\u0142y Szwarc. Wieczny odpoczynek racz zmar\u0142ym da\u0107 Panie.<br \/>\n&#8230;&#8230;&#8230;&#8230;&#8230;&#8230;&#8230;&#8230;&#8230;&#8230;&#8230;&#8230;&#8230;&#8230;&#8230;&#8230;&#8230;&#8230;&#8230;&#8230;&#8230;&#8230;&#8230;&#8230;&#8230;&#8230;&#8230;&#8230;&#8230;&#8230;&#8230;&#8230;&#8230;&#8230;&#8230;&#8230;&#8230;&#8230;&#8230;&#8230;&#8230;&#8230;&#8230;&#8230;&#8230;..<\/p>\n<p>INFORMACJE STA\u0141E<br \/>\n\/LIPIEC I SIERPIE\u0143\/<br \/>\nA. W lipcu i w sierpniu zmienione godziny odprawiania Mszy \u015bw. w niedziele i dni powszednie oraz zmienione godziny urz\u0119dowania Biura Parafialnego.<br \/>\nW niedziele wakacyjne nie ma mszy \u015bw. o godz. 12.30. W dni powszednie msza \u015bw. o godz. 8.00 w poniedzia\u0142ek, \u015brod\u0119 i pi\u0105tek, a o godz.18.00 we wtorek, czwartek i sobot\u0119.<br \/>\nNowenna do Matki Bo\u017cej Nieustaj\u0105cej Pomocy w \u015brod\u0119 o godz. 8.00. R\u00f3\u017caniec do Matki Bo\u017cej Patronki Dobrej \u015amierci i Nowenna do \u015bw. J\u00f3zefa we wtorek o godz. 17.30<br \/>\nBiuro Parafialne: poniedzia\u0142ek godz. 9.00 do 10.30, czwartek godz. 16.00 do 17.30 i sobota godz. 19.00 do 20.00. Sprawy pilne prosimy za\u0142atwia\u0107 w godzinach zbli\u017conych do godziny odprawiania mszy \u015bw.<br \/>\nB. Msza \u015bw. niedzielna w godzinach p\u00f3\u017aniejszych w najbli\u017cszych parafiach: Parafia Pierwszych Polskich M\u0119czennik\u00f3w, os. Tysi\u0105clecia &#8211; godz. 20.00 i Parafia \u015bw. \u0141ukasza, os. Rusa &#8211; godz. 20.30<br \/>\nC. Prosimy o podawanie intencji mszalnych, uprzednio zarezerwowanych, na lipiec i sierpie\u0144. Mo\u017cna to uczyni\u0107 w niedziel\u0119, po Mszy \u015bw., w zakrystii.<br \/>\nD. Spowied\u017a \u015bw. p\u00f3\u0142 godziny przed Msz\u0105 \u015bw. i w sobot\u0119 od godz. 16.00-18.00.<\/p>\n","protected":false},"excerpt":{"rendered":"<p>OG\u0141OSZENIA DUSZPASTERSKIE NIEDZIELA XIV ZWYK\u0141A 8 lipca 2018 r. 1.Kalendarz liturgiczny: poniedzia\u0142ek \u2013 \u015bw. Augustyna Zhao Rong \u015broda \u2013 \u015bw. Benedykta opata, czwartek \u2013 \u015bw. Brunona Bonifacego z Kwerfurtu, pi\u0105tek \u2013 \u015bw. pustelnik\u00f3w Andrzeja \u015awierada i Benedykta, sobota &#8211; \u015bw. Kamila de Lellis, 2. W niedziel\u0119 15 lipca 2018 r. Krucjata R\u00f3\u017ca\u0144cowa za Ojczyzn\u0119 spotyka &#8230; <span class=\"more\"><a class=\"more-link\" href=\"https:\/\/www.chnk.pl\/?p=2042\">czytaj wi\u0119cej<\/a><\/span><\/p>\n","protected":false},"author":3,"featured_media":0,"comment_status":"open","ping_status":"open","sticky":false,"template":"","format":"standard","meta":{"ngg_post_thumbnail":0,"footnotes":""},"categories":[4,3],"tags":[],"_links":{"self":[{"href":"https:\/\/www.chnk.pl\/index.php?rest_route=\/wp\/v2\/posts\/2042"}],"collection":[{"href":"https:\/\/www.chnk.pl\/index.php?rest_route=\/wp\/v2\/posts"}],"about":[{"href":"https:\/\/www.chnk.pl\/index.php?rest_route=\/wp\/v2\/types\/post"}],"author":[{"embeddable":true,"href":"https:\/\/www.chnk.pl\/index.php?rest_route=\/wp\/v2\/users\/3"}],"replies":[{"embeddable":true,"href":"https:\/\/www.chnk.pl\/index.php?rest_route=%2Fwp%2Fv2%2Fcomments&post=2042"}],"version-history":[{"count":1,"href":"https:\/\/www.chnk.pl\/index.php?rest_route=\/wp\/v2\/posts\/2042\/revisions"}],"predecessor-version":[{"id":2043,"href":"https:\/\/www.chnk.pl\/index.php?rest_route=\/wp\/v2\/posts\/2042\/revisions\/2043"}],"wp:attachment":[{"href":"https:\/\/www.chnk.pl\/index.php?rest_route=%2Fwp%2Fv2%2Fmedia&parent=2042"}],"wp:term":[{"taxonomy":"category","embeddable":true,"href":"https:\/\/www.chnk.pl\/index.php?rest_route=%2Fwp%2Fv2%2Fcategories&post=2042"},{"taxonomy":"post_tag","embeddable":true,"href":"https:\/\/www.chnk.pl\/index.php?rest_route=%2Fwp%2Fv2%2Ftags&post=2042"}],"curies":[{"name":"wp","href":"https:\/\/api.w.org\/{rel}","templated":true}]}}