{"id":2036,"date":"2018-07-01T11:22:08","date_gmt":"2018-07-01T11:22:08","guid":{"rendered":"http:\/\/www.chnk.pl\/?p=2036"},"modified":"2018-07-01T11:23:12","modified_gmt":"2018-07-01T11:23:12","slug":"13-niedziela-zwykla","status":"publish","type":"post","link":"https:\/\/www.chnk.pl\/?p=2036","title":{"rendered":"13 Niedziela Zwyk\u0142a"},"content":{"rendered":"<p>OG\u0141OSZENIA DUSZPASTERSKIE<br \/>\nNIEDZIELA XIII ZWYK\u0141A<br \/>\n1 lipca 2018 r.<\/p>\n<p>1.Kalendarz liturgiczny:<br \/>\nwtorek \u2013 \u015bw. Tomasza aposto\u0142a,<br \/>\n\u015broda \u2013 \u015bw. El\u017cbiety Portugalskiej,<br \/>\nczwartek \u2013 \u015bw. Antoniego Zaccarii,<br \/>\npi\u0105tek \u2013 b\u0142. Marii Teresy Led\u00f3chowskiej.<\/p>\n<p>2. W lipcu i sierpniu (plan og\u00f3lny) zmienione godziny odprawiania Mszy \u015bw. w dni powszednie i niedziele oraz zmienione godziny urz\u0119dowania Biura Parafialnego. W niedziele wakacyjne nie ma mszy \u015bw. o godz. 12.30. Msza \u015bw. o godz. 8.00: w poniedzia\u0142ki, \u015brody i pi\u0105tki, a o godz.18.00 we wtorki, czwartki i soboty. Nowenna do Matki Bo\u017cej Nieustaj\u0105cej Pomocy w \u015brod\u0119 o godz. 8.00. R\u00f3\u017caniec do Matki Bo\u017cej Patronki Dobrej \u015amierci i Nowenna do \u015bw. J\u00f3zefa we wtorek o godz. 17.30. Biuro Parafialne: poniedzia\u0142ek godz. 9.00 do 10.30, czwartek godz. 16.00 do 17.30, sobota godz. 19.00 do 20.00. Spowied\u017a \u015bw. p\u00f3\u0142 godziny przed Msz\u0105 \u015bw. i w sobot\u0119 od godz. 16.00 -18.00.<\/p>\n<p>3. W tym tygodniu: I czwartek i I pi\u0105tek i I sobota miesi\u0105ca. W zwi\u0105zku z tym w czwartek adoracja Naj\u015bwi\u0119tszego Sakramentu: od godz. 17.00 do 18.00. Uczestnicz\u0105cych w duchowej adopcji zapraszamy na r\u00f3\u017caniec o godz. 17.15 w intencji obrony \u017cycia. Po Mszy \u015bw. wieczornej adoracja do godz. 21.00 w intencji nowych powo\u0142a\u0144 kap\u0142a\u0144skich i zakonnych. W pi\u0105tek msza \u015bw. o godz. 8.00 i 18.00. Spowied\u017a \u015bw. w pi\u0105tek od godz. 15.00 do 18.00, w sobot\u0119 od godz. 16.00 do 18.00. W sobot\u0119 r\u00f3\u017caniec z rozwa\u017caniami fatimskimi o godz. 7.15, msza \u015bw. o godz. 8.00 i zawierzenie Niepokalanemu Sercu Matki Bo\u017cej. Odwiedziny chorych z sakramentami \u015bw. w pi\u0105tek i sobot\u0119 wed\u0142ug sta\u0142ego planu. Nowe zg\u0142oszenia w zakrystii.<\/p>\n<p>4. Jak ka\u017cdego roku, 6 lipca o godzinie 8:00 w Bazylice Archikatedralnej w Poznaniu Ksi\u0105dz Arcybiskup Stanis\u0142aw G\u0105decki Metropolita Pozna\u0144ski odprawi Msz\u0119 \u015awi\u0119t\u0105, po zako\u0144czeniu kt\u00f3rej nast\u0105pi wyj\u015bcie na tras\u0119 Pozna\u0144skiej Pieszej Pielgrzymki na Jasn\u0105 G\u00f3r\u0119, kt\u00f3rej w tym roku towarzyszy has\u0142o: \u201ePozna\u0144. Chrystus i my\u201d.Mo\u017cna jeszcze dokona\u0107 zapis\u00f3w i wzi\u0105\u0107 udzia\u0142 w Pozna\u0144skiej Pieszej Pielgrzymce na Jasn\u0105 G\u00f3r\u0119, formularz zg\u0142oszeniowy znajduje si\u0119 na stronie internetowej: ppp.archpoznan.pl. Zach\u0119cajmy, zw\u0142aszcza m\u0142odzie\u017c do udzia\u0142u w pieszym pielgrzymowaniu.<\/p>\n<p>5. Archidiecezja Pozna\u0144ska organizuje kolejn\u0105 Archidiecezjaln\u0105 pielgrzymk\u0119 tym razem piesz\u0105 do Santiago de Compostela, w dniach od&nbsp;26.04 do 7.05 2019 roku. Informacja o pielgrzymce oraz formularz zg\u0142oszeniowy dost\u0119pny jest na stronie Archidiecezji www.archpoznan.pl. w zak\u0142adce Duszpasterstwo, Pielgrzymki.<\/p>\n<p>6. Zach\u0119camy do czytania prasy katolickiej. Przy zakrystii: Przewodnik Katolicki, Go\u015b\u0107 Niedzielny, Ma\u0142y Przewodnik Katolicki.<\/p>\n<p>7. B\u00f3g zap\u0142a\u0107 parafianom, za udzia\u0142 w uroczysto\u015bciach jubileuszowych 1050-lecia Pierwszego Biskupstwa w Polsce. B\u00f3g zap\u0142a\u0107 za ofiary na KUL i Wydzia\u0142 Teologiczny, oraz doposa\u017canie ko\u015bcio\u0142a.<\/p>\n<p>LIPIEC I SIERPIE\u0143<\/p>\n<p>W niedziele wakacyjne nie ma mszy \u015bw. o godz. 12.30.<\/p>\n<p>W dni powszednie<br \/>\nMsza \u015bw. o godz. 8.00 w poniedzia\u0142ek, \u015brod\u0119 i pi\u0105tek<br \/>\no godz.18.00 we wtorek, czwartek i sobot\u0119.<br \/>\nNowenna do Matki Bo\u017cej Nieustaj\u0105cej Pomocy w \u015brod\u0119 o godz. 8.00.<br \/>\nR\u00f3\u017caniec do Matki Bo\u017cej Patronki Dobrej \u015amierci i Nowenna do \u015bw. J\u00f3zefa we wtorek o godz. 17.30.<\/p>\n<p>Biuro Parafialne: poniedzia\u0142ek godz. 9.00 do 10.30,<br \/>\nczwartek godz. 16.00 do 17.30,<br \/>\nsobota godz. 19.00 do 20.00.<br \/>\nSpowied\u017a \u015bw. p\u00f3\u0142 godziny przed msz\u0105 \u015bw. i w sobot\u0119 od godz. 16.00 -18.00.<\/p>\n<p>Msza \u015bw. niedzielna w godzinach p\u00f3\u017aniejszych w najbli\u017cszych parafiach.<br \/>\nParafia Pierwszych Polskich M\u0119czennik\u00f3w, os. Tysi\u0105clecia &#8211; godz. 20.00,<br \/>\nParafia \u015bw. \u0141ukasza, os. Rusa &#8211; godz. 20.30<\/p>\n","protected":false},"excerpt":{"rendered":"<p>OG\u0141OSZENIA DUSZPASTERSKIE NIEDZIELA XIII ZWYK\u0141A 1 lipca 2018 r. 1.Kalendarz liturgiczny: wtorek \u2013 \u015bw. Tomasza aposto\u0142a, \u015broda \u2013 \u015bw. El\u017cbiety Portugalskiej, czwartek \u2013 \u015bw. Antoniego Zaccarii, pi\u0105tek \u2013 b\u0142. Marii Teresy Led\u00f3chowskiej. 2. W lipcu i sierpniu (plan og\u00f3lny) zmienione godziny odprawiania Mszy \u015bw. w dni powszednie i niedziele oraz zmienione godziny urz\u0119dowania Biura Parafialnego. &#8230; <span class=\"more\"><a class=\"more-link\" href=\"https:\/\/www.chnk.pl\/?p=2036\">czytaj wi\u0119cej<\/a><\/span><\/p>\n","protected":false},"author":3,"featured_media":0,"comment_status":"open","ping_status":"open","sticky":false,"template":"","format":"standard","meta":{"ngg_post_thumbnail":0,"footnotes":""},"categories":[4,3],"tags":[],"_links":{"self":[{"href":"https:\/\/www.chnk.pl\/index.php?rest_route=\/wp\/v2\/posts\/2036"}],"collection":[{"href":"https:\/\/www.chnk.pl\/index.php?rest_route=\/wp\/v2\/posts"}],"about":[{"href":"https:\/\/www.chnk.pl\/index.php?rest_route=\/wp\/v2\/types\/post"}],"author":[{"embeddable":true,"href":"https:\/\/www.chnk.pl\/index.php?rest_route=\/wp\/v2\/users\/3"}],"replies":[{"embeddable":true,"href":"https:\/\/www.chnk.pl\/index.php?rest_route=%2Fwp%2Fv2%2Fcomments&post=2036"}],"version-history":[{"count":1,"href":"https:\/\/www.chnk.pl\/index.php?rest_route=\/wp\/v2\/posts\/2036\/revisions"}],"predecessor-version":[{"id":2037,"href":"https:\/\/www.chnk.pl\/index.php?rest_route=\/wp\/v2\/posts\/2036\/revisions\/2037"}],"wp:attachment":[{"href":"https:\/\/www.chnk.pl\/index.php?rest_route=%2Fwp%2Fv2%2Fmedia&parent=2036"}],"wp:term":[{"taxonomy":"category","embeddable":true,"href":"https:\/\/www.chnk.pl\/index.php?rest_route=%2Fwp%2Fv2%2Fcategories&post=2036"},{"taxonomy":"post_tag","embeddable":true,"href":"https:\/\/www.chnk.pl\/index.php?rest_route=%2Fwp%2Fv2%2Ftags&post=2036"}],"curies":[{"name":"wp","href":"https:\/\/api.w.org\/{rel}","templated":true}]}}