{"id":2034,"date":"2018-06-23T19:34:16","date_gmt":"2018-06-23T19:34:16","guid":{"rendered":"http:\/\/www.chnk.pl\/?p=2034"},"modified":"2018-06-23T19:34:16","modified_gmt":"2018-06-23T19:34:16","slug":"archidiecezjalna-pielgrzymka-do-matki-bozej-fatimskiej-i-sw-jakuba-apostola-camino-de-santiago","status":"publish","type":"post","link":"https:\/\/www.chnk.pl\/?p=2034","title":{"rendered":"ARCHIDIECEZJALNA PIELGRZYMKA DO  MATKI BO\u017bEJ FATIMSKIEJ I \u015aW. JAKUBA APOSTO\u0141A CAMINO DE SANTIAGO"},"content":{"rendered":"<p style=\"text-align: center;\">ARCHIDIECEZJALNA PIELGRZYMKA DO<br \/>\nMATKI BO\u017bEJ FATIMSKIEJ I \u015aW. JAKUBA APOSTO\u0141A CAMINO DE SANTIAGO<br \/>\n26 kwietnia \u2013 7 maja 2019 roku<\/p>\n<p>I DZIE\u0143 \u2013 WARSZAWA \u2013 LIZBONA<br \/>\nPrzelot na trasie Warszaw \u2013 Lizbona. Nocleg w Fatimie.<\/p>\n<p>II DZIE\u0143 \u2013 FATIMA<br \/>\nZapoznanie z histori\u0105 objawie\u0144 NMP z 1917 r. Nawiedzenie Sanktuarium i miejsc zwi\u0105zanych z&nbsp;objawieniami w Valinhos, Loca da Cabeco i Aljustrel. Droga Krzy\u017cowa. Czas wolny. Udzia\u0142 w wieczornej procesji r\u00f3\u017ca\u0144cowej. Nocleg w Fatimie.<\/p>\n<p>III DZIE\u0143 \u2013 NAZARE \u2013 BRAGA<br \/>\nNazare \u2013 sanktuarium NMP Nazareta\u0144skiej z \u0142askami s\u0142yn\u0105c\u0105 figur\u0105. Po po\u0142udniu kr\u00f3tki wypoczynek nad Oceanem. Nocleg w ok. Bragi.<\/p>\n<p>IV DZIE\u0143 \u2013 TUI \u2013 O PORRINO (13 KM)<br \/>\nWyjazd na szlak \u015bw. Jakuba. Rozpocz\u0119cie pielgrzymki pieszej. Odcinek: Tui \u2013 O Porrino. Nocleg.<\/p>\n<p>V DZIE\u0143 \u2013 O PORRINO \u2013 ARCADE (23 KM)<br \/>\nOdcinek: O Porrino \u2013 Arcade. Nocleg.<\/p>\n<p>VI DZIE\u0143 \u2013 ARCADE \u2013 PONTEVEDRA (12 KM)<br \/>\nOdcinek: Arcade \u2013 Pontevedra. Nocleg.<\/p>\n<p>VII DZIE\u0143 \u2013 PONTEVEDRA \u2013 CALDAS DE REI (22&nbsp;KM)<br \/>\nOdcinek: Pontevedra \u2013 Caldas de Rei. Nocleg.<\/p>\n<p>VIII DZIE\u0143 \u2013 CALDAS DE REI \u2013 PADRON (17 KM)<br \/>\nOdcinek: Caldas de Rei \u2013 Padron. Nocleg.<\/p>\n<p>IX DZIE\u0143 \u2013 PADRON \u2013 MONTE DE GOZO (25 KM)<br \/>\nOdcinek: Padron \u2013 Monte de Gozo. Nocleg.<\/p>\n<p>X DZIE\u0143 \u2013 MONTE DE GOZO \u2013 SANTIAGO DE COMPOSTELA (5 KM)<br \/>\nMonte de Gozo \u2013 Santiago de Compostela. Msza \u015aw. Pielgrzym\u00f3w. Czas na indywidualn\u0105 modlitw\u0119. Nocleg.<\/p>\n<p>XI DZIE\u0143 \u2013 SANTIAGO DE COMPOSTELA \u2013 PORTO \u2013 LIZBONA<br \/>\nPorto \u2013 katedra, rejs po rzece Douro, wizyta w jednej z&nbsp;piwnic Villa Nova de Gaia \u2013 degustacja wina Porto. Nocleg w Lizbonie.<\/p>\n<p>XII DZIE\u0143 \u2013 LIZBONA<br \/>\nLizbona \u2013 ko\u015bci\u00f3\u0142 \u015bw. Antoniego. Przelot na trasie Lizbona \u2013 Polska.<br \/>\n.<\/p>\n<p>Podstawowe informacje<\/p>\n<p>1. Termin od 26 kwietnia (wylot i przylot z Warszawy) do 7 maja 2019 r. Wsp\u00f3lny wyjazd autokarem z&nbsp;Poznania do Warszawy.<\/p>\n<p>2. Ka\u017cdego dnia po zako\u0144czeniu odcinka pieszego grupa podjedzie autokarem do hotelu na obiadokolacj\u0119, nocleg i \u015bniadanie a po \u015bniadaniu kierowca zawiezie pielgrzym\u00f3w na pocz\u0105tek odcinka pieszego.<\/p>\n<p>3. Cena 830 euro i 2100 z\u0142. W tej cenie s\u0105 wliczone:<br \/>\nwszystkie op\u0142aty i bilety wst\u0119pu do zwiedzanych obiekt\u00f3w;<br \/>\nprzelot na trasie Warszawa \u2013 Lizbona \u2013 Warszawa oraz przejazdy autokarem wed\u0142ug programu\/autokar do dyspozycji grupy tak\u017ce w czasie pieszej cz\u0119\u015bci pielgrzymki\/;<br \/>\n11 nocleg\u00f3w w hotelach 3*\/4*\/pokoje dwuosobowe, dop\u0142ata do pokoju jednoosobowego 320 EUR\/<br \/>\nwy\u017cywienie 2 razy dziennie \/\u015bniadanie, obiadokolacja\/;<br \/>\nopiek\u0119 pilota\/ przewodnika, opiek\u0119 duchow\u0105 kap\u0142ana;<br \/>\nubezpieczenie KL i NNW \/zawiera ubezpieczenie od chor\u00f3b przewlek\u0142ych\/<\/p>\n<p>4. Zg\u0142oszenia na pielgrzymk\u0119 mo\u017cna dokona\u0107 w Kurii Metropolitalnej u Ksi\u0119dza Kanclerza tel. 61\/851-28-00 lub (601) 772-833. Pro\u015bba o wst\u0119pne zg\u0142aszanie liczby uczestnik\u00f3w do ko\u0144ca roku 2018.<\/p>\n<p>5. Przy zg\u0142oszeniu trzeba poda\u0107 nast\u0119puj\u0105ce dane:<br \/>\nimi\u0119 i nazwisko oraz data i miejsce urodzenia;<br \/>\nadres zamieszkania z kodem pocztowym oraz telefon kontaktowy;<br \/>\nnumer i seria dokumentu to\u017csamo\u015bci (dow\u00f3d osobisty lub paszport) oraz termin wa\u017cno\u015bci;<br \/>\nwp\u0142ata 500 z\u0142<\/p>\n<p>6. Pielgrzymk\u0119 obs\u0142uguje Biuro Pielgrzymkowo-Turystyczne Ad Astra z Ornontowic.<\/p>\n<p>7. Informacja o pielgrzymce oraz formularz zg\u0142oszeniowy dost\u0119pny jest na stronie Archidiecezji www.archpoznan.pl. w zak\u0142adce Duszpasterstwo, Pielgrzymki.<\/p>\n","protected":false},"excerpt":{"rendered":"<p>ARCHIDIECEZJALNA PIELGRZYMKA DO MATKI BO\u017bEJ FATIMSKIEJ I \u015aW. JAKUBA APOSTO\u0141A CAMINO DE SANTIAGO 26 kwietnia \u2013 7 maja 2019 roku I DZIE\u0143 \u2013 WARSZAWA \u2013 LIZBONA Przelot na trasie Warszaw \u2013 Lizbona. Nocleg w Fatimie. II DZIE\u0143 \u2013 FATIMA Zapoznanie z histori\u0105 objawie\u0144 NMP z 1917 r. Nawiedzenie Sanktuarium i miejsc zwi\u0105zanych z&nbsp;objawieniami w Valinhos, &#8230; <span class=\"more\"><a class=\"more-link\" href=\"https:\/\/www.chnk.pl\/?p=2034\">czytaj wi\u0119cej<\/a><\/span><\/p>\n","protected":false},"author":3,"featured_media":0,"comment_status":"open","ping_status":"open","sticky":false,"template":"","format":"standard","meta":{"ngg_post_thumbnail":0,"footnotes":""},"categories":[4],"tags":[],"_links":{"self":[{"href":"https:\/\/www.chnk.pl\/index.php?rest_route=\/wp\/v2\/posts\/2034"}],"collection":[{"href":"https:\/\/www.chnk.pl\/index.php?rest_route=\/wp\/v2\/posts"}],"about":[{"href":"https:\/\/www.chnk.pl\/index.php?rest_route=\/wp\/v2\/types\/post"}],"author":[{"embeddable":true,"href":"https:\/\/www.chnk.pl\/index.php?rest_route=\/wp\/v2\/users\/3"}],"replies":[{"embeddable":true,"href":"https:\/\/www.chnk.pl\/index.php?rest_route=%2Fwp%2Fv2%2Fcomments&post=2034"}],"version-history":[{"count":1,"href":"https:\/\/www.chnk.pl\/index.php?rest_route=\/wp\/v2\/posts\/2034\/revisions"}],"predecessor-version":[{"id":2035,"href":"https:\/\/www.chnk.pl\/index.php?rest_route=\/wp\/v2\/posts\/2034\/revisions\/2035"}],"wp:attachment":[{"href":"https:\/\/www.chnk.pl\/index.php?rest_route=%2Fwp%2Fv2%2Fmedia&parent=2034"}],"wp:term":[{"taxonomy":"category","embeddable":true,"href":"https:\/\/www.chnk.pl\/index.php?rest_route=%2Fwp%2Fv2%2Fcategories&post=2034"},{"taxonomy":"post_tag","embeddable":true,"href":"https:\/\/www.chnk.pl\/index.php?rest_route=%2Fwp%2Fv2%2Ftags&post=2034"}],"curies":[{"name":"wp","href":"https:\/\/api.w.org\/{rel}","templated":true}]}}