{"id":2031,"date":"2018-06-23T19:30:39","date_gmt":"2018-06-23T19:30:39","guid":{"rendered":"http:\/\/www.chnk.pl\/?p=2031"},"modified":"2018-06-23T19:30:56","modified_gmt":"2018-06-23T19:30:56","slug":"12-niedziela-zwykla","status":"publish","type":"post","link":"https:\/\/www.chnk.pl\/?p=2031","title":{"rendered":"12 Niedziela Zwyk\u0142a"},"content":{"rendered":"<p>OG\u0141OSZENIA DUSZPASTERSKIE<br \/>\nNIEDZIELA XII ZWYK\u0141A<br \/>\n24 czerwca 2018 r.<br \/>\n1. Kalendarz liturgiczny:<br \/>\nponiedzia\u0142ek \u2013 NMP \u015awi\u0119tog\u00f3rskiej z Gostynia,<br \/>\nwtorek &#8211; \u015bw. Zygmunta Gorazdowskiego,<br \/>\n\u015broda \u2013 \u015bw. Cyryla Aleksandryjskiego,<br \/>\nczwartek \u2013 \u015bw. Ireneusza,<br \/>\npi\u0105tek \u2013 \u015bw. Aposto\u0142\u00f3w Piotra i Paw\u0142a,<br \/>\nsobota \u2013 \u015bw. Pierwszych M\u0119czennik\u00f3w Ko\u015bcio\u0142a Rzymskiego.<br \/>\n2. We wtorek, po porannej mszy \u015bw. spotkanie katechetyczne dla doros\u0142ych w salce parafialnej, wej\u015bcie z dziedzi\u0144ca.<br \/>\n3. W najbli\u017csz\u0105 \u015brod\u0119, po wieczornej Nowennie do Matki Bo\u017cej Nieustaj\u0105cej Pomocy, zapraszamy na spotkanie wsp\u00f3lnot r\u00f3\u017ca\u0144cowych.<br \/>\n4. W czwartek na mszy \u015bw. o godz. 19.00 zako\u0144czymy wsp\u00f3lnie rok duszpasterski w naszej parafii. Po mszy \u015bw. b\u0119dzie adoracja z modlitw\u0105 o uzdrowienie i uwielbienia. Zapraszamy wszystkich parafian, w spos\u00f3b szczeg\u00f3lny osoby zaanga\u017cowane w dzia\u0142alno\u015b\u0107 grup duszpasterskich naszej parafii.<br \/>\n5. Wyjazd dzieci do G\u0142ucho\u0142az rozpocznie si\u0119 w sobot\u0119, 30 czerwca o godz. 9.00 msz\u0105 \u015bw. w naszym ko\u015bciele.<br \/>\n6. W lipcu i sierpniu zmienione godziny odprawiania Mszy \u015bw. w niedziele i dni powszednie oraz zmienione godziny urz\u0119dowania Biura Parafialnego. W niedziele wakacyjne nie ma mszy \u015bw. o godz. 12.30. Msza \u015bw. o godz. 8.00: w poniedzia\u0142ki, \u015brody i pi\u0105tki, a o godz.18.00 we wtorki, czwartki i soboty. Nowenna do Matki Bo\u017cej Nieustaj\u0105cej Pomocy w \u015brod\u0119 o godz. 8.00. R\u00f3\u017caniec do Matki Bo\u017cej Patronki Dobrej \u015amierci i Nowenna do \u015bw. J\u00f3zefa we wtorek o godz. 17.30. Biuro Parafialne: poniedzia\u0142ek godz. 9.00 do 10.30, czwartek godz. 16.00 do 17.30, sobota godz. 19.00 do 20.00. Spowied\u017a \u015bw. p\u00f3\u0142 godziny przed msz\u0105 \u015bw. i w sobot\u0119 od godz. 16.00 -18.00.<br \/>\n7. Uroczysto\u015b\u0107 \u015awi\u0119tych Aposto\u0142\u00f3w Piotra i Paw\u0142a, Patron\u00f3w Bazyliki Archikatedralnej w Poznaniu celebrowana b\u0119dzie w dniach 28 i 29 czerwca br.( czwartek i pi\u0105tek). W Wigili\u0119 uroczysto\u015bci odpustowej, 28 czerwca o godz. 1900, zostan\u0105 odprawione Pierwsze Nieszpory pod przewodnictwem Ksi\u0119dza Arcybiskupa Metropolity Pozna\u0144skiego Stanis\u0142awa G\u0105deckiego. W uroczysto\u015b\u0107 \u015awi\u0119tych Aposto\u0142\u00f3w Piotra i Paw\u0142a w dniu 29 czerwca suma odpustowa b\u0119dzie odprawiona o godz. 1000. Zapraszamy serdecznie wszystkich na uroczysto\u015bci do \u015bwi\u0105tyni, kt\u00f3ra nazywana jest tradycyjnie \u201eMatk\u0105 Ko\u015bcio\u0142\u00f3w diecezji\u201d. W naszej parafii msza \u015bw. o godz. 8.00 i 18.00. W tm dniu nie obowi\u0105zuje post, a podczas mszy \u015bw. mo\u017cliwo\u015b\u0107 z\u0142o\u017cenia ofiary na Stolic\u0119 Apostolsk\u0105. W sanktuarium Franciszkan\u00f3w na Wzg\u00f3rzu Przemys\u0142a, w pi\u0105tek, 29 czerwca o godz. 19.00 msza \u015bw. dzi\u0119kczynna i ponowienie Aktu Zawierzenia Miasta Pani Poznania.<br \/>\n8. B\u00f3g zap\u0142a\u0107 za ofiary na doposa\u017canie naszego ko\u015bcio\u0142a, za ofiary na KUL i nasz Wydzia\u0142 Teologiczny.<br \/>\n9. Zach\u0119camy do czytania prasy katolickiej. Przy zakrystii: \u201ePrzewodnik Katolicki\u201d, ,, Ziarno\u201d, \u201eMi\u0142ujcie si\u0119\u201d, gazetka parafialna (ostatnia przed wakacjami).<br \/>\n10. M\u00f3dlmy si\u0119 za zmar\u0142ych parafian. Za dusz\u0119 \u015bp. Urszuli Krupskiej. Wieczny odpoczynek racz zmar\u0142ym da\u0107 Panie.<\/p>\n","protected":false},"excerpt":{"rendered":"<p>OG\u0141OSZENIA DUSZPASTERSKIE NIEDZIELA XII ZWYK\u0141A 24 czerwca 2018 r. 1. Kalendarz liturgiczny: poniedzia\u0142ek \u2013 NMP \u015awi\u0119tog\u00f3rskiej z Gostynia, wtorek &#8211; \u015bw. Zygmunta Gorazdowskiego, \u015broda \u2013 \u015bw. Cyryla Aleksandryjskiego, czwartek \u2013 \u015bw. Ireneusza, pi\u0105tek \u2013 \u015bw. Aposto\u0142\u00f3w Piotra i Paw\u0142a, sobota \u2013 \u015bw. Pierwszych M\u0119czennik\u00f3w Ko\u015bcio\u0142a Rzymskiego. 2. We wtorek, po porannej mszy \u015bw. spotkanie katechetyczne &#8230; <span class=\"more\"><a class=\"more-link\" href=\"https:\/\/www.chnk.pl\/?p=2031\">czytaj wi\u0119cej<\/a><\/span><\/p>\n","protected":false},"author":3,"featured_media":0,"comment_status":"open","ping_status":"open","sticky":false,"template":"","format":"standard","meta":{"ngg_post_thumbnail":0,"footnotes":""},"categories":[4,3],"tags":[],"_links":{"self":[{"href":"https:\/\/www.chnk.pl\/index.php?rest_route=\/wp\/v2\/posts\/2031"}],"collection":[{"href":"https:\/\/www.chnk.pl\/index.php?rest_route=\/wp\/v2\/posts"}],"about":[{"href":"https:\/\/www.chnk.pl\/index.php?rest_route=\/wp\/v2\/types\/post"}],"author":[{"embeddable":true,"href":"https:\/\/www.chnk.pl\/index.php?rest_route=\/wp\/v2\/users\/3"}],"replies":[{"embeddable":true,"href":"https:\/\/www.chnk.pl\/index.php?rest_route=%2Fwp%2Fv2%2Fcomments&post=2031"}],"version-history":[{"count":1,"href":"https:\/\/www.chnk.pl\/index.php?rest_route=\/wp\/v2\/posts\/2031\/revisions"}],"predecessor-version":[{"id":2032,"href":"https:\/\/www.chnk.pl\/index.php?rest_route=\/wp\/v2\/posts\/2031\/revisions\/2032"}],"wp:attachment":[{"href":"https:\/\/www.chnk.pl\/index.php?rest_route=%2Fwp%2Fv2%2Fmedia&parent=2031"}],"wp:term":[{"taxonomy":"category","embeddable":true,"href":"https:\/\/www.chnk.pl\/index.php?rest_route=%2Fwp%2Fv2%2Fcategories&post=2031"},{"taxonomy":"post_tag","embeddable":true,"href":"https:\/\/www.chnk.pl\/index.php?rest_route=%2Fwp%2Fv2%2Ftags&post=2031"}],"curies":[{"name":"wp","href":"https:\/\/api.w.org\/{rel}","templated":true}]}}