{"id":2028,"date":"2018-06-16T18:28:05","date_gmt":"2018-06-16T18:28:05","guid":{"rendered":"http:\/\/www.chnk.pl\/?p=2028"},"modified":"2018-06-16T18:28:05","modified_gmt":"2018-06-16T18:28:05","slug":"11-niedziela-zwykla","status":"publish","type":"post","link":"https:\/\/www.chnk.pl\/?p=2028","title":{"rendered":"11 Niedziela Zwyk\u0142a"},"content":{"rendered":"<p style=\"text-align: center;\" align=\"center\"><span style=\"font-size: x-large;\"><b>OG\u0141OSZENIA DUSZPASTERSKIE <\/b><\/span><\/p>\n<p style=\"text-align: left;\" align=\"right\"><span style=\"font-size: large;\"><b>NIEDZIELA XI ZWYK\u0141A<\/b><\/span><\/p>\n<p style=\"text-align: left;\" align=\"right\"><span style=\"font-size: large;\"><b>17 czerwca 2018 r.<\/b><\/span><\/p>\n<p align=\"center\"><span style=\"color: #000000;\"><span style=\"font-size: large;\"><span lang=\"pl-PL\"><b>1. <\/b><\/span><\/span><\/span><span style=\"color: #000000;\"><span style=\"font-size: x-large;\"><span lang=\"pl-PL\"><b>W tym tygodniu g\u0142\u00f3wne obchody jubileuszowe 1050-lecia biskupstwa w Poznaniu.<\/b><\/span><\/span><\/span><\/p>\n<p align=\"justify\"><span style=\"color: #000000;\"><span style=\"font-size: large;\"><span lang=\"pl-PL\"><b>W pi\u0105tek, 22 czerwca,<\/b><\/span><\/span><\/span><span style=\"color: #000000;\"><span style=\"font-size: large;\"><span lang=\"pl-PL\"> \u015bwi\u0119towanie z Matk\u0105 Bo\u017c\u0105 w Cudy Wielmo\u017cn\u0105 Pani\u0105 Poznania. O godz. 17.00 procesja z cudownym obrazem z sanktuarium na Wzg\u00f3rzu Przemys\u0142a do fary gdzie o godz. 18.00 msza \u015bw. pod przewodnictwem prymasa Polski abpa Wojciecha Polaka i rozpocz\u0119cie czuwania modlitewnego. O godz. 21.00 Apel Jasnog\u00f3rski, o godz. 24.00 pasterka maryjna. Koncert jubileuszowy na Ostrowie Tumskim &#8211; od godz. 18.30 mo\u017cliwo\u015b\u0107 wej\u015bcia na teren koncertu. <\/span><\/span><\/span><span style=\"color: #000000;\"><span style=\"font-size: large;\"><span lang=\"pl-PL\"><b>W sobot\u0119, 23 czerwca, <\/b><\/span><\/span><\/span><span style=\"color: #000000;\"><span style=\"font-size: large;\"><span lang=\"pl-PL\">dzie\u0144 jedno\u015bci w r\u00f3\u017cnorodno\u015bci. Czuwanie we farze o godz. 6.00 i msza \u015bw. pod przewodnictwem bpa Edwarda Janiaka. O godz. 11.00 spotkanie stacyjne w r\u00f3\u017cnych ko\u015bcio\u0142ach. Wsp\u00f3lnota \u017cywego r\u00f3\u017ca\u0144ca spotyka si\u0119 w ko\u015bciele OO. Jezuit\u00f3w, a CARITAS w ko\u015bciele OO. Franciszkan\u00f3w-Bernardyn\u00f3w. Oko\u0142o godz. 13.00 r\u00f3\u017cne wsp\u00f3lnoty udaj\u0105 si\u0119 do fary. We farze msza \u015bw. o godz. 12.30 i o godz. 13.30 procesja z fary do katedry. Oko\u0142o 14.00 wsp\u00f3lny posi\u0142ek przy katedrze. O godz. 15.00 czuwanie m\u0142odych ze \u015bpiewem i ta\u0144cem. O godz. 17.00 Eucharystia jubileuszowa pod przewodnictwem prymasa Czech kard. Dominika Duki-legata papieskiego. O godz. 19.00 koncert uwielbienia prowadzony przez Leopolda Twardowskiego. <\/span><\/span><\/span><span style=\"color: #000000;\"><span style=\"font-size: large;\"><span lang=\"pl-PL\"><b> W niedziel\u0119, 24 czerwca, <\/b><\/span><\/span><\/span><span style=\"color: #000000;\"><span style=\"font-size: large;\"><span lang=\"pl-PL\">o godz. 13.00 uroczysta msza \u015bw. szczeg\u00f3lnie dla rodzin (transmitowana przez TV Polonia). Po mszy \u015bw. wielki festyn rodzinny na Ostrowie Tumskim.<\/span><\/span><\/span><\/p>\n<p align=\"center\"><span style=\"font-size: large;\"><b>OG\u0141OSZENIA PARAFIALNE<\/b><\/span><\/p>\n<p align=\"justify\"><span style=\"color: #000000;\"><span style=\"font-size: large;\"><span lang=\"pl-PL\"><b>2. <\/b><\/span><\/span><\/span><span style=\"color: #000000;\"><span style=\"font-size: large;\"><span lang=\"pl-PL\">Maj\u0105c na uwadze potrzeby duszpasterskie Archidiecezji Pozna\u0144skiej. Ks. Abp. Stanis\u0142aw G\u0105decki odwo\u0142a\u0142 ks. Szymona Nowickiego z urz\u0119du wikariusza w naszej Parafii i powo\u0142a\u0142 na taki urz\u0105d w Parafii pw. \u015bw. Wojciecha w Bninie z dniem 28 sierpnia 2018 r. W naszej Parafii zamieszka ks. Jacek Zjawin skierowany do naszej Parafii do pomocy duszpasterskiej. Ks. Szymon odprawi msz\u0119 \u015bw. dzi\u0119kczynn\u0105 w czwartek, 23 sierpnia, o godz. 18.00. Ju\u017c dzisiaj dzi\u0119kujemy ks. Szymonowi za nieoceniony wk\u0142ad w \u017cycie duszpasterskie naszej Parafii. Szczere i wielkie B\u00f3g zap\u0142a\u0107.<\/span><\/span><\/span><\/p>\n<p align=\"justify\"><span style=\"color: #000000;\"><span style=\"font-size: large;\"><span lang=\"pl-PL\"><b>3.<\/b><\/span><\/span><\/span><span style=\"color: #000000;\"><span style=\"font-size: large;\"><span lang=\"pl-PL\"> W \u015brod\u0119, <\/span><\/span><\/span><span style=\"color: #000000;\"><span style=\"font-size: large;\"><span lang=\"pl-PL\">20 czerwca br., o godz. 21.00, w 35 rocznic\u0119 wizyty \u015bw. Jana Paw\u0142a II w Poznaniu oraz w 100. rocznic\u0119 odzyskania przez Polsk\u0119 niepodleg\u0142o\u015bci w \u0142\u0105czno\u015bci z 1050. rocznic\u0105 powo\u0142ania do istnienia biskupstwa pozna\u0144skiego zapraszamy na Spotkanie Modlitewne pod Krzy\u017cem Papieskim na pozna\u0144skich \u0141\u0119gach D\u0119bi\u0144skich.<\/span><\/span><\/span><\/p>\n<p align=\"justify\"><span style=\"color: #000000;\"><span style=\"font-size: large;\"><span lang=\"pl-PL\"><b>4. <\/b><\/span><\/span><\/span><span style=\"color: #000000;\"><span style=\"font-size: large;\"><span lang=\"pl-PL\">W \u015brod\u0119, po mszy \u015bw. wieczornej, Kr\u0105g Biblijny w salce parafialnej<\/span><\/span><\/span><span style=\"color: #000000;\"><span style=\"font-size: large;\"><span lang=\"pl-PL\"><b>.<\/b><\/span><\/span><\/span><\/p>\n<p align=\"justify\"><span style=\"color: #000000;\"><span style=\"font-size: large;\"><span lang=\"pl-PL\"><b>5. <\/b><\/span><\/span><\/span><span style=\"color: #000000;\"><span style=\"font-size: large;\"><span lang=\"pl-PL\">Msza \u015bw. na zako\u0144czenie roku szkolnego w czwartek o godz. 11.00. Prosimy aby dzieci przysz\u0142y od\u015bwi\u0119tnie ubrane. Spowied\u017a \u015bw. dla dzieci w \u015brod\u0119 o godz. 16.30.<\/span><\/span><\/span><\/p>\n<p align=\"justify\"><span style=\"color: #000000;\"><span style=\"font-size: large;\"><span lang=\"pl-PL\"><b>6. <\/b><\/span><\/span><\/span><span style=\"color: #000000;\"><span style=\"font-size: large;\"><span lang=\"pl-PL\">Zapraszamy m\u0142odzie\u017c i osoby doros\u0142e na pr\u00f3b\u0119 scholi parafialnej w czwartek o godz. 19.00 do salki, wej\u015bcie z dziedzi\u0144ca.<\/span><\/span><\/span><\/p>\n<p align=\"justify\"><span style=\"color: #000000;\"><span style=\"font-size: large;\"><span lang=\"pl-PL\"><b>7. <\/b><\/span><\/span><\/span><span style=\"color: #000000;\"><span style=\"font-size: large;\"><span lang=\"pl-PL\">Rozpoczynaj\u0105 si\u0119 zapisy do Szko\u0142y Katechist\u00f3w. Szczeg\u00f3\u0142y <\/span><\/span><\/span><span style=\"color: #666666;\"><span style=\"font-family: Times New Roman, serif;\"><span style=\"font-size: large;\"><span lang=\"pl-PL\"><b>na www.katecheza.pl.<\/b><\/span><\/span><\/span><\/span><\/p>\n<p align=\"justify\"><strong><span style=\"color: #000000;\"><span style=\"font-size: large;\"><span lang=\"pl-PL\"><b>8. <\/b><\/span><\/span><\/span><\/strong><strong><span style=\"color: #000000;\"><span style=\"font-size: large;\"><span lang=\"pl-PL\">Pozna\u0144ska Piesza Pielgrzymka na Jasn\u0105 G\u00f3r\u0119 wyruszy 6 lipca z Katedry. Zapraszam m\u0142odzie\u017c, student\u00f3w, rodziny do wsp\u00f3lnego pielgrzymowania. <\/span><\/span><\/span><\/strong><span style=\"color: #000000;\"><span style=\"font-size: large;\"><span lang=\"pl-PL\">Zapisy na pielgrzymk\u0119: online na stronie www Pielgrzymki, a <\/span><\/span><\/span><strong><span style=\"color: #000000;\"><span style=\"font-size: large;\"><span lang=\"pl-PL\">osobi\u015bcie w par. \u015bw. Marcina \u2013 30.06. godz. 13:00 \u2013 15:00.<\/span><\/span><\/span><\/strong><b> <\/b><strong><span style=\"color: #000000;\"><span style=\"font-size: large;\"><span lang=\"pl-PL\">Uczestnicy pielgrzymki musz\u0105 posiada\u0107 za\u015bwiadczenie z parafii.<\/span><\/span><\/span><\/strong><\/p>\n<p align=\"justify\"><span style=\"color: #000000;\"><span style=\"font-size: large;\"><span lang=\"pl-PL\"><b>9. <\/b><\/span><\/span><\/span><span style=\"color: #000000;\"><span style=\"font-size: large;\"><span lang=\"pl-PL\">Zach\u0119camy do czytania prasy katolickiej. W kaplicy przy zakrystii: \u201ePrzewodnik Katolicki\u201d, (a w nim <\/span><\/span><\/span><span style=\"color: #000000;\"><span style=\"font-family: Times New Roman, serif;\"><span style=\"font-size: large;\"><span lang=\"pl-PL\">ca\u0142o\u015bciowy, z map\u0105, program g\u0142\u00f3wnych obchod\u00f3w jubileuszu 1050 lecia biskupstwa w Poznaniu)<\/span><\/span><\/span><\/span><span style=\"color: #000000;\"><span style=\"font-size: large;\"><span lang=\"pl-PL\">, \u201eGo\u015b\u0107 Niedzielny\u201d, \u201eNasza Droga\u201d, \u201eOla i Ja\u015b\u201d, \u201eZiarno\u201d, \u201eMi\u0142ujcie si\u0119\u201d, gazetka parafialna.<\/span><\/span><\/span><\/p>\n","protected":false},"excerpt":{"rendered":"<p>OG\u0141OSZENIA DUSZPASTERSKIE NIEDZIELA XI ZWYK\u0141A 17 czerwca 2018 r. 1. W tym tygodniu g\u0142\u00f3wne obchody jubileuszowe 1050-lecia biskupstwa w Poznaniu. W pi\u0105tek, 22 czerwca, \u015bwi\u0119towanie z Matk\u0105 Bo\u017c\u0105 w Cudy Wielmo\u017cn\u0105 Pani\u0105 Poznania. O godz. 17.00 procesja z cudownym obrazem z sanktuarium na Wzg\u00f3rzu Przemys\u0142a do fary gdzie o godz. 18.00 msza \u015bw. pod przewodnictwem &#8230; <span class=\"more\"><a class=\"more-link\" href=\"https:\/\/www.chnk.pl\/?p=2028\">czytaj wi\u0119cej<\/a><\/span><\/p>\n","protected":false},"author":3,"featured_media":0,"comment_status":"open","ping_status":"open","sticky":false,"template":"","format":"standard","meta":{"ngg_post_thumbnail":0,"footnotes":""},"categories":[4,3],"tags":[],"_links":{"self":[{"href":"https:\/\/www.chnk.pl\/index.php?rest_route=\/wp\/v2\/posts\/2028"}],"collection":[{"href":"https:\/\/www.chnk.pl\/index.php?rest_route=\/wp\/v2\/posts"}],"about":[{"href":"https:\/\/www.chnk.pl\/index.php?rest_route=\/wp\/v2\/types\/post"}],"author":[{"embeddable":true,"href":"https:\/\/www.chnk.pl\/index.php?rest_route=\/wp\/v2\/users\/3"}],"replies":[{"embeddable":true,"href":"https:\/\/www.chnk.pl\/index.php?rest_route=%2Fwp%2Fv2%2Fcomments&post=2028"}],"version-history":[{"count":1,"href":"https:\/\/www.chnk.pl\/index.php?rest_route=\/wp\/v2\/posts\/2028\/revisions"}],"predecessor-version":[{"id":2029,"href":"https:\/\/www.chnk.pl\/index.php?rest_route=\/wp\/v2\/posts\/2028\/revisions\/2029"}],"wp:attachment":[{"href":"https:\/\/www.chnk.pl\/index.php?rest_route=%2Fwp%2Fv2%2Fmedia&parent=2028"}],"wp:term":[{"taxonomy":"category","embeddable":true,"href":"https:\/\/www.chnk.pl\/index.php?rest_route=%2Fwp%2Fv2%2Fcategories&post=2028"},{"taxonomy":"post_tag","embeddable":true,"href":"https:\/\/www.chnk.pl\/index.php?rest_route=%2Fwp%2Fv2%2Ftags&post=2028"}],"curies":[{"name":"wp","href":"https:\/\/api.w.org\/{rel}","templated":true}]}}