{"id":2025,"date":"2018-06-09T20:47:05","date_gmt":"2018-06-09T20:47:05","guid":{"rendered":"http:\/\/www.chnk.pl\/?p=2025"},"modified":"2018-06-09T20:47:05","modified_gmt":"2018-06-09T20:47:05","slug":"10-niedziela-zwykla","status":"publish","type":"post","link":"https:\/\/www.chnk.pl\/?p=2025","title":{"rendered":"10 Niedziela Zwyk\u0142a"},"content":{"rendered":"<p>OG\u0141OSZENIA DUSZPASTERSKIE<br \/>\nNIEDZIELA X ZWYK\u0141A<br \/>\n10 czerwca 2018 r.<br \/>\n1. Kalendarz liturgiczny: poniedzia\u0142ek \u2013 \u015bw. Barnaby, wtorek \u2013 b\u0142.mm. Mariana Konopi\u0144skiego, J\u00f3zefa Kuta, W\u0142odzimierza Laskowskiego, Narcyza Putza, \u015broda \u2013 \u015bw. Antoniego z Padwy, czwartek \u2013 \u015bw. Micha\u0142a Kozala,<br \/>\n2. Dzisiaj po mszach \u015bw. rodzice z dzie\u0107mi rozprowadzaj\u0105 domowe wypieki. Ofiary przeznaczamy na wakacyjny wyjazd dzieci z naszej parafii. Mile widziani tak\u017ce dobroczy\u0144cy, chc\u0105cy wesprze\u0107 ten wyjazd. Kontakt z ks. Szymonem.<br \/>\n3. B\u00f3g zap\u0142a\u0107 parafianom za udzia\u0142 i podtrzymanie dekoracji w oktawie uroczysto\u015bci Bo\u017cego Cia\u0142a. B\u00f3g zap\u0142a\u0107 dziewczynkom sypi\u0105cym kwiaty i ich mamom, s\u0142u\u017cbie liturgicznej i panom nios\u0105cym baldachim.<br \/>\n4. Kr\u0105g biblijny w \u015brod\u0119 o godz. 19.00.<br \/>\n5. Zapraszamy ch\u0142opc\u00f3w chc\u0105cych s\u0142u\u017cy\u0107 jako ministranci na zbi\u00f3rk\u0119 kandydat\u00f3w w pi\u0105tek o godz. 16.45 do ko\u015bcio\u0142a.<br \/>\n6. W tym roku 84 Pozna\u0144ska Piesza Pielgrzymka na Jasn\u0105 G\u00f3r\u0119. W dniu 6 lipca w Katedrze o godz. 8:00 msza \u015bw. na rozpocz\u0119cie pielgrzymki. Zapraszam m\u0142odzie\u017c, student\u00f3w, rodziny do wsp\u00f3lnego pielgrzymowania przed wizerunek Matki Boskiej Cz\u0119stochowskiej. Zapisy na pielgrzymk\u0119: online na stronie www Pielgrzymki, a osobi\u015bcie w par. \u015bw. Marcina w Poznaniu &#8211; 16.06 i 30.06. br. w godzinach od 13:00 \u2013 15:00. Uczestnicy pielgrzymki musz\u0105 posiada\u0107 za\u015bwiadczenie z parafii.<br \/>\n7. Dzisiaj, 10 czerwca, odb\u0119dzie si\u0119 Marsz dla \u017bycia, w tym roku przejdzie pod has\u0142em &#8222;Masz Mnie&#8221;. O godz. 14.30 rozpocznie si\u0119 festyn rodzinny na placu Mickiewicza, nast\u0119pnie o 15.15 marsz w kierunku Katedry, gdzie o 17.00 msza \u015bw. Zach\u0119camy, aby wzi\u0105\u0107 udzia\u0142 ca\u0142ymi rodzinami i da\u0107 \u015bwiadectwo swojego poparcia dla warto\u015bci \u017cycia i rodziny.<br \/>\n8. Archidiecezjalna Pielgrzymka M\u0119\u017cczyzn i M\u0142odzie\u017cy M\u0119skiej do Sanktuarium Matki Bo\u017cej w Tulcach, odb\u0119dzie si\u0119 w niedziel\u0119, dnia 17&nbsp;czerwca br. Pielgrzymuj\u0105c do tego Sanktuarium zawierzamy Panu Bogu przez Maryj\u0119 wszystko, z czym zmagaj\u0105 si\u0119 m\u0119\u017cczy\u017ani i m\u0142odzie\u017c m\u0119ska. O godzinie 12:00 rozpocznie si\u0119 msza, o godz. 13.30 posi\u0142ek, o godz. 14 cztery konferencje do wyboru, o godz. 15.00 Koronka do Mi\u0142osierdzia Bo\u017cego, o godz. 15.15 Akatyst ku czci \u015bw. J\u00f3zefa. M\u0119\u017cczyzn udaj\u0105cych si\u0119 na te uroczysto\u015bci w\u0142asnymi samochodami prosimy o zg\u0142oszenie wolnych miejsc w swoich pojazdach. Zbi\u00f3rka o godz. 11.15 przy ko\u015bciele.<br \/>\n9. Spotkanie dla uczestnik\u00f3w pielgrzymki do Lwowa we wtorek, o godz. 19.00 w salce. Jeszce s\u0105 dwa wolne miejsca. Pro\u015bba o reszt\u0119 wp\u0142at.<br \/>\n10. W lipcu i sierpniu nie b\u0119dzie Mszy \u015bw. w niedziel\u0119 o godz. 12.30. Zostan\u0105 zmienione tak\u017ce godziny odprawiania mszy \u015bw. w dni powszednie i godziny urz\u0119dowania biura parafialnego.<br \/>\n11. B\u00f3g zap\u0142a\u0107 za ofiary na doposa\u017cenie naszego ko\u015bcio\u0142a. B\u00f3g zap\u0142a\u0107 za ofiary z\u0142o\u017cone na \u015awi\u0105tyni\u0119 Opatrzno\u015bci Bo\u017cej. W przysz\u0142\u0105 niedziel\u0119 mo\u017cliwo\u015b\u0107 z\u0142o\u017cenia ofiary na KUL.<br \/>\n12. Prosimy Parafian zamawiaj\u0105cych intencje mszalne, aby przed msz\u0105 \u015bw. sprawdzali na tablicy og\u0142osze\u0144 poprawno\u015b\u0107 zapisanej intencji i zg\u0142aszali ewentualne nie\u015bcis\u0142o\u015bci.<br \/>\n13. Zach\u0119camy do czytania prasy katolickiej. Przy zakrystii: \u201ePrzewodnik Katolicki\u201d , \u201eGo\u015b\u0107 Niedzielny\u201d, \u201dNasza Droga\u201d, \u201eZiarno\u201d.<\/p>\n","protected":false},"excerpt":{"rendered":"<p>OG\u0141OSZENIA DUSZPASTERSKIE NIEDZIELA X ZWYK\u0141A 10 czerwca 2018 r. 1. Kalendarz liturgiczny: poniedzia\u0142ek \u2013 \u015bw. Barnaby, wtorek \u2013 b\u0142.mm. Mariana Konopi\u0144skiego, J\u00f3zefa Kuta, W\u0142odzimierza Laskowskiego, Narcyza Putza, \u015broda \u2013 \u015bw. Antoniego z Padwy, czwartek \u2013 \u015bw. Micha\u0142a Kozala, 2. Dzisiaj po mszach \u015bw. rodzice z dzie\u0107mi rozprowadzaj\u0105 domowe wypieki. Ofiary przeznaczamy na wakacyjny wyjazd dzieci &#8230; <span class=\"more\"><a class=\"more-link\" href=\"https:\/\/www.chnk.pl\/?p=2025\">czytaj wi\u0119cej<\/a><\/span><\/p>\n","protected":false},"author":3,"featured_media":0,"comment_status":"open","ping_status":"open","sticky":false,"template":"","format":"standard","meta":{"ngg_post_thumbnail":0,"footnotes":""},"categories":[4,3],"tags":[],"_links":{"self":[{"href":"https:\/\/www.chnk.pl\/index.php?rest_route=\/wp\/v2\/posts\/2025"}],"collection":[{"href":"https:\/\/www.chnk.pl\/index.php?rest_route=\/wp\/v2\/posts"}],"about":[{"href":"https:\/\/www.chnk.pl\/index.php?rest_route=\/wp\/v2\/types\/post"}],"author":[{"embeddable":true,"href":"https:\/\/www.chnk.pl\/index.php?rest_route=\/wp\/v2\/users\/3"}],"replies":[{"embeddable":true,"href":"https:\/\/www.chnk.pl\/index.php?rest_route=%2Fwp%2Fv2%2Fcomments&post=2025"}],"version-history":[{"count":1,"href":"https:\/\/www.chnk.pl\/index.php?rest_route=\/wp\/v2\/posts\/2025\/revisions"}],"predecessor-version":[{"id":2026,"href":"https:\/\/www.chnk.pl\/index.php?rest_route=\/wp\/v2\/posts\/2025\/revisions\/2026"}],"wp:attachment":[{"href":"https:\/\/www.chnk.pl\/index.php?rest_route=%2Fwp%2Fv2%2Fmedia&parent=2025"}],"wp:term":[{"taxonomy":"category","embeddable":true,"href":"https:\/\/www.chnk.pl\/index.php?rest_route=%2Fwp%2Fv2%2Fcategories&post=2025"},{"taxonomy":"post_tag","embeddable":true,"href":"https:\/\/www.chnk.pl\/index.php?rest_route=%2Fwp%2Fv2%2Ftags&post=2025"}],"curies":[{"name":"wp","href":"https:\/\/api.w.org\/{rel}","templated":true}]}}