{"id":2023,"date":"2018-06-09T20:45:56","date_gmt":"2018-06-09T20:45:56","guid":{"rendered":"http:\/\/www.chnk.pl\/?p=2023"},"modified":"2018-06-09T20:45:56","modified_gmt":"2018-06-09T20:45:56","slug":"verba-sacra","status":"publish","type":"post","link":"https:\/\/www.chnk.pl\/?p=2023","title":{"rendered":"VERBA SACRA"},"content":{"rendered":"<p><span style=\"font-family: Times New Roman, serif;\"><span style=\"font-size: medium;\"><strong>Verba Sacra \u2013 Biblia Trzeciego Tysi\u0105clecia cz. 8: Ksi\u0119ga Jozuego<\/strong><\/span><\/span><\/p>\n<p><span style=\"font-family: Times New Roman, serif;\"><span style=\"font-size: medium;\">W ramach VERBA SACRA rozpocz\u0105\u0142 si\u0119 nowy cykl \u2013 Biblia Trzeciego Tysi\u0105clecia. Stary i Nowy Testament jest czytany od pocz\u0105tku, ksi\u0119ga po ksi\u0119dze, z udzia\u0142em wybitnych polskich aktor\u00f3w i w nowej oprawie muzycznej. Jako \u00f3sma cz\u0119\u015b\u0107 zostanie zaprezentowana Ksi\u0119ga Jozuego. Wyb\u00f3r i komentarz \u2013 ks. prof. dr hab. Janusz Nawrot, kierownik Zak\u0142adu Nauk Biblijnych Wydzia\u0142u Teologicznego UAM.&nbsp; Wyst\u0105pi aktor Dariusz Bereski, laureat Konkursu o Grand Prix im. Mieczys\u0142awa Kotlarczyka. Oprawa muzyczna w wykonaniu Micha\u0142a Hajduczeni, znanego z wykona\u0144 muzyki cerkiewnej i s\u0142owia\u0144skiej . Zapraszamy do Bazyliki Archikatedralnej w Poznaniu w niedziel\u0119 17 czerwca o godz. 17:00. Wst\u0119p wolny.<\/span><\/span><\/p>\n<p><span style=\"font-family: Times New Roman, serif;\"><span style=\"font-size: medium;\"><u>www.verbasacra.pl<\/u><\/span><\/span><\/p>\n","protected":false},"excerpt":{"rendered":"<p>Verba Sacra \u2013 Biblia Trzeciego Tysi\u0105clecia cz. 8: Ksi\u0119ga Jozuego W ramach VERBA SACRA rozpocz\u0105\u0142 si\u0119 nowy cykl \u2013 Biblia Trzeciego Tysi\u0105clecia. Stary i Nowy Testament jest czytany od pocz\u0105tku, ksi\u0119ga po ksi\u0119dze, z udzia\u0142em wybitnych polskich aktor\u00f3w i w nowej oprawie muzycznej. Jako \u00f3sma cz\u0119\u015b\u0107 zostanie zaprezentowana Ksi\u0119ga Jozuego. Wyb\u00f3r i komentarz \u2013 ks. &#8230; <span class=\"more\"><a class=\"more-link\" href=\"https:\/\/www.chnk.pl\/?p=2023\">czytaj wi\u0119cej<\/a><\/span><\/p>\n","protected":false},"author":3,"featured_media":0,"comment_status":"open","ping_status":"open","sticky":false,"template":"","format":"standard","meta":{"ngg_post_thumbnail":0,"footnotes":""},"categories":[4],"tags":[],"_links":{"self":[{"href":"https:\/\/www.chnk.pl\/index.php?rest_route=\/wp\/v2\/posts\/2023"}],"collection":[{"href":"https:\/\/www.chnk.pl\/index.php?rest_route=\/wp\/v2\/posts"}],"about":[{"href":"https:\/\/www.chnk.pl\/index.php?rest_route=\/wp\/v2\/types\/post"}],"author":[{"embeddable":true,"href":"https:\/\/www.chnk.pl\/index.php?rest_route=\/wp\/v2\/users\/3"}],"replies":[{"embeddable":true,"href":"https:\/\/www.chnk.pl\/index.php?rest_route=%2Fwp%2Fv2%2Fcomments&post=2023"}],"version-history":[{"count":1,"href":"https:\/\/www.chnk.pl\/index.php?rest_route=\/wp\/v2\/posts\/2023\/revisions"}],"predecessor-version":[{"id":2024,"href":"https:\/\/www.chnk.pl\/index.php?rest_route=\/wp\/v2\/posts\/2023\/revisions\/2024"}],"wp:attachment":[{"href":"https:\/\/www.chnk.pl\/index.php?rest_route=%2Fwp%2Fv2%2Fmedia&parent=2023"}],"wp:term":[{"taxonomy":"category","embeddable":true,"href":"https:\/\/www.chnk.pl\/index.php?rest_route=%2Fwp%2Fv2%2Fcategories&post=2023"},{"taxonomy":"post_tag","embeddable":true,"href":"https:\/\/www.chnk.pl\/index.php?rest_route=%2Fwp%2Fv2%2Ftags&post=2023"}],"curies":[{"name":"wp","href":"https:\/\/api.w.org\/{rel}","templated":true}]}}