{"id":2021,"date":"2018-06-09T20:45:21","date_gmt":"2018-06-09T20:45:21","guid":{"rendered":"http:\/\/www.chnk.pl\/?p=2021"},"modified":"2018-06-09T20:45:21","modified_gmt":"2018-06-09T20:45:21","slug":"pielgrzymka-do-ziemii-swietej","status":"publish","type":"post","link":"https:\/\/www.chnk.pl\/?p=2021","title":{"rendered":"Pielgrzymka do Ziemii \u015awi\u0119tej"},"content":{"rendered":"<p align=\"justify\"><span style=\"color: #000000;\"><span style=\"font-size: medium;\">Archidiecezja Pozna\u0144ska organizuje kolejn\u0105 Archidiecezjaln\u0105 pielgrzymk\u0119, tym razem b\u0119dzie to Ziemia \u015awi\u0119ta w Wielkim Tygodniu w Jerozolimie, w dniach od 12&nbsp;do&nbsp;22&nbsp;kwietnia 2019 roku. <\/span><\/span><\/p>\n<p align=\"justify\"><span style=\"color: #000000;\"><span style=\"font-size: medium;\">Zapraszamy do udzia\u0142u w&nbsp;pielgrzymce zar\u00f3wno Kap\u0142an\u00f3w, jak i wiernych \u015bwieckich, szczeg\u00f3lnie tych, kt\u00f3rzy w Ziemi \u015awi\u0119tej jeszcze nie byli.<\/span><\/span><\/p>\n<p align=\"justify\"><span style=\"font-size: medium;\">Przekazujemy kilka informacji na temat pielgrzymki:<\/span><\/p>\n<ol>\n<li>\n<p align=\"justify\"><span style=\"color: #000000;\"><span style=\"font-size: medium;\">Termin od 12 do 22 kwietnia 2019 r. (wylot i przylot \u2013 Warszawa). W Ziemi \u015awi\u0119tej poruszamy si\u0119 autokarem.<\/span><\/span><\/p>\n<\/li>\n<li>\n<p align=\"justify\"><span style=\"color: #000000;\"><span style=\"font-size: medium;\">Cena 1.850 z\u0142 + 1320 USD. W tej cenie s\u0105 wliczone wszystkie op\u0142aty i trzy posi\u0142ki dziennie oraz przejazd autokarem do Warszawy i z powrotem.<\/span><\/span><\/p>\n<\/li>\n<li>\n<p align=\"justify\"><span style=\"color: #000000;\"><span style=\"font-size: medium;\">Zg\u0142oszenia na pielgrzymk\u0119 mo\u017cna dokona\u0107 w Kurii Metropolitalnej u Ksi\u0119dza Kanclerza tel. 61\/851-28-00 lub (601) 772-833. Pro\u015bba o wst\u0119pne zg\u0142aszanie liczby uczestnik\u00f3w do ko\u0144ca wrze\u015bnia 2018 roku.<\/span><\/span><\/p>\n<\/li>\n<li>\n<p align=\"justify\"><span style=\"font-size: medium;\">Przy zg\u0142oszeniu trzeba poda\u0107 nast\u0119puj\u0105ce dane:<\/span><\/p>\n<\/li>\n<\/ol>\n<ul>\n<li>\n<p align=\"justify\"><span style=\"font-size: medium;\">imi\u0119 i nazwisko<\/span><\/p>\n<\/li>\n<li>\n<p align=\"justify\"><span style=\"font-size: medium;\">data i miejsce urodzenia<\/span><\/p>\n<\/li>\n<\/ul>\n<ul>\n<li>\n<p align=\"justify\"><span style=\"font-size: medium;\">adres zamieszkania z kodem pocztowym<\/span><\/p>\n<\/li>\n<\/ul>\n<ul>\n<li>\n<p align=\"justify\"><span style=\"color: #000000;\"><span style=\"font-size: medium;\">numer i seria paszportu oraz data wydania i wa\u017cno\u015bci paszportu (paszport musi by\u0107 wa\u017cny przynajmniej do 31 pa\u017adziernika 2019 r.).<\/span><\/span><\/p>\n<\/li>\n<\/ul>\n<ul>\n<li>\n<p align=\"justify\"><span style=\"font-size: medium;\">telefon kontaktowy<\/span><\/p>\n<\/li>\n<\/ul>\n<ul>\n<li>\n<p align=\"justify\"><span style=\"color: #000000;\"><span style=\"font-size: medium;\">wp\u0142ata 500,- z\u0142<\/span><\/span><\/p>\n<\/li>\n<\/ul>\n<ol start=\"5\">\n<li>\n<p align=\"justify\"><span style=\"color: #000000;\"><span style=\"font-size: medium;\">Pielgrzymk\u0119 obs\u0142uguje <\/span><\/span><span style=\"color: #000000;\"><span style=\"font-size: medium;\">Biuro Pielgrzymkowo-Turystyczne Ad Astra z Ornontowic.<\/span><\/span><\/p>\n<\/li>\n<\/ol>\n<ol start=\"6\">\n<li>\n<p align=\"justify\"><span style=\"color: #000000;\"><span style=\"font-size: medium;\">Informacja o pielgrzymce oraz formularz zg\u0142oszeniowy dost\u0119pny jest na stronie Archidiecezji <\/span><\/span><b><span style=\"color: #0000ff;\"><u><a href=\"http:\/\/www.archpoznan.pl\/\"><span style=\"color: #000000;\"><span style=\"font-size: medium;\">www.archpoznan.pl<\/span><\/span><\/a><\/u><\/span><\/b><span style=\"color: #000000;\"><span style=\"font-size: medium;\">. w zak\u0142adce Duszpasterstwo, Pielgrzymki. <\/span><\/span><\/p>\n<\/li>\n<\/ol>\n","protected":false},"excerpt":{"rendered":"<p>Archidiecezja Pozna\u0144ska organizuje kolejn\u0105 Archidiecezjaln\u0105 pielgrzymk\u0119, tym razem b\u0119dzie to Ziemia \u015awi\u0119ta w Wielkim Tygodniu w Jerozolimie, w dniach od 12&nbsp;do&nbsp;22&nbsp;kwietnia 2019 roku. Zapraszamy do udzia\u0142u w&nbsp;pielgrzymce zar\u00f3wno Kap\u0142an\u00f3w, jak i wiernych \u015bwieckich, szczeg\u00f3lnie tych, kt\u00f3rzy w Ziemi \u015awi\u0119tej jeszcze nie byli. Przekazujemy kilka informacji na temat pielgrzymki: Termin od 12 do 22 kwietnia 2019 &#8230; <span class=\"more\"><a class=\"more-link\" href=\"https:\/\/www.chnk.pl\/?p=2021\">czytaj wi\u0119cej<\/a><\/span><\/p>\n","protected":false},"author":3,"featured_media":0,"comment_status":"open","ping_status":"open","sticky":false,"template":"","format":"standard","meta":{"ngg_post_thumbnail":0,"footnotes":""},"categories":[4],"tags":[],"_links":{"self":[{"href":"https:\/\/www.chnk.pl\/index.php?rest_route=\/wp\/v2\/posts\/2021"}],"collection":[{"href":"https:\/\/www.chnk.pl\/index.php?rest_route=\/wp\/v2\/posts"}],"about":[{"href":"https:\/\/www.chnk.pl\/index.php?rest_route=\/wp\/v2\/types\/post"}],"author":[{"embeddable":true,"href":"https:\/\/www.chnk.pl\/index.php?rest_route=\/wp\/v2\/users\/3"}],"replies":[{"embeddable":true,"href":"https:\/\/www.chnk.pl\/index.php?rest_route=%2Fwp%2Fv2%2Fcomments&post=2021"}],"version-history":[{"count":1,"href":"https:\/\/www.chnk.pl\/index.php?rest_route=\/wp\/v2\/posts\/2021\/revisions"}],"predecessor-version":[{"id":2022,"href":"https:\/\/www.chnk.pl\/index.php?rest_route=\/wp\/v2\/posts\/2021\/revisions\/2022"}],"wp:attachment":[{"href":"https:\/\/www.chnk.pl\/index.php?rest_route=%2Fwp%2Fv2%2Fmedia&parent=2021"}],"wp:term":[{"taxonomy":"category","embeddable":true,"href":"https:\/\/www.chnk.pl\/index.php?rest_route=%2Fwp%2Fv2%2Fcategories&post=2021"},{"taxonomy":"post_tag","embeddable":true,"href":"https:\/\/www.chnk.pl\/index.php?rest_route=%2Fwp%2Fv2%2Ftags&post=2021"}],"curies":[{"name":"wp","href":"https:\/\/api.w.org\/{rel}","templated":true}]}}