{"id":2017,"date":"2018-06-02T16:06:40","date_gmt":"2018-06-02T16:06:40","guid":{"rendered":"http:\/\/www.chnk.pl\/?p=2017"},"modified":"2018-06-02T16:06:40","modified_gmt":"2018-06-02T16:06:40","slug":"9-niedziela-zwykla","status":"publish","type":"post","link":"https:\/\/www.chnk.pl\/?p=2017","title":{"rendered":"9 Niedziela Zwyk\u0142a"},"content":{"rendered":"<p>OG\u0141OSZENIA DUSZPASTERSKIE<br \/>\nNIEDZIELA IX ZWYK\u0141A<br \/>\n3 czerwca 2018 r.<br \/>\n1. Kalendarz liturgiczny: wtorek- \u015bw. Bonifacego, \u015broda &#8211; \u015bw. Norberta, pi\u0105tek &#8211; Uroczysto\u015b\u0107 Naj\u015bwi\u0119tszego Serca Pana Jezusa, sobota &#8211; Nie\u00acpokalanego Serca Naj\u015bw. Maryi Panny.<br \/>\n2. W niedziel\u0119, dnia 3 czerwca br. o godz. 18.45, na terenie Parku Malta\u0144skiego od strony ulicy Jana Paw\u0142a II, odb\u0119dzie si\u0119 nabo\u017ce\u0144stwo z okazji 21. rocznicy ostatniej wizyty \u015bw. Jana Paw\u0142a II w Poznaniu oraz stulecia Powstania Wielkopolskiego i odzyskania przez Polsk\u0119 niepodleg\u0142o\u015bci. Serdecznie zapraszamy wszystkich do wsp\u00f3lnej modlitwy i \u015bpiewu.<br \/>\n3. Od poniedzia\u0142ku do czwartku w oktawie Bo\u017cego Cia\u0142a msza \u015bw. o godz. 18.00 w \u0142\u0105cz-no\u015bci z nieszporami i procesj\u0105. Prosimy o ofiarowanie czasu Panu Jezusowi i udzia\u0142 w oktawie. Liczymy na obecno\u015b\u0107 ministrant\u00f3w i dziewczynek sypi\u0105cych kwiaty. W czwartek adoracja Naj\u015bwi\u0119tszego Sakramentu od godz. 17.00 w intencji poszanowania \u017cycia, a na zako\u0144czenie Oktawy, po procesji, adoracja do godz. 21.00.<br \/>\n4. W \u015brod\u0119 po procesji Kr\u0105g Biblijny w salce parafialnej.<br \/>\n5. W pi\u0105tek, Uroczysto\u015b\u0107 Naj\u015bwi\u0119tszego Serca Pana Jezusa. Dzie\u0144 modlitwy o \u015bwi\u0119to\u015b\u0107 kap\u0142an\u00f3w. Centralne uroczysto\u015bci religijne miasta Poznania w ko\u015bciele pw. Naj\u015bwi\u0119tszego Serca Pana Jezusa na Je\u017cycach o godz. 18.00 i procesja Eucharystyczna na pl. Mickiewicza. Tam nabo\u017ce\u0144stwo wynagradzaj\u0105ce Naj\u015bwi\u0119tszemu Sercu Pana Jezusa. W najbli\u017cszy pi\u0105tek nie obowi\u0105zuje post. Prosimy o flagowanie mieszka\u0144. Gor\u0105co zach\u0119camy Parafian do wzi\u0119cia udzia\u0142u w uroczysto\u015bciach og\u00f3lnomiejskich. W naszej parafii nie b\u0119dzie procesji.<br \/>\n6. Zapraszamy ch\u0142opc\u00f3w do s\u0142u\u017cby ministranckiej. Zbi\u00f3rka dla kandydat\u00f3w w pi\u0105tek o godz. 16.45 w ko\u015bciele.<br \/>\n7. Archidiecezjalny Marsz dla \u017bycia pod has\u0142em \u201eMasz Mnie\u201dprzejdzie ulicami Poznania w niedziele 10 czerwca. Spotkanie rozpocznie si\u0119 o godz. 15.15 na pl. Mickiewicza i przejdzie do Katedry, gdzie o godz. 17.00 msza \u015bw. Przed Marszem na placu atrakcje dla rodzin. Czuwanie modlitewne przed Marszem w sobot\u0119, 10 czerwca o godz. 18.00 w ko\u015bciele \u015bw. Rocha.<br \/>\n8. B\u00f3g zap\u0142a\u0107 Parafianom, kt\u00f3rzy przygotowali o\u0142tarze na Bo\u017ce Cia\u0142o, kt\u00f3rzy udekorowali swoje okna i balkony. B\u00f3g zap\u0142a\u0107 s\u0142u\u017cbie ko\u015bcielnej i liturgicznej, grupom duszpasterskim za zaanga\u017cowanie. To staranie parafian jest dla wi\u0119kszej chwa\u0142y Bo\u017cej i dla podtrzy\u00acmania uroczystej tradycji Bo\u017cego Cia\u0142a i oktawy.<br \/>\n9. Spotkanie dla uczestnik\u00f3w pielgrzymki do Lwowa we wtorek, 12 czerwca, o godz. 19.00 w salce. Jeszce s\u0105 dwa wolne miejsca. Pro\u015bba o reszt\u0119 wp\u0142at.<br \/>\n10. Dzisiaj, w \u015awi\u0119to Dzi\u0119kczynienia, przed ko\u015bcio\u0142em mo\u017cliwo\u015b\u0107 z\u0142o\u017cenia ofiary na \u015bwi\u0105tyni\u0119 Opatrzno\u015bci Bo\u017cej w Warszawie.<br \/>\n11. W przysz\u0142\u0105 niedziel\u0119 po mszach \u015bw. rodzice z dzie\u0107mi b\u0119d\u0105 rozprowadza\u0107 domowe wypieki. Ofiary b\u0119d\u0105 przeznaczone na wyjazd wakacyjny dzieci. z parafii. Mile widziani dobroczy\u0144cy chc\u0105cy wesprze\u0107 ten wyjazd. Kontakt z ks. Szymonem. Spotkanie dla rodzic\u00f3w dzieci wyje\u017cd\u017caj\u0105cych na wakacje parafialne do G\u0142ucho\u0142az, we wtorek o godz. 19.30 w salce, wej\u015bcie z dziedzi\u0144ca.<br \/>\n12. Zach\u0119camy do czytania prasy katolickiej. W kaplicy przy zakrystii: Przewodnik Katolicki, Go\u015b\u0107 Niedzielny, Droga, Ja\u015b, Ziarno, gazetka parafialna. W zakrystii wej\u015bci\u00f3wki na koncert \u201eIl DIVO\u201d.<br \/>\n13. M\u00f3dlmy si\u0119 za zmar\u0142ych parafian. Za dusz\u0119 \u015bp. Zofii Klecha. Pogrzeb odby\u0142 si\u0119 w G\u0142uszynie. Wieczny odpoczynek racz zmar\u0142ym da\u0107 Panie.<\/p>\n","protected":false},"excerpt":{"rendered":"<p>OG\u0141OSZENIA DUSZPASTERSKIE NIEDZIELA IX ZWYK\u0141A 3 czerwca 2018 r. 1. Kalendarz liturgiczny: wtorek- \u015bw. Bonifacego, \u015broda &#8211; \u015bw. Norberta, pi\u0105tek &#8211; Uroczysto\u015b\u0107 Naj\u015bwi\u0119tszego Serca Pana Jezusa, sobota &#8211; Nie\u00acpokalanego Serca Naj\u015bw. Maryi Panny. 2. W niedziel\u0119, dnia 3 czerwca br. o godz. 18.45, na terenie Parku Malta\u0144skiego od strony ulicy Jana Paw\u0142a II, odb\u0119dzie si\u0119 &#8230; <span class=\"more\"><a class=\"more-link\" href=\"https:\/\/www.chnk.pl\/?p=2017\">czytaj wi\u0119cej<\/a><\/span><\/p>\n","protected":false},"author":3,"featured_media":0,"comment_status":"open","ping_status":"open","sticky":false,"template":"","format":"standard","meta":{"ngg_post_thumbnail":0,"footnotes":""},"categories":[1],"tags":[],"_links":{"self":[{"href":"https:\/\/www.chnk.pl\/index.php?rest_route=\/wp\/v2\/posts\/2017"}],"collection":[{"href":"https:\/\/www.chnk.pl\/index.php?rest_route=\/wp\/v2\/posts"}],"about":[{"href":"https:\/\/www.chnk.pl\/index.php?rest_route=\/wp\/v2\/types\/post"}],"author":[{"embeddable":true,"href":"https:\/\/www.chnk.pl\/index.php?rest_route=\/wp\/v2\/users\/3"}],"replies":[{"embeddable":true,"href":"https:\/\/www.chnk.pl\/index.php?rest_route=%2Fwp%2Fv2%2Fcomments&post=2017"}],"version-history":[{"count":1,"href":"https:\/\/www.chnk.pl\/index.php?rest_route=\/wp\/v2\/posts\/2017\/revisions"}],"predecessor-version":[{"id":2018,"href":"https:\/\/www.chnk.pl\/index.php?rest_route=\/wp\/v2\/posts\/2017\/revisions\/2018"}],"wp:attachment":[{"href":"https:\/\/www.chnk.pl\/index.php?rest_route=%2Fwp%2Fv2%2Fmedia&parent=2017"}],"wp:term":[{"taxonomy":"category","embeddable":true,"href":"https:\/\/www.chnk.pl\/index.php?rest_route=%2Fwp%2Fv2%2Fcategories&post=2017"},{"taxonomy":"post_tag","embeddable":true,"href":"https:\/\/www.chnk.pl\/index.php?rest_route=%2Fwp%2Fv2%2Ftags&post=2017"}],"curies":[{"name":"wp","href":"https:\/\/api.w.org\/{rel}","templated":true}]}}