{"id":2012,"date":"2018-06-02T15:36:46","date_gmt":"2018-06-02T15:36:46","guid":{"rendered":"http:\/\/www.chnk.pl\/?p=2012"},"modified":"2018-06-02T15:37:11","modified_gmt":"2018-06-02T15:37:11","slug":"strefa-mocy","status":"publish","type":"post","link":"https:\/\/www.chnk.pl\/?p=2012","title":{"rendered":"Strefa Mocy"},"content":{"rendered":"<p>Fundacja \u201ezaNim\u201d \u2013 Sylwia i Witek Wilk, Szko\u0142a Nowej Ewangelizacji<br \/>\nStrefa Mocy to radosne i pe\u0142ne pasji rekolekcje, uwielbienie, \u015bwiadectwa ludzi, kt\u00f3rzy do\u015bwiadczyli Boga \u017bywego. Poprzez otwart\u0105 plenerow\u0105 formu\u0142\u0119, chcemy dotrze\u0107 do os\u00f3b \u201ezaginionych\u201d, kt\u00f3re przez histori\u0119 \u017cycia straci\u0142y relacje z Bogiem i Ko\u015bcio\u0142em, do wszystkich tych, kt\u00f3rzy nie znaj\u0105 jeszcze \u017cywego Boga.<br \/>\nEkipa Strefy Mocy to wsp\u00f3lnota ponad 20 os\u00f3b r\u00f3\u017cnych stan\u00f3w, talent\u00f3w, profesji i pasji, oddanych Panu Bogu. Dwa tiry sprz\u0119tu, scenografia, animacje, grafiki, rekwizyty \u2013 wszystko to na chwa\u0142\u0119 Pana!<br \/>\n1 czerwca ma miejsce start zaplanowanej trasy, kt\u00f3ra obejmuje 13 miejscowo\u015bci, mi\u0119dzy innymi: GLINIANKA k. Warszawy Z\u0104BKI OSTRO\u0141\u0118KA GORZ\u00d3W WIELKOPOLSKI LUBO\u0143 k. Poznania KOSZALIN BYDGOSZCZ ZIELONA G\u00d3RA WA\u0141BRZYCH RADZIONK\u00d3W k. Bytomia SANDOMIERZ GORLICE<\/p>\n<p>Lubo\u0144<br \/>\n12 \u2013 13 czerwca 2018r.<br \/>\nWzg\u00f3rze Papieskie przy ul. Unijnej<br \/>\nDwa wieczory modlitwy:<br \/>\n18.00 \u2013 Msza \u015bw.<br \/>\n19.00 do 22.00 \u2013 konferencje, modlitwy, \u015bwiadectwa, uwielbienie, \u015bpiewy,<br \/>\na w tym czasie mo\u017cliwo\u015b\u0107 sakramentu pokuty oraz modlitwy wstawienniczej<\/p>\n<p>wi\u0119cej informacji i spot video: Plakat &nbsp;https:\/\/we.tl\/GwHUCnshtQ<br \/>\nSpot audio i video&nbsp; https:\/\/wetransfer.com\/downloads\/c3802b5de46860ba6659b69e81747e7420180521081004\/722751bf2ded613f638fb9c80e62b20420180521081004\/87e679<\/p>\n","protected":false},"excerpt":{"rendered":"<p>Fundacja \u201ezaNim\u201d \u2013 Sylwia i Witek Wilk, Szko\u0142a Nowej Ewangelizacji Strefa Mocy to radosne i pe\u0142ne pasji rekolekcje, uwielbienie, \u015bwiadectwa ludzi, kt\u00f3rzy do\u015bwiadczyli Boga \u017bywego. Poprzez otwart\u0105 plenerow\u0105 formu\u0142\u0119, chcemy dotrze\u0107 do os\u00f3b \u201ezaginionych\u201d, kt\u00f3re przez histori\u0119 \u017cycia straci\u0142y relacje z Bogiem i Ko\u015bcio\u0142em, do wszystkich tych, kt\u00f3rzy nie znaj\u0105 jeszcze \u017cywego Boga. Ekipa Strefy &#8230; <span class=\"more\"><a class=\"more-link\" href=\"https:\/\/www.chnk.pl\/?p=2012\">czytaj wi\u0119cej<\/a><\/span><\/p>\n","protected":false},"author":3,"featured_media":0,"comment_status":"open","ping_status":"open","sticky":false,"template":"","format":"standard","meta":{"ngg_post_thumbnail":0,"footnotes":""},"categories":[4],"tags":[],"_links":{"self":[{"href":"https:\/\/www.chnk.pl\/index.php?rest_route=\/wp\/v2\/posts\/2012"}],"collection":[{"href":"https:\/\/www.chnk.pl\/index.php?rest_route=\/wp\/v2\/posts"}],"about":[{"href":"https:\/\/www.chnk.pl\/index.php?rest_route=\/wp\/v2\/types\/post"}],"author":[{"embeddable":true,"href":"https:\/\/www.chnk.pl\/index.php?rest_route=\/wp\/v2\/users\/3"}],"replies":[{"embeddable":true,"href":"https:\/\/www.chnk.pl\/index.php?rest_route=%2Fwp%2Fv2%2Fcomments&post=2012"}],"version-history":[{"count":1,"href":"https:\/\/www.chnk.pl\/index.php?rest_route=\/wp\/v2\/posts\/2012\/revisions"}],"predecessor-version":[{"id":2013,"href":"https:\/\/www.chnk.pl\/index.php?rest_route=\/wp\/v2\/posts\/2012\/revisions\/2013"}],"wp:attachment":[{"href":"https:\/\/www.chnk.pl\/index.php?rest_route=%2Fwp%2Fv2%2Fmedia&parent=2012"}],"wp:term":[{"taxonomy":"category","embeddable":true,"href":"https:\/\/www.chnk.pl\/index.php?rest_route=%2Fwp%2Fv2%2Fcategories&post=2012"},{"taxonomy":"post_tag","embeddable":true,"href":"https:\/\/www.chnk.pl\/index.php?rest_route=%2Fwp%2Fv2%2Ftags&post=2012"}],"curies":[{"name":"wp","href":"https:\/\/api.w.org\/{rel}","templated":true}]}}