{"id":2005,"date":"2018-06-02T15:21:35","date_gmt":"2018-06-02T15:21:35","guid":{"rendered":"http:\/\/www.chnk.pl\/?p=2005"},"modified":"2018-06-02T15:21:35","modified_gmt":"2018-06-02T15:21:35","slug":"niedziela-najswietszej-trojcy","status":"publish","type":"post","link":"https:\/\/www.chnk.pl\/?p=2005","title":{"rendered":"Niedziela Naj\u015bwi\u0119tszej Tr\u00f3jcy"},"content":{"rendered":"<p>OG\u0141OSZENIA DUSZPASTERSKIE<br \/>\nNIEDZIELA NAJ\u015aWI\u0118TSZEJ TR\u00d3JCY<br \/>\n27 maja 2018 r.<br \/>\n1. Kalendarz liturgiczny:<br \/>\nwtorek \u2013 \u015bw. Urszuli Led\u00f3chowskiej,<br \/>\n\u015broda \u2013 \u015bw. Jana Sankandra i \u015bw. Zdzis\u0142awy,<br \/>\nczwartek \u2013 Uroczysto\u015b\u0107 Naj\u015bwi\u0119tszego Cia\u0142a i Krwi Chrystusa (Urocz. Bo\u017cego Cia\u0142a),<br \/>\npi\u0105tek \u2013 \u015bw. Justyna,<br \/>\nsobota \u2013 \u015bw. Marcelina i Piotra.<br \/>\n2. W czwartek, Uroczysto\u015b\u0107 Bo\u017cego Cia\u0142a. Centralna procesja rozpocznie si\u0119 msz\u0105 \u015bw. w Parafii Bo\u017cego Cia\u0142a o godz. 10.00 i przejdzie do Katedry. Uczy\u0144my Bo\u017ce Cia\u0142o publicznym wyznaniem wiary w Boga obecnego w Eucharystii i dajmy temu wyraz uczestnicz\u0105c w procesji og\u00f3lnomiejskiej. Msza \u015bw. w naszej Parafii w \u015brod\u0119 o godz. 18.00 (ju\u017c \u015bwi\u0105teczna) i w Bo\u017ce Cia\u0142o o godz. 7.00, 8.15, 9.30, 11.15, 15.00 i po procesji oko\u0142o 16.30. Nie b\u0119dzie Mszy \u015bw. o godz. 12.30 i 18.00. R\u00f3\u017caniec w intencji powo\u0142a\u0144 kap\u0142a\u0144skich i zakonnych o godz 14.20. Obecno\u015b\u0107 na procesji nie zwalnia ze mszy \u015bw. Prosimy o udekorowanie okien i balkon\u00f3w, prosimy o to tak\u017ce tych parafian, kt\u00f3rzy wyje\u017cd\u017caj\u0105. W \u015brod\u0119 okazja do spowiedzi \u015bw. od godz. 16.30 do 18.00. W oktawie Bo\u017cego Cia\u0142a w dni powszednie Msza \u015bw. o godz. 18.00 i procesja, a w niedziel\u0119 po mszy \u015bw. o godz. 9.30. Dziewczynki (zw\u0142aszcza pierwszokomunijne) prosimy o sypanie kwiat\u00f3w w Bo\u017ce Cia\u0142o i w oktaw\u0119. Pr\u00f3ba sypania kwiat\u00f3w od poniedzia\u0142ku do \u015brody, przy ko\u015bciele, o godz. 17.00. Prosimy o przynoszenie p\u0142atk\u00f3w kwiat\u00f3w i zostawianie ich przy zakrystii oraz przynoszenie zb\u0119dnych koszyczk\u00f3w do sypania kwiat\u00f3w.<br \/>\n3. W tym tygodniu : I pi\u0105tek i I sobota miesi\u0105ca. W pi\u0105tek miesi\u0119czna spowied\u017a i komunia \u015bw. dla klas: 3, 4, 5 i 6 od godz. 15.00 i msza \u015bw. z procesj\u0105 o godz. 18.00 Od godziny 17.00 do 18.00 spowied\u017a \u015bw. dla gimnazjalist\u00f3w i m\u0142odzie\u017cy. Odwiedziny chorych z sakramentami \u015bw. w pi\u0105tek i w sobot\u0119 wed\u0142ug sta\u0142ego planu. Nowe zg\u0142oszenia w zakrystii. W sobot\u0119 o godz. 7.15 r\u00f3\u017caniec z rozwa\u017caniami o Niepokalanym Sercu Matki Bo\u017cej, msza \u015bw. o godz. 8.00 i nabo\u017ce\u0144stwo do Niepokalanego Serca. Spotkanie wsp\u00f3lnoty rodzin w sobot\u0119 o godz. 19.00 w salce, wej\u015bcie z dziedzi\u0144ca.<br \/>\n4. Zbli\u017ca si\u0119 dzie\u0144 Archidiecezjalnej Pielgrzymki M\u0119\u017cczyzn i M\u0142odzie\u017cy M\u0119skiej do Sanktuarium Matki Bo\u017cej w Tulcach, kt\u00f3ra odb\u0119dzie si\u0119 w niedziel\u0119, dnia 17&nbsp;czerwca 2018 roku. Pielgrzymuj\u0105c do tego miejsca pragniemy zawierzy\u0107 Panu Bogu przez Maryj\u0119 wszystko, z czym aktualnie zmagaj\u0105 si\u0119 m\u0119\u017cczy\u017ani i m\u0142odzie\u017c m\u0119ska. O godzinie 12:00 rozpocznie si\u0119 Msza \u015awi\u0119ta koncelebrowana. M\u0119\u017cczyzn udaj\u0105cych si\u0119 na te uroczysto\u015bci w\u0142asnymi samochodami prosimy o zg\u0142oszenie wolnych miejsc w swoich pojazdach.<br \/>\n5. Odpust w Parafii Nawiedzenia Naj\u015bwi\u0119tszej Maryi Panny. Suma odpustowa w \u015brod\u0119, 30 maja br., o godz. 19.00.<br \/>\n6. Zach\u0119camy do czytania prasy katolickiej. Przy zakrystii \u201ePrzewodnik Katolicki\u201d, \u201eGo\u015b\u0107 Niedzielny\u201d, \u201eOla i Ja\u015b\u201d , \u201eEgzorcysta\u201d i gazetka parafialna.<br \/>\n7. M\u00f3dlmy si\u0119 za zmar\u0142ych parafian. Za dusze \u015bp.:<br \/>\nKrystyny Stroi\u0144skiej (msza \u015bw. pogrzebowa we wtorek o godz. 12.00),<br \/>\n\u015bp. Stanis\u0142awa Kozala (msza \u015bw. pogrzebowa w pi\u0105tek o godz.10.45). Wieczny odpoczynek racz zmar\u0142ym da\u0107 Panie, a \u015awiat\u0142o\u015b\u0107 wiekuista niechaj im \u015bwieci. Niech odpoczywaj\u0105 w pokoju wiecznym. Amen.<\/p>\n<p>UROCZYSTO\u015a\u0106 BO\u017bEGO CIA\u0141A I OKTAWA<\/p>\n<p>BO\u017bE CIA\u0141O Msza \u015bw.: (w przeddzie\u0144) \u015broda godz. 17.30 r\u00f3\u017caniec, 18.00 &#8211; msza \u015bw.,<br \/>\nczwartek: 7.00, 8.15, 9.30, 11.15, 15.00, 16.30 (po procesji) Nie ma mszy \u015bw. o godz. 12.30 i 18.00<\/p>\n<p>OKTAWA BO\u017bEGO CIA\u0141A<br \/>\npi\u0105tek, 1.6. godz. 17.30 r\u00f3\u017caniec,<br \/>\ngodz.18.00 &#8211; nieszpory, msza \u015bw., Litania do Serca Pana Jezusa i procesja<br \/>\nsobota, 2.6. godz. 17.30 r\u00f3\u017caniec,<br \/>\ngodz. 18.00 &#8211; nieszpory, msza \u015bw., Litania do Serca Pana Jezusa i procesja<br \/>\nniedziela, 3.6. godz. 9.30 \u2013 msza \u015bw., Litania do Serca Pana Jezusa i procesja<br \/>\ngodz. 17.25 \u2013 r\u00f3\u017caniec w intencji rodzin,<br \/>\nponiedzia\u0142ek, 4.6. godz. 17.30 &#8211; r\u00f3\u017caniec,<br \/>\ngodz.18.00 &#8211; nieszpory, msza \u015bw., Litania do Serca Pana Jezusa i procesja<br \/>\nwtorek, 5.6. godz.17.30 r\u00f3\u017caniec,<br \/>\ngodz. 18.00 &#8211; nieszpory, msza \u015bw., Litania do Serca Pana Jezusa i procesja<br \/>\n\u015broda, 6.6. godz.17.30 r\u00f3\u017caniec,<br \/>\ngodz.18.00 &#8211; nieszpory, msza \u015bw., Litania do Serca Pana Jezusa i procesja<br \/>\nczwartek, 7.6. godz. 18.00 &#8211; nieszpory, msza \u015bw., Litania do Serca Pana Jezusa i procesja<\/p>\n","protected":false},"excerpt":{"rendered":"<p>OG\u0141OSZENIA DUSZPASTERSKIE NIEDZIELA NAJ\u015aWI\u0118TSZEJ TR\u00d3JCY 27 maja 2018 r. 1. Kalendarz liturgiczny: wtorek \u2013 \u015bw. Urszuli Led\u00f3chowskiej, \u015broda \u2013 \u015bw. Jana Sankandra i \u015bw. Zdzis\u0142awy, czwartek \u2013 Uroczysto\u015b\u0107 Naj\u015bwi\u0119tszego Cia\u0142a i Krwi Chrystusa (Urocz. Bo\u017cego Cia\u0142a), pi\u0105tek \u2013 \u015bw. Justyna, sobota \u2013 \u015bw. Marcelina i Piotra. 2. W czwartek, Uroczysto\u015b\u0107 Bo\u017cego Cia\u0142a. Centralna procesja rozpocznie &#8230; <span class=\"more\"><a class=\"more-link\" href=\"https:\/\/www.chnk.pl\/?p=2005\">czytaj wi\u0119cej<\/a><\/span><\/p>\n","protected":false},"author":3,"featured_media":0,"comment_status":"open","ping_status":"open","sticky":false,"template":"","format":"standard","meta":{"ngg_post_thumbnail":0,"footnotes":""},"categories":[4,3],"tags":[],"_links":{"self":[{"href":"https:\/\/www.chnk.pl\/index.php?rest_route=\/wp\/v2\/posts\/2005"}],"collection":[{"href":"https:\/\/www.chnk.pl\/index.php?rest_route=\/wp\/v2\/posts"}],"about":[{"href":"https:\/\/www.chnk.pl\/index.php?rest_route=\/wp\/v2\/types\/post"}],"author":[{"embeddable":true,"href":"https:\/\/www.chnk.pl\/index.php?rest_route=\/wp\/v2\/users\/3"}],"replies":[{"embeddable":true,"href":"https:\/\/www.chnk.pl\/index.php?rest_route=%2Fwp%2Fv2%2Fcomments&post=2005"}],"version-history":[{"count":1,"href":"https:\/\/www.chnk.pl\/index.php?rest_route=\/wp\/v2\/posts\/2005\/revisions"}],"predecessor-version":[{"id":2006,"href":"https:\/\/www.chnk.pl\/index.php?rest_route=\/wp\/v2\/posts\/2005\/revisions\/2006"}],"wp:attachment":[{"href":"https:\/\/www.chnk.pl\/index.php?rest_route=%2Fwp%2Fv2%2Fmedia&parent=2005"}],"wp:term":[{"taxonomy":"category","embeddable":true,"href":"https:\/\/www.chnk.pl\/index.php?rest_route=%2Fwp%2Fv2%2Fcategories&post=2005"},{"taxonomy":"post_tag","embeddable":true,"href":"https:\/\/www.chnk.pl\/index.php?rest_route=%2Fwp%2Fv2%2Ftags&post=2005"}],"curies":[{"name":"wp","href":"https:\/\/api.w.org\/{rel}","templated":true}]}}