{"id":1992,"date":"2018-05-20T09:00:54","date_gmt":"2018-05-20T09:00:54","guid":{"rendered":"http:\/\/www.chnk.pl\/?p=1992"},"modified":"2018-05-20T09:01:03","modified_gmt":"2018-05-20T09:01:03","slug":"zeslanie-ducha-swietego","status":"publish","type":"post","link":"https:\/\/www.chnk.pl\/?p=1992","title":{"rendered":"Zes\u0142anie Ducha \u015awi\u0119tego"},"content":{"rendered":"<ol>\n<li>OG\u0141OSZENIA DUSZPASTERSKIE<br \/>\nZES\u0141ANIE DUCHA \u015aWI\u0118TEGO<br \/>\n20 maja 2018 r.<br \/>\nMISJA EWANGELIZACYJNA W POZNANIU<br \/>\nW dniach 21.05 &#8211; 27.05 odb\u0119dzie si\u0119 Misja Talitha kum &#8211; ewangelizacja naszego miasta. Inicjatywa ta jest realizowana w ramach obchod\u00f3w 1050 rocznicy biskupstwa w\u00a0Poznaniu.<br \/>\nW tym czasie odb\u0119d\u0105 si\u0119 liczne wydarzenia. Pragniemy zaprosi\u0107 wszystkich diecezjan do szczeg\u00f3lnego w\u0142\u0105czenia si\u0119 w nast\u0119puj\u0105ce inicjatywy:<br \/>\n1) Adoracja Naj\u015bwi\u0119tszego Sakramentu &#8211; modlitwa w intencji ewangelizacji ko\u015bci\u00f3\u0142 Naj\u015bwi\u0119tszego Zbawiciela, od \u015brody 23.05 do pi\u0105tku 24.05, w godzinach 7.45 &#8211; 18.00<br \/>\n2) Rekolekcje w Farze Pozna\u0144skiej od \u015brody 23.05 do soboty 26.05 o godzinie 19.00. Rekolekcje prowadz\u0105 o. Antonello Caddedu oraz o. Pedro Mariano ze wsp\u00f3lnoty Przymierze Mi\u0142osierdzia z Brazylii.<br \/>\n3) G\u00f3ra Modlitwy \u2013 modlitwa uwielbienia Boga sobota, ko\u015bci\u00f3\u0142 pw. \u015bw. Marcina w godzinach 10.00-16.00<br \/>\n4) Uroczysta Eucharystia w niedziel\u0119 27.05 o godzinie 13.00, na Placu Wolno\u015bci, pod przewodnictwem Abpa Stanis\u0142awa G\u0105deckiego. B\u0119dzie to czas podzi\u0119kowania Panu Bogu za owoce Misji. Zapraszamy ca\u0142e rodziny do wsp\u00f3lnej modlitwy. Szczeg\u00f3\u0142y dotycz\u0105ce wydarze\u0144 znajduj\u0105 si\u0119 na stronie misjapoznan.pl i tablicy og\u0142osze\u0144.<br \/>\nOg\u0142oszenia parafialne<br \/>\n1. W poniedzia\u0142ek, II \u015bwi\u0119to Zielonych \u015awi\u0105t, \u015awi\u0119to Naj\u015bwi\u0119tszej Maryi Panny Matki Ko\u015bcio\u0142a. Zapraszamy na msz\u0119 \u015bw. o godz.: 8.00 i 18.00.<br \/>\n2. Odpust w naszej Parafii. Ojciec \u015bw. Benedykt XVI ustanowi\u0142 \u015bwi\u0119to Jezusa Chrystusa Najwy\u017cszego i Wiecznego Kap\u0142ana, obchodzone w czwartek po Zes\u0142aniu Ducha \u015awi\u0119tego. Zatem Odpust w naszej parafii w najbli\u017cszy czwartek. Adoracja Naj\u015bwi\u0119tszego Sakramentu o godz. 18.00 w intencji Ojca \u015bw. Franciszka, o powo\u0142ania kap\u0142a\u0144skie i za Ko\u015bci\u00f3\u0142 w Chinach oraz suma odpustowa o godz. 19.00. Sum\u0119 odprawi ks. Krystian Sammler.<br \/>\n3.Kr\u0105g Biblijny w \u015brod\u0119 po wieczornej mszy \u015bw. w salce parafialnej. Nadzwyczajne spotkanie wsp\u00f3lnoty r\u00f3\u017ca\u0144cowej w \u015brod\u0119 po wieczornej mszy \u015bw. w ko\u015bciele.<br \/>\n4. Zapraszamy ch\u0142opc\u00f3w chc\u0105cych s\u0142u\u017cy\u0107 jako ministranci na zbi\u00f3rk\u0119 kandydat\u00f3w w pi\u0105tek o godz. 16.45 do ko\u015bcio\u0142a.<br \/>\n5. Zapraszamy do kina parafialnego w sobot\u0119, o godz. 19.00 na film pt. \u201eZerwany k\u0142os\u201d.<br \/>\n6. Podzi\u0119kowanie dla rodzic\u00f3w dzieci pierwszokomunijnych za przygotowanie ko\u015bcio\u0142a na uroczysto\u015b\u0107 pierwszokomunijn\u0105. Prosimy rodzic\u00f3w dzieci klas III o przygotowanie o\u0142tarza na procesj\u0119 Bo\u017cego Cia\u0142a. Spotkanie w sprawie o\u0142tarzy na Bo\u017ce Cia\u0142o dla wszystkich przygotowuj\u0105cych o\u0142tarze w pi\u0105tek o godz. 18.45 w salce parafialnej.<\/li>\n<\/ol>\n","protected":false},"excerpt":{"rendered":"<p>OG\u0141OSZENIA DUSZPASTERSKIE ZES\u0141ANIE DUCHA \u015aWI\u0118TEGO 20 maja 2018 r. MISJA EWANGELIZACYJNA W POZNANIU W dniach 21.05 &#8211; 27.05 odb\u0119dzie si\u0119 Misja Talitha kum &#8211; ewangelizacja naszego miasta. Inicjatywa ta jest realizowana w ramach obchod\u00f3w 1050 rocznicy biskupstwa w\u00a0Poznaniu. W tym czasie odb\u0119d\u0105 si\u0119 liczne wydarzenia. Pragniemy zaprosi\u0107 wszystkich diecezjan do szczeg\u00f3lnego w\u0142\u0105czenia si\u0119 w nast\u0119puj\u0105ce &#8230; <span class=\"more\"><a class=\"more-link\" href=\"https:\/\/www.chnk.pl\/?p=1992\">czytaj wi\u0119cej<\/a><\/span><\/p>\n","protected":false},"author":3,"featured_media":0,"comment_status":"open","ping_status":"open","sticky":false,"template":"","format":"standard","meta":{"ngg_post_thumbnail":0,"footnotes":""},"categories":[3,1],"tags":[],"_links":{"self":[{"href":"https:\/\/www.chnk.pl\/index.php?rest_route=\/wp\/v2\/posts\/1992"}],"collection":[{"href":"https:\/\/www.chnk.pl\/index.php?rest_route=\/wp\/v2\/posts"}],"about":[{"href":"https:\/\/www.chnk.pl\/index.php?rest_route=\/wp\/v2\/types\/post"}],"author":[{"embeddable":true,"href":"https:\/\/www.chnk.pl\/index.php?rest_route=\/wp\/v2\/users\/3"}],"replies":[{"embeddable":true,"href":"https:\/\/www.chnk.pl\/index.php?rest_route=%2Fwp%2Fv2%2Fcomments&post=1992"}],"version-history":[{"count":1,"href":"https:\/\/www.chnk.pl\/index.php?rest_route=\/wp\/v2\/posts\/1992\/revisions"}],"predecessor-version":[{"id":1993,"href":"https:\/\/www.chnk.pl\/index.php?rest_route=\/wp\/v2\/posts\/1992\/revisions\/1993"}],"wp:attachment":[{"href":"https:\/\/www.chnk.pl\/index.php?rest_route=%2Fwp%2Fv2%2Fmedia&parent=1992"}],"wp:term":[{"taxonomy":"category","embeddable":true,"href":"https:\/\/www.chnk.pl\/index.php?rest_route=%2Fwp%2Fv2%2Fcategories&post=1992"},{"taxonomy":"post_tag","embeddable":true,"href":"https:\/\/www.chnk.pl\/index.php?rest_route=%2Fwp%2Fv2%2Ftags&post=1992"}],"curies":[{"name":"wp","href":"https:\/\/api.w.org\/{rel}","templated":true}]}}