{"id":1988,"date":"2018-05-20T08:30:59","date_gmt":"2018-05-20T08:30:59","guid":{"rendered":"http:\/\/www.chnk.pl\/?p=1988"},"modified":"2018-05-20T08:30:59","modified_gmt":"2018-05-20T08:30:59","slug":"misja-ewangelizacyjna","status":"publish","type":"post","link":"https:\/\/www.chnk.pl\/?p=1988","title":{"rendered":"Misja Ewangelizacyjna"},"content":{"rendered":"<p>MISJA EWANGELIZACYJNA W POZNANIU<\/p>\n<p>W dniach 21.05 &#8211; 27.05 odb\u0119dzie si\u0119 Misja Talitha kum &#8211; ewangelizacja naszego miasta. Inicjatywa ta jest realizowana w ramach obchod\u00f3w 1050 rocznicy biskupstwa w\u00a0Poznaniu.<br \/>\nW tym czasie odb\u0119d\u0105 si\u0119 liczne wydarzenia. Pragniemy zaprosi\u0107 wszystkich diecezjan do szczeg\u00f3lnego w\u0142\u0105czenia si\u0119 w nast\u0119puj\u0105ce inicjatywy:<br \/>\n1) Adoracja Naj\u015bwi\u0119tszego Sakramentu &#8211; modlitwa w intencji ewangelizacji<br \/>\nko\u015bci\u00f3\u0142 Naj\u015bwi\u0119tszego Zbawiciela, ul. Fredry\u00a0.<br \/>\nod \u015brody 23.05 do pi\u0105tku 24.05, w godzinach 7.45 &#8211; 18.00<br \/>\n2) Rekolekcje w Farze Pozna\u0144skiej<br \/>\nod \u015brody 23.05 do soboty 26.05 o godzinie 19.00.<br \/>\nrekolekcje prowadz\u0105 o. Antonello Caddedu oraz o. Pedro Mariano ze wsp\u00f3lnoty Przymierze Mi\u0142osierdzia z Brazylii.<br \/>\n3) G\u00f3ra Modlitwy \u2013 modlitwa uwielbienia Boga<br \/>\nsobota, ko\u015bci\u00f3\u0142 pw. \u015bw. Marcina w godzinach 10.00-16.00<br \/>\n4) Uroczysta Eucharystia<br \/>\nW niedziel\u0119 27.05 o godzinie 13.00, na Placu Wolno\u015bci, pod przewodnictwem Abpa Stanis\u0142awa G\u0105deckiego<br \/>\nB\u0119dzie to czas podzi\u0119kowania Panu Bogu za owoce Misji.<br \/>\nZapraszamy ca\u0142e rodziny do wsp\u00f3lnej modlitwy.<br \/>\nSzczeg\u00f3\u0142y dotycz\u0105ce wydarze\u0144 znajduj\u0105 si\u0119 na stronie misjapoznan.pl.<\/p>\n<p>&nbsp;<\/p>\n","protected":false},"excerpt":{"rendered":"<p>MISJA EWANGELIZACYJNA W POZNANIU W dniach 21.05 &#8211; 27.05 odb\u0119dzie si\u0119 Misja Talitha kum &#8211; ewangelizacja naszego miasta. Inicjatywa ta jest realizowana w ramach obchod\u00f3w 1050 rocznicy biskupstwa w\u00a0Poznaniu. W tym czasie odb\u0119d\u0105 si\u0119 liczne wydarzenia. Pragniemy zaprosi\u0107 wszystkich diecezjan do szczeg\u00f3lnego w\u0142\u0105czenia si\u0119 w nast\u0119puj\u0105ce inicjatywy: 1) Adoracja Naj\u015bwi\u0119tszego Sakramentu &#8211; modlitwa w intencji &#8230; <span class=\"more\"><a class=\"more-link\" href=\"https:\/\/www.chnk.pl\/?p=1988\">czytaj wi\u0119cej<\/a><\/span><\/p>\n","protected":false},"author":3,"featured_media":0,"comment_status":"open","ping_status":"open","sticky":false,"template":"","format":"standard","meta":{"ngg_post_thumbnail":0,"footnotes":""},"categories":[4],"tags":[],"_links":{"self":[{"href":"https:\/\/www.chnk.pl\/index.php?rest_route=\/wp\/v2\/posts\/1988"}],"collection":[{"href":"https:\/\/www.chnk.pl\/index.php?rest_route=\/wp\/v2\/posts"}],"about":[{"href":"https:\/\/www.chnk.pl\/index.php?rest_route=\/wp\/v2\/types\/post"}],"author":[{"embeddable":true,"href":"https:\/\/www.chnk.pl\/index.php?rest_route=\/wp\/v2\/users\/3"}],"replies":[{"embeddable":true,"href":"https:\/\/www.chnk.pl\/index.php?rest_route=%2Fwp%2Fv2%2Fcomments&post=1988"}],"version-history":[{"count":2,"href":"https:\/\/www.chnk.pl\/index.php?rest_route=\/wp\/v2\/posts\/1988\/revisions"}],"predecessor-version":[{"id":1990,"href":"https:\/\/www.chnk.pl\/index.php?rest_route=\/wp\/v2\/posts\/1988\/revisions\/1990"}],"wp:attachment":[{"href":"https:\/\/www.chnk.pl\/index.php?rest_route=%2Fwp%2Fv2%2Fmedia&parent=1988"}],"wp:term":[{"taxonomy":"category","embeddable":true,"href":"https:\/\/www.chnk.pl\/index.php?rest_route=%2Fwp%2Fv2%2Fcategories&post=1988"},{"taxonomy":"post_tag","embeddable":true,"href":"https:\/\/www.chnk.pl\/index.php?rest_route=%2Fwp%2Fv2%2Ftags&post=1988"}],"curies":[{"name":"wp","href":"https:\/\/api.w.org\/{rel}","templated":true}]}}