{"id":1985,"date":"2018-05-12T16:52:48","date_gmt":"2018-05-12T16:52:48","guid":{"rendered":"http:\/\/www.chnk.pl\/?p=1985"},"modified":"2018-05-12T16:52:48","modified_gmt":"2018-05-12T16:52:48","slug":"7-niedziela-wielkanocy","status":"publish","type":"post","link":"https:\/\/www.chnk.pl\/?p=1985","title":{"rendered":"7 Niedziela Wielkanocy"},"content":{"rendered":"<p>OG\u0141OSZENIA DUSZPASTERSKIE<br \/>\nNIEDZIELA VII WIELKANOCY<br \/>\nWNIEBOWST\u0104PIENIE PA\u0143SKIE<br \/>\n13 maja 2018 r.<br \/>\n1. Trwa Jubileusz 1050 lecia pierwszego biskupstwa w Poznaniu i na ziemiach polskich. Centralne uroczysto\u015bci jubileuszowe odb\u0119d\u0105 si\u0119 w dniach od 22 do 24 czerwca br. Najbli\u017csza sobota, Wigilia Zes\u0142ania Ducha \u015awi\u0119tego, b\u0119dzie \u015bwi\u0119towaniem Jubileuszu we wszystkich parafiach Archidiecezji Pozna\u0144skiej. B\u0119dziemy sk\u0142ada\u0107 Panu Bogu dzi\u0119kczynienie za 1050 lat istnienia pierwszego na ziemiach polskich biskupstwa Archidiecezji Pozna\u0144skiej. Zewn\u0119trznym wyrazem parafialnego \u015bwi\u0119towania b\u0119dzie uroczysta liturgia Mszy \u015awi\u0119tej z Wigilii Zes\u0142ania Ducha \u015awi\u0119tego oraz bicie dzwon\u00f3w ko\u015bcielnych o godzinie 20:00 we wszystkich ko\u015bcio\u0142ach parafialnych Archidiecezji Pozna\u0144skiej. W naszej Parafii zapraszamy na uroczyst\u0105 msz\u0119 \u015bw. w sobot\u0119 o godz. 18.00 i czuwanie modlitewne do godz. 21.00. Nale\u017cy si\u0119 przygotowa\u0107, \u017ce uroczysto\u015b\u0107 b\u0119dzie trwa\u0142a d\u0142u\u017cej ni\u017c zazwyczaj trwa sobotnia msza \u015bw. Zapraszamy jednak Parafian do udzia\u0142u w tej rozbudowanej liturgicznie Eucharystii. Przynosimy \u015bwiece. Na t\u0119 uroczyst\u0105 msz\u0119 \u015bw. zapraszamy wszystkie wsp\u00f3lnoty i parafian, kt\u00f3rzy brali udzia\u0142 w Wigilii Zmartwychwstania Pa\u0144skiego w Wielk\u0105 Sobot\u0119.<br \/>\n2. Il DIVO to \u015bwiatowej s\u0142awy kwartet wokalny, kt\u00f3ry u\u015bwietni uroczysto\u015bci Jubileuszu 1050 lecia Biskupstwa na ziemiach polskich. Bezp\u0142atne bilety na koncert b\u0119dzie mo\u017cna otrzyma\u0107 tak\u017ce w naszej parafii.<br \/>\n3. Nabo\u017ce\u0144stwa majowe o godz. 17.30, oraz dodatkowo w: poniedzia\u0142ek, \u015brod\u0119 i sobot\u0119 o godz. 20.30 z Apelem Jasnog\u00f3rskim.<br \/>\n4. Bia\u0142y Tydzie\u0144 od poniedzia\u0142ku do czwartku. Msza \u015bw. o godz. 18.00. W pi\u0105tek pielgrzymka Jubileuszowa dzieci pierwszokomunijnych do Katedry. Gromadzimy si\u0119 w pi\u0105tek, przed ko\u015bcio\u0142em, o godz. 17.00 Dzieci przychodz\u0105 w strojach komunijnych.<br \/>\n5. Kr\u0105g biblijny w \u015brod\u0119 po wieczornej mszy \u015bw.<br \/>\n6. Msza \u015bw. w rocznic\u0119 I Komunii \u015bw. dla dzieci z klas 4, w czwartek, 17 maja, o godz. 19.15. Dzieci uczestnicz\u0105 w strojach pierwszokomunijnych lub lub innych od\u015bwi\u0119tnych ubraniach. Na t\u0119 uroczyst\u0105 msz\u0119 \u015bw. dzieci przynosz\u0105 ksi\u0105\u017ceczki pierwszopi\u0105tkowe. Okazja do spowiedzi \u015bw. dla tych dzieci w \u015brod\u0119 od godz. 16.30 do 17.30.<br \/>\n7. Zbli\u017ca si\u0119 Uroczysto\u015b\u0107 Bo\u017cego Cia\u0142a. Prosimy, aby o\u0142tarze przygotowali: I &#8211; Rodzice dzieci klas trzecich. II &#8211; Rodzice ministrant\u00f3w III &#8211; M\u0142odzie\u017c i m\u0142ode ma\u0142\u017ce\u0144stwa, IV &#8211; Wsp\u00f3lnoty R\u00f3\u017ca\u0144cowe.<br \/>\n8. Zapraszamy na rekolekcje o Duchu \u015awi\u0119tym: &#8222;Daj si\u0119 rozpali\u0107 Duchowi \u015awi\u0119temu&#8221; 16-19.05.2018r. w parafii \u015aw. Jana Marii Vianneya w Poznaniu o godz. 18.30 Msza \u015aw. z kazaniem, a po niej adoracja i modlitwa wstawiennicza. Prowadz\u0105cy ks. Adam Paw\u0142owski z Przymierzem Mi\u0142osierdzia i Akademi\u0105 Mi\u0142o\u015bci.<br \/>\n9. Parafia \u015bw. Ojca Pio w Poznaniu organizuje pielgrzymki do San Giovanni Rotondo w ramach Narodowej Pielgrzymki do Ojca Pio: Autokarowa w terminie; 8-16 pa\u017adziernika br. koszt 2150 z\u0142, Samolotowa w terminie;9-14 pa\u017adziernika br. koszt 2750 z\u0142. Zapisy; ks. Andrzej Herkt; tel.608398930. Szczeg\u00f3\u0142owy program na stronie www.pio.archpoznan.pl w zak\u0142adce; Aktualno\u015bci. Wp\u0142ata 500 z\u0142.<br \/>\n10. Zach\u0119camy do czytania prasy katolickiej. Przy zakrystii: Przewodnik Katolicki, Ma\u0142y Przewodnik Katolicki, Go\u015b\u0107 Niedzielny, Ziarno, gazetka parafialna, dla przedszkolak\ue26b Ola i Ja\u015b.<\/p>\n","protected":false},"excerpt":{"rendered":"<p>OG\u0141OSZENIA DUSZPASTERSKIE NIEDZIELA VII WIELKANOCY WNIEBOWST\u0104PIENIE PA\u0143SKIE 13 maja 2018 r. 1. Trwa Jubileusz 1050 lecia pierwszego biskupstwa w Poznaniu i na ziemiach polskich. Centralne uroczysto\u015bci jubileuszowe odb\u0119d\u0105 si\u0119 w dniach od 22 do 24 czerwca br. Najbli\u017csza sobota, Wigilia Zes\u0142ania Ducha \u015awi\u0119tego, b\u0119dzie \u015bwi\u0119towaniem Jubileuszu we wszystkich parafiach Archidiecezji Pozna\u0144skiej. B\u0119dziemy sk\u0142ada\u0107 Panu Bogu &#8230; <span class=\"more\"><a class=\"more-link\" href=\"https:\/\/www.chnk.pl\/?p=1985\">czytaj wi\u0119cej<\/a><\/span><\/p>\n","protected":false},"author":3,"featured_media":0,"comment_status":"open","ping_status":"open","sticky":false,"template":"","format":"standard","meta":{"ngg_post_thumbnail":0,"footnotes":""},"categories":[4,3],"tags":[],"_links":{"self":[{"href":"https:\/\/www.chnk.pl\/index.php?rest_route=\/wp\/v2\/posts\/1985"}],"collection":[{"href":"https:\/\/www.chnk.pl\/index.php?rest_route=\/wp\/v2\/posts"}],"about":[{"href":"https:\/\/www.chnk.pl\/index.php?rest_route=\/wp\/v2\/types\/post"}],"author":[{"embeddable":true,"href":"https:\/\/www.chnk.pl\/index.php?rest_route=\/wp\/v2\/users\/3"}],"replies":[{"embeddable":true,"href":"https:\/\/www.chnk.pl\/index.php?rest_route=%2Fwp%2Fv2%2Fcomments&post=1985"}],"version-history":[{"count":1,"href":"https:\/\/www.chnk.pl\/index.php?rest_route=\/wp\/v2\/posts\/1985\/revisions"}],"predecessor-version":[{"id":1986,"href":"https:\/\/www.chnk.pl\/index.php?rest_route=\/wp\/v2\/posts\/1985\/revisions\/1986"}],"wp:attachment":[{"href":"https:\/\/www.chnk.pl\/index.php?rest_route=%2Fwp%2Fv2%2Fmedia&parent=1985"}],"wp:term":[{"taxonomy":"category","embeddable":true,"href":"https:\/\/www.chnk.pl\/index.php?rest_route=%2Fwp%2Fv2%2Fcategories&post=1985"},{"taxonomy":"post_tag","embeddable":true,"href":"https:\/\/www.chnk.pl\/index.php?rest_route=%2Fwp%2Fv2%2Ftags&post=1985"}],"curies":[{"name":"wp","href":"https:\/\/api.w.org\/{rel}","templated":true}]}}