{"id":1977,"date":"2018-05-05T18:59:49","date_gmt":"2018-05-05T18:59:49","guid":{"rendered":"http:\/\/www.chnk.pl\/?p=1977"},"modified":"2018-05-05T19:00:11","modified_gmt":"2018-05-05T19:00:11","slug":"6-niedziela-wielkanocna","status":"publish","type":"post","link":"https:\/\/www.chnk.pl\/?p=1977","title":{"rendered":"6 Niedziela Wielkanocna"},"content":{"rendered":"<p class=\"western\" align=\"center\"><span style=\"font-size: x-large;\"><b>OG\u0141OSZENIA DUSZPASTERSKIE<\/b><\/span><\/p>\n<p class=\"western\" align=\"right\"><span style=\"font-size: large;\"><b>NIEDZIELA VI WIELKANOCNA<\/b><\/span><\/p>\n<p class=\"western\" align=\"right\"><span style=\"font-size: large;\"><b>6 maja 2018 r.<\/b><\/span><\/p>\n<p class=\"western\" align=\"justify\"><span style=\"color: #000000;\"><span style=\"font-size: large;\"><span lang=\"pl-PL\"><b>1. <\/b><\/span><\/span><\/span><span style=\"color: #000000;\"><span style=\"font-size: large;\"><span lang=\"pl-PL\">Kalendarz liturgiczny: uroczysto\u015b\u0107 \u015bw. Stanis\u0142awa bpa i m., g\u0142\u00f3wnego patrona Polski i Archidiecezji, sobota \u2013 \u015bw. Nereusza i Achillesa oraz \u015bw. Pankracego.<\/span><\/span><\/span><\/p>\n<p class=\"western\" align=\"justify\"><strong><span style=\"color: #000000;\"><span style=\"font-size: large;\"><span lang=\"pl-PL\"><b>2. <\/b><\/span><\/span><\/span><\/strong><strong><span style=\"color: #000000;\"><span style=\"font-size: large;\"><span lang=\"pl-PL\">Nabo\u017ce\u0144stwa majowe codziennie o godz. 17.30, oraz dodatkowo w poniedzia\u0142ki, \u015brody i soboty o godz. 20.30. W tym tygodniu, we wtorek, majowe nabo\u017ce\u0144stwo przed msz\u0105 \u015bw. porann\u0105 w \u0142\u0105czno\u015bci z r\u00f3\u017ca\u0144cem do Matki Bo\u017cej Patronki Dobrej \u015amierci. \u015arodowa nowenna do Matki Bo\u017cej Nieustaj\u0105cej Pomocy w razem z majowym nabo\u017ce\u0144stwem.<\/span><\/span><\/span><\/strong><\/p>\n<p align=\"justify\"><strong><span style=\"color: #000000;\"><span style=\"font-size: large;\"><span lang=\"pl-PL\"><b>3. <\/b><\/span><\/span><\/span><\/strong><strong><span style=\"color: #000000;\"><span style=\"font-size: large;\"><span lang=\"pl-PL\">We wtorek ks. bp. Grzegorz Balcerek udzieli sakramentu bierzmowania m\u0142odzie\u017cy z naszej parafii na mszy \u015bw. o godz. 18.00.<\/span><\/span><\/span><\/strong><b> <\/b><strong><span style=\"color: #000000;\"><span style=\"font-size: large;\"><span lang=\"pl-PL\">Pr\u00f3ba generalna dla kandydat\u00f3w do bierzmowania i \u015bwiadk\u00f3w w poniedzia\u0142ek o godz. 19.00.<\/span><\/span><\/span><\/strong><b> <\/b><strong><span style=\"color: #000000;\"><span style=\"font-size: large;\"><span lang=\"pl-PL\">Pos\u0142ug\u0119 Ksi\u0119dza Biskupa i m\u0142odzie\u017c polecamy modlitwie parafian.<\/span><\/span><\/span><\/strong><\/p>\n<p align=\"justify\"><strong><span style=\"color: #000000;\"><span style=\"font-size: large;\"><span lang=\"pl-PL\"><b>4. <\/b><\/span><\/span><\/span><\/strong><strong><span style=\"color: #000000;\"><span style=\"font-size: large;\"><span lang=\"pl-PL\">W poniedzia\u0142ek, wtorek i \u015brod\u0119 dni modlitwy o dobre urodzaje i za kraje g\u0142oduj\u0105ce. We wtorek po mszy \u015bw. porannej procesja b\u0142agalna do krzy\u017ca i litania do \u015awi\u0119tych.<\/span><\/span><\/span><\/strong><\/p>\n<p align=\"justify\"><strong><span style=\"color: #000000;\"><span style=\"font-size: large;\"><span lang=\"pl-PL\"><b>5. <\/b><\/span><\/span><\/span><\/strong><strong><span style=\"color: #000000;\"><span style=\"font-size: large;\"><span lang=\"pl-PL\">Kr\u0105g Biblijny w \u015brod\u0119 o godz. 19.00 w salce parafialnej.<\/span><\/span><\/span><\/strong><\/p>\n<p align=\"justify\"><strong><span style=\"color: #000000;\"><span style=\"font-size: large;\"><span lang=\"pl-PL\"><b>6.<\/b><\/span><\/span><\/span><\/strong><strong><span style=\"color: #000000;\"><span style=\"font-size: large;\"><span lang=\"pl-PL\"> Zbi\u00f3rka ministrant\u00f3w senior\u00f3w w czwartek o godz. 19.00<\/span><\/span><\/span><\/strong><\/p>\n<p align=\"justify\"><strong><span style=\"color: #000000;\"><span style=\"font-size: large;\"><span lang=\"pl-PL\"><b>7.<\/b><\/span><\/span><\/span><\/strong><strong><span style=\"color: #000000;\"><span style=\"font-size: large;\"><span lang=\"pl-PL\"> Dzieci pierwszokomunijne \u2013 pr\u00f3by liturgiczne w \u015brod\u0119, czwartek i w pi\u0105tek o godz. 16.00, rozpocz\u0119cie przy krzy\u017cu. Spowied\u017a \u015bw. dzieci w sobot\u0119: ch\u0142opcy o godz. 10.00, dziewczynki o godz. 11.00. Spowied\u017a \u015bw. dla rodzin w sobot\u0119 od godz. 16.00 do 19.00. Dekorowanie ko\u015bcio\u0142a przez rodzic\u00f3w w pi\u0105tek o godz. 19.00.<\/span><\/span><\/span><\/strong><\/p>\n<p align=\"justify\"><span style=\"color: #000000;\"><span style=\"font-size: large;\"><span lang=\"pl-PL\"><b>8. <\/b><\/span><\/span><\/span><span style=\"color: #000000;\"><span style=\"font-size: large;\"><span lang=\"pl-PL\">W przysz\u0142\u0105 niedziel\u0119, w uroczysto\u015b\u0107 Wniebowst\u0105pienia Pa\u0144skiego, 13 maja, o godz. 11.00, dzieci przyst\u0105pi\u0105 do I Komunii \u015bw. Prosimy wszystkich zwykle uczestnicz\u0105cych we mszy \u015bw. o godz. 11.15, aby w przysz\u0142\u0105 niedziel\u0119 wybrali inn\u0105 godzin\u0119.<\/span><\/span><\/span><\/p>\n<p class=\"western\" align=\"justify\"><span style=\"color: #000000;\"><span style=\"font-family: 'Times New Roman', serif;\"><span style=\"font-size: large;\"><span lang=\"pl-PL\"><b>9. <\/b><\/span><\/span><\/span><\/span><span style=\"color: #000000;\"><span style=\"font-family: 'Times New Roman', serif;\"><span style=\"font-size: large;\"><span lang=\"pl-PL\">Rocznica I Komunii \u015bw. w czwartek, 17 maja na mszy \u015bw. o godz. 19.15. Zebranie rodzic\u00f3w tych dzieci w najbli\u017csz\u0105 \u015brod\u0119, 9 maja, o godz. 19.00 w ko\u015bciele.<\/span><\/span><\/span><\/span><\/p>\n<p class=\"western\" align=\"justify\"><span style=\"color: #000000;\"><span style=\"font-family: 'Times New Roman', serif;\"><span style=\"font-size: large;\"><span lang=\"pl-PL\"><b>10.<\/b><\/span><\/span><\/span><\/span><span style=\"color: #000000;\"><span style=\"font-family: 'Times New Roman', serif;\"><span style=\"font-size: large;\"><span lang=\"pl-PL\"> W ramach VERBA SACRA rozpocz\u0105\u0142 si\u0119 nowy cykl \u2013 Biblia Trzeciego Tysi\u0105clecia. Stary i Nowy Testament jest czytany od pocz\u0105tku, ksi\u0119ga po ksi\u0119dze, z udzia\u0142em wybitnych polskich aktor\u00f3w i w nowej oprawie muzycznej. Jako si\u00f3dma cz\u0119\u015b\u0107 zostanie zaprezentowana Ksi\u0119ga Powt\u00f3rzonego Prawa. Wyst\u0105pi wybitna polska aktorka Halina \u0141abonarska. Zapraszamy do Katedry w niedziel\u0119 13 maja o godz. 17:00. Wst\u0119p wolny.<\/span><\/span><\/span><\/span><\/p>\n<h1 class=\"western\" align=\"justify\"><\/h1>\n<h1 class=\"western\" align=\"justify\"><span style=\"color: #000000;\"><span style=\"font-family: 'Times New Roman', serif;\"><span style=\"font-size: large;\"><span lang=\"pl-PL\"><b>11. <\/b><\/span><\/span><\/span><\/span><span style=\"color: #000000;\"><span style=\"font-family: 'Times New Roman', serif;\"><span style=\"font-size: large;\"><span lang=\"pl-PL\">B\u00f3g zap\u0142a\u0107 za ofiary na danin\u0119 diecezjaln\u0105 i doposa\u017canie naszego ko\u015bcio\u0142a i za ofiary sk\u0142adane dzisiaj na misje. <\/span><\/span><\/span><\/span><\/h1>\n<p class=\"western\" align=\"justify\"><span style=\"color: #000000;\"><span style=\"font-family: 'Times New Roman', serif;\"><span style=\"font-size: large;\"><span lang=\"pl-PL\"><b>12<\/b><\/span><\/span><\/span><\/span><span style=\"color: #000000;\"><span style=\"font-family: 'Times New Roman', serif;\"><span style=\"font-size: large;\"><span lang=\"pl-PL\">. Zach\u0119camy do czytania prasy religijnej. Przy zakrystii:Przewodnik Katolicki<\/span><\/span><\/span><\/span><span style=\"color: #000000;\"><span style=\"font-family: 'Times New Roman', serif;\"><span style=\"font-size: large;\"><span lang=\"pl-PL\">, Nasza Droga <\/span><\/span><\/span><\/span><span style=\"color: #000000;\"><span style=\"font-family: 'Times New Roman', serif;\"><span style=\"font-size: large;\"><span lang=\"pl-PL\">Droga (dwutygodnik dla m\u0142odzie\u017cy), Ma\u0142y przewodnik Katolicki, Ola i Ja\u015b (dla przedszkolak\u00f3w), Go\u015b\u0107 Niedzielny, Egzorcysta i gazetka parafialna. <\/span><\/span><\/span><\/span><\/p>\n","protected":false},"excerpt":{"rendered":"<p>OG\u0141OSZENIA DUSZPASTERSKIE NIEDZIELA VI WIELKANOCNA 6 maja 2018 r. 1. Kalendarz liturgiczny: uroczysto\u015b\u0107 \u015bw. Stanis\u0142awa bpa i m., g\u0142\u00f3wnego patrona Polski i Archidiecezji, sobota \u2013 \u015bw. Nereusza i Achillesa oraz \u015bw. Pankracego. 2. Nabo\u017ce\u0144stwa majowe codziennie o godz. 17.30, oraz dodatkowo w poniedzia\u0142ki, \u015brody i soboty o godz. 20.30. W tym tygodniu, we wtorek, majowe &#8230; <span class=\"more\"><a class=\"more-link\" href=\"https:\/\/www.chnk.pl\/?p=1977\">czytaj wi\u0119cej<\/a><\/span><\/p>\n","protected":false},"author":3,"featured_media":0,"comment_status":"open","ping_status":"open","sticky":false,"template":"","format":"standard","meta":{"ngg_post_thumbnail":0,"footnotes":""},"categories":[4,3],"tags":[],"_links":{"self":[{"href":"https:\/\/www.chnk.pl\/index.php?rest_route=\/wp\/v2\/posts\/1977"}],"collection":[{"href":"https:\/\/www.chnk.pl\/index.php?rest_route=\/wp\/v2\/posts"}],"about":[{"href":"https:\/\/www.chnk.pl\/index.php?rest_route=\/wp\/v2\/types\/post"}],"author":[{"embeddable":true,"href":"https:\/\/www.chnk.pl\/index.php?rest_route=\/wp\/v2\/users\/3"}],"replies":[{"embeddable":true,"href":"https:\/\/www.chnk.pl\/index.php?rest_route=%2Fwp%2Fv2%2Fcomments&post=1977"}],"version-history":[{"count":1,"href":"https:\/\/www.chnk.pl\/index.php?rest_route=\/wp\/v2\/posts\/1977\/revisions"}],"predecessor-version":[{"id":1978,"href":"https:\/\/www.chnk.pl\/index.php?rest_route=\/wp\/v2\/posts\/1977\/revisions\/1978"}],"wp:attachment":[{"href":"https:\/\/www.chnk.pl\/index.php?rest_route=%2Fwp%2Fv2%2Fmedia&parent=1977"}],"wp:term":[{"taxonomy":"category","embeddable":true,"href":"https:\/\/www.chnk.pl\/index.php?rest_route=%2Fwp%2Fv2%2Fcategories&post=1977"},{"taxonomy":"post_tag","embeddable":true,"href":"https:\/\/www.chnk.pl\/index.php?rest_route=%2Fwp%2Fv2%2Ftags&post=1977"}],"curies":[{"name":"wp","href":"https:\/\/api.w.org\/{rel}","templated":true}]}}