{"id":1974,"date":"2018-04-29T10:00:49","date_gmt":"2018-04-29T10:00:49","guid":{"rendered":"http:\/\/www.chnk.pl\/?p=1974"},"modified":"2018-04-29T10:01:06","modified_gmt":"2018-04-29T10:01:06","slug":"5-niedziela-wielkanocna","status":"publish","type":"post","link":"https:\/\/www.chnk.pl\/?p=1974","title":{"rendered":"5 Niedziela Wielkanocna"},"content":{"rendered":"<p>OG\u0141OSZENIA DUSZPASTERSKIE<br \/>\nNIEDZIELA V WIELKANOCNA<br \/>\n29 kwietnia 2018 r.<br \/>\n1. Kalendarz liturgiczny: poniedzia\u0142ek \u2013 \u015aw. Piusa V, wtorek \u2013 \u015bw. J\u00f3zefa Rzemie\u015blnika, \u015broda \u2013 \u015bw. Atanazego, czwartek \u2013 uroczysto\u015b\u0107 NMP Kr\u00f3lowej Polski, pi\u0105tek \u2013 \u015bw. Floriana, sobota &#8211; \u015bw. Stanis\u0142awa Ka\u017amierczyka.<br \/>\n2. W czwartek uroczysto\u015b\u0107 Naj\u015bwi\u0119tszej Maryi Panny Kr\u00f3lowej Polski, g\u0142\u00f3wnej patronki Polski. Porz\u0105dek odprawiania mszy \u015bw. jak w niedziel\u0119. Prosimy o flagowanie mieszka\u0144 barwami maryjnymi i narodowymi.<br \/>\n3. Nabo\u017ce\u0144stwa majowe od wtorku codziennie o godz. 17.30, oraz dodatkowo w poniedzia\u0142ki, \u015brody i soboty o godz. 20.30. W \u015brod\u0119 nowenna do Matki Bo\u017cej Nieustaj\u0105cej Pomocy w \u0142\u0105czno\u015bci z majowym nabo\u017ce\u0144stwem.<br \/>\n4. Spotkanie wsp\u00f3lnoty r\u00f3\u017ca\u0144cowej w \u015brod\u0119 po wieczornej mszy \u015bw. w kaplicy.<br \/>\n5. W tym tygodniu : I czwartek, I pi\u0105tek i I sobota miesi\u0105ca. W czwartek adoracja Naj\u015bwi\u0119tszego Sakramentu od godz. 17.00 do 18.00 w intencji poszanowania \u017cycia ludzkiego od pocz\u0119cia do naturalnej \u015bmierci. Po mszy \u015bw. adoracja do godz. 21.00 w intencji zachowania i o nowe powo\u0142ania kap\u0142a\u0144skie oraz zakonne m\u0119skie i \u017ce\u0144skie. Miesi\u0119czna spowied\u017a i Komunia \u015bw. dla klas: 4, 5 i 6 w pi\u0105tek od godz. 15.00, msza \u015bw. pierwszopi\u0105tkowa o godz. 16.30. Od godziny 17.30 spowied\u017a \u015bw. dla gimnazjalist\u00f3w i m\u0142odzie\u017cy. W sobot\u0119 nabo\u017ce\u0144stwo do Niepokalanego Serca Matki Bo\u017cej o godz. 7.15. Odwiedzimy chorych z sakramentami \u015bw. w pi\u0105tek i sobot\u0119 wed\u0142ug sta\u0142ego porz\u0105dku. Nowe zg\u0142oszenia w zakrystii.<br \/>\n6. Adoracja Naj\u015bwi\u0119tszego Sakramentu i i pr\u00f3ba liturgiczna dla kandydat\u00f3w do bierzmowania, w pi\u0105tek o godz. 19.00 w ko\u015bciele.<br \/>\n7. Ksi\u0105dz Arcybiskup Metropolita Pozna\u0144ski Stanis\u0142aw G\u0105decki udzieli\u0142 dyspensy od obowi\u0105zku wstrzemi\u0119\u017aliwo\u015bci od pokarm\u00f3w mi\u0119snych na dzie\u0144 4 maja 2018 r. Kto korzysta z dyspensy winien pomodli\u0107 si\u0119 w intencjach Ojca \u015bw., oraz z\u0142o\u017cy\u0107 ja\u0142mu\u017cn\u0119 lub cz\u0119\u015bciej spe\u0142nia\u0107 uczynki mi\u0142osierdzia chrze\u015bcija\u0144skiego.<br \/>\n8. Zapraszamy ma\u0142\u017ce\u0144stwa na \u201espotkania w drodze\u201d. W najbli\u017csz\u0105 sobot\u0119 spotkanie w salce o godz. 19.00, podczas kt\u00f3rego dzielimy si\u0119 S\u0142owem Bo\u017cym i do\u015bwiadczeniem \u017cycia.<br \/>\n9. W przysz\u0142\u0105 niedziel\u0119 b\u0119dziemy go\u015bci\u0107 panie lekarki-wolontariuszki, kt\u00f3re niebawem wyje\u017cd\u017caj\u0105 na misje. Chc\u0105 zabra\u0107 ze sob\u0105 lekarstwa i opatrunki. B\u0119dzie mo\u017cna wesprze\u0107 ofiar\u0105 ich wolontariat.<br \/>\n10. Rocznica I Komunii \u015bw. w czwartek, 17 maja na mszy \u015bw. o godz. 19.15. Zebranie rodzic\u00f3w tych dzieci w \u015brod\u0119, 9 maja o godz. 19.00 w ko\u015bciele. 11. B\u00f3g zap\u0142a\u0107 za ofiary na danin\u0119 diecezjaln\u0105, za ofiary na nasze Seminarium Duchowne i na doposa\u017canie naszego ko\u015bcio\u0142a. B\u00f3g zap\u0142a\u0107 za elektro\u015bmieci dla CARITAS-u. W minionym Tygodniu zosta\u0142o zmodernizowane nag\u0142o\u015bnienie w ko\u015bciele. 12. Osoby zapisane na pielgrzymk\u0119 do Lwowa prosimy o kolejna wp\u0142at\u0119 400 z\u0142 do ko\u0144ca kwietnia. Jeszcze s\u0105 3 wolne miejsca, osoby zainteresowane pielgrzymk\u0105 prosimy o kontakt z ks. Szymonem. 13. Zach\u0119camy do czytania prasy katolickiej. Przy zakrystii: Podw\u00f3jny numer Przewodnika Katolickiego (W \u201ePrzewodniku\u201d rozmowa z abp. Wojciechem Polakiem, prymasem Polski o rozbrajaniu krytyki papie\u017ca Franciszka ), Ma\u0142y Przewodnik Katolicki, Go\u015b\u0107 Niedzielny, Ziarno, gazetka parafialna, dla przedszkolak\u00f3w Ola i Ja\u015b. 14. M\u00f3dlmy si\u0119 za zmar\u0142ych parafian. Za dusz\u0119 \u015bp. Stanis\u0142awa Kienitza, os. Lecha 3. Msza \u015bw. pogrzebowa w poniedzia\u0142ek, 7 maja o godz. 9.00. Wieczny odpoczynek racz zmar\u0142ym da\u0107 Panie.<\/p>\n","protected":false},"excerpt":{"rendered":"<p>OG\u0141OSZENIA DUSZPASTERSKIE NIEDZIELA V WIELKANOCNA 29 kwietnia 2018 r. 1. Kalendarz liturgiczny: poniedzia\u0142ek \u2013 \u015aw. Piusa V, wtorek \u2013 \u015bw. J\u00f3zefa Rzemie\u015blnika, \u015broda \u2013 \u015bw. Atanazego, czwartek \u2013 uroczysto\u015b\u0107 NMP Kr\u00f3lowej Polski, pi\u0105tek \u2013 \u015bw. Floriana, sobota &#8211; \u015bw. Stanis\u0142awa Ka\u017amierczyka. 2. W czwartek uroczysto\u015b\u0107 Naj\u015bwi\u0119tszej Maryi Panny Kr\u00f3lowej Polski, g\u0142\u00f3wnej patronki Polski. Porz\u0105dek odprawiania &#8230; <span class=\"more\"><a class=\"more-link\" href=\"https:\/\/www.chnk.pl\/?p=1974\">czytaj wi\u0119cej<\/a><\/span><\/p>\n","protected":false},"author":3,"featured_media":0,"comment_status":"open","ping_status":"open","sticky":false,"template":"","format":"standard","meta":{"ngg_post_thumbnail":0,"footnotes":""},"categories":[4,3],"tags":[],"_links":{"self":[{"href":"https:\/\/www.chnk.pl\/index.php?rest_route=\/wp\/v2\/posts\/1974"}],"collection":[{"href":"https:\/\/www.chnk.pl\/index.php?rest_route=\/wp\/v2\/posts"}],"about":[{"href":"https:\/\/www.chnk.pl\/index.php?rest_route=\/wp\/v2\/types\/post"}],"author":[{"embeddable":true,"href":"https:\/\/www.chnk.pl\/index.php?rest_route=\/wp\/v2\/users\/3"}],"replies":[{"embeddable":true,"href":"https:\/\/www.chnk.pl\/index.php?rest_route=%2Fwp%2Fv2%2Fcomments&post=1974"}],"version-history":[{"count":1,"href":"https:\/\/www.chnk.pl\/index.php?rest_route=\/wp\/v2\/posts\/1974\/revisions"}],"predecessor-version":[{"id":1975,"href":"https:\/\/www.chnk.pl\/index.php?rest_route=\/wp\/v2\/posts\/1974\/revisions\/1975"}],"wp:attachment":[{"href":"https:\/\/www.chnk.pl\/index.php?rest_route=%2Fwp%2Fv2%2Fmedia&parent=1974"}],"wp:term":[{"taxonomy":"category","embeddable":true,"href":"https:\/\/www.chnk.pl\/index.php?rest_route=%2Fwp%2Fv2%2Fcategories&post=1974"},{"taxonomy":"post_tag","embeddable":true,"href":"https:\/\/www.chnk.pl\/index.php?rest_route=%2Fwp%2Fv2%2Ftags&post=1974"}],"curies":[{"name":"wp","href":"https:\/\/api.w.org\/{rel}","templated":true}]}}