{"id":1971,"date":"2018-04-21T18:34:14","date_gmt":"2018-04-21T18:34:14","guid":{"rendered":"http:\/\/www.chnk.pl\/?p=1971"},"modified":"2018-04-21T18:34:51","modified_gmt":"2018-04-21T18:34:51","slug":"4-niedziela-wielkanocna","status":"publish","type":"post","link":"https:\/\/www.chnk.pl\/?p=1971","title":{"rendered":"4 Niedziela Wielkanocna"},"content":{"rendered":"<p>OG\u0141OSZENIA DUSZPASTERSKIE<br \/>\nNIEDZIELA IV WIELKANOCNA<br \/>\n22 kwietnia 2018 r.<br \/>\n1. Kalendarz liturgiczny:<br \/>\nponiedzia\u0142ek \u2013 \u015bw. Wojciecha biskupa i m\u0119czennika, g\u0142\u00f3wnego patrona Polski,<br \/>\nwtorek \u2013 \u015bw. Jerzego i \u015bw. Fidelisa,<br \/>\n\u015broda \u2013 \u015bw. Marka Ewangelisty,<br \/>\nsobota \u2013 \u015bw. Piotra Chanela i sw. Ludwika Marii Grignion de Montfort .<\/p>\n<p>2. Dzisiaj, Niedziel\u0105 Dobrego Pasterza\u201d rozpoczynamy \u015awiatowy Tydzie\u0144 Modlitw o Powo\u0142ania. Za przyczyn\u0105 Kr\u00f3lowej Aposto\u0142\u00f3w prosimy Pana Jezusa o nowe, \u015bwi\u0119te powo\u0142ania do kap\u0142a\u0144stwa i \u017cycia konsekrowanego. W przysz\u0142\u0105 niedziel\u0119 b\u0119dziemy go\u015bci\u0107 kleryk\u00f3w z naszego Seminarium i modli\u0107 si\u0119 o nowe powo\u0142ania dla diecezji. Przed ko\u015bcio\u0142em b\u0119dzie mo\u017cliwo\u015b\u0107 z\u0142o\u017cenia ofiary na seminarium.<\/p>\n<p>3. Spotkanie katechetyczne dla doros\u0142ych we wtorek o godz. 9.00 po mszy \u015bw. porannej w salce parafialnej<\/p>\n<p>4. Rozmowa kwalifikacyjna z kandydatami do bierzmowania we wtorek o godz. 18.45.<\/p>\n<p>5. Uroczysto\u015b\u0107 odpustowa w Parafii \u015bw. Marka na os. Czecha w \u015brod\u0119 o godz. 18.00.<\/p>\n<p>6. Zapraszamy na Kr\u0105g Biblijny w \u015brod\u0119 o godz. 19.00.<\/p>\n<p>7. W czwartek spotkanie dzieci pierwszokomunijnych o godz. 15.45 i 16.45 w salce parafialnej. Dzieci przynosz\u0105 ksi\u0105\u017ceczki do nabo\u017ce\u0144stwa.<\/p>\n<p>8. Msza \u015bw. z modlitw\u0105 o uzdrowienie w czwartek o godz. 19.00. Mo\u017cna przynie\u015b\u0107 kartki z zapisanymi intencjami o zdrowie fizyczne i duchowe.<\/p>\n<p>9. Osoby zapisane na pielgrzymk\u0119 do Lwowa prosimy o kolejna wp\u0142at\u0119 400 z\u0142 do ko\u0144ca kwietnia. Z r\u00f3\u017cnych powod\u00f3w zwolni\u0142o si\u0119 5 miejsc, osoby zainteresowane pielgrzymka prosimy o kontakt z ks. Szymonem.<\/p>\n<p>10. We wtorek rozpoczn\u0105 si\u0119 prace przy modernizacji nag\u0142o\u015bnienia w naszym ko\u015bciele.<\/p>\n<p>11. Caritas Archidiecezji Pozna\u0144skiej organizuje akcj\u0119 \u201ePrzeka\u017c Ciep\u0142o\u201d. Ma ona na celu wsparcie os\u00f3b, kt\u00f3rych nie sta\u0107 w zimie na ogrzanie mieszka\u0144. Przy wsp\u00f3\u0142pracy z firm\u0105 Elektro Recykling, Caritas przeprowadza zbi\u00f3rk\u0119 zepsutych urz\u0105dze\u0144 elektrycznych. Elektro\u015bmieci to: stare telewizory, komputery, laptopy, odkurzacze, suszarki, pralki, lod\u00f3wki, kom\u00f3rki \u2013 wszystko, co mo\u017cna by\u0142o pod\u0142\u0105czy\u0107 do pr\u0105du. Prosimy parafian, kt\u00f3rzy posiadaj\u0105 elektro\u015bmieci o dostarczanie ich do naszej parafii w dniach od 23 do 25 kwietnia. Wi\u0119ksze urz\u0105dzenia prosimy zostawia\u0107 mi\u0119dzy zej\u015bciem do piwnicy, a murem ko\u015bcio\u0142a, urz\u0105dzenia drobne prosimy sk\u0142ada\u0107 do kartonu przy wej\u015bciu do Biura Parafialnego. Z ka\u017cdej tony uzbieranych elektro\u015bmieci Caritas uzyskuje 150 z\u0142otych na zakup opa\u0142u dla potrzebuj\u0105cych.<\/p>\n<p>12. Zach\u0119camy do czytania prasy katolickiej. Przy zakrystii: Przewodnik Katolicki ( artyku\u0142 o tym, \u017ce w ochronie godno\u015bci cz\u0142owieka od pocz\u0119cia do naturalnej \u015bmierci wa\u017cne jest tak\u017ce to co \u201dpo\u015brodku\u201d), Ma\u0142y Przewodnik Katolicki Go\u015b\u0107 Niedzielny, Egzorcysta,, Ziarno, gazetka parafialna, Ola i Ja\u015b.<\/p>\n","protected":false},"excerpt":{"rendered":"<p>OG\u0141OSZENIA DUSZPASTERSKIE NIEDZIELA IV WIELKANOCNA 22 kwietnia 2018 r. 1. Kalendarz liturgiczny: poniedzia\u0142ek \u2013 \u015bw. Wojciecha biskupa i m\u0119czennika, g\u0142\u00f3wnego patrona Polski, wtorek \u2013 \u015bw. Jerzego i \u015bw. Fidelisa, \u015broda \u2013 \u015bw. Marka Ewangelisty, sobota \u2013 \u015bw. Piotra Chanela i sw. Ludwika Marii Grignion de Montfort . 2. Dzisiaj, Niedziel\u0105 Dobrego Pasterza\u201d rozpoczynamy \u015awiatowy Tydzie\u0144 &#8230; <span class=\"more\"><a class=\"more-link\" href=\"https:\/\/www.chnk.pl\/?p=1971\">czytaj wi\u0119cej<\/a><\/span><\/p>\n","protected":false},"author":3,"featured_media":0,"comment_status":"open","ping_status":"open","sticky":false,"template":"","format":"standard","meta":{"ngg_post_thumbnail":0,"footnotes":""},"categories":[4,3],"tags":[],"_links":{"self":[{"href":"https:\/\/www.chnk.pl\/index.php?rest_route=\/wp\/v2\/posts\/1971"}],"collection":[{"href":"https:\/\/www.chnk.pl\/index.php?rest_route=\/wp\/v2\/posts"}],"about":[{"href":"https:\/\/www.chnk.pl\/index.php?rest_route=\/wp\/v2\/types\/post"}],"author":[{"embeddable":true,"href":"https:\/\/www.chnk.pl\/index.php?rest_route=\/wp\/v2\/users\/3"}],"replies":[{"embeddable":true,"href":"https:\/\/www.chnk.pl\/index.php?rest_route=%2Fwp%2Fv2%2Fcomments&post=1971"}],"version-history":[{"count":1,"href":"https:\/\/www.chnk.pl\/index.php?rest_route=\/wp\/v2\/posts\/1971\/revisions"}],"predecessor-version":[{"id":1972,"href":"https:\/\/www.chnk.pl\/index.php?rest_route=\/wp\/v2\/posts\/1971\/revisions\/1972"}],"wp:attachment":[{"href":"https:\/\/www.chnk.pl\/index.php?rest_route=%2Fwp%2Fv2%2Fmedia&parent=1971"}],"wp:term":[{"taxonomy":"category","embeddable":true,"href":"https:\/\/www.chnk.pl\/index.php?rest_route=%2Fwp%2Fv2%2Fcategories&post=1971"},{"taxonomy":"post_tag","embeddable":true,"href":"https:\/\/www.chnk.pl\/index.php?rest_route=%2Fwp%2Fv2%2Ftags&post=1971"}],"curies":[{"name":"wp","href":"https:\/\/api.w.org\/{rel}","templated":true}]}}