{"id":1967,"date":"2018-04-14T15:34:17","date_gmt":"2018-04-14T15:34:17","guid":{"rendered":"http:\/\/www.chnk.pl\/?p=1967"},"modified":"2018-04-14T15:34:17","modified_gmt":"2018-04-14T15:34:17","slug":"3-niedziela-wielkanocna","status":"publish","type":"post","link":"https:\/\/www.chnk.pl\/?p=1967","title":{"rendered":"3 Niedziela Wielkanocna"},"content":{"rendered":"<p>OG\u0141OSZENIA DUSZPASTERSKIE<br \/>\nNIEDZIELA III WIELKANOCNA<br \/>\n15 kwietnia 2018 r.<br \/>\n1. W dniu 20 kwietnia br., w pi\u0105tek, up\u0142ywa szesna\u015bcie lat od ingresu Ksi\u0119dza Arcybiskupa Metropolity Stanis\u0142awa G\u0105deckiego do Katedry Pozna\u0144skiej, czyli uroczystego podj\u0119cia pos\u0142ugi pasterskiej w naszej Archidiecezji. W dniu tym, o godz. 1800, Ksi\u0105dz Arcybiskup Metropolita przewodniczy\u0107 b\u0119dzie w Katedrze Mszy \u015bwi\u0119tej, na kt\u00f3r\u0105 serdecznie zapraszamy nadzwyczajnych szafarzy komunii \u015bw., i wszystkich wiernych z duszpasterzami. Uczestnicz\u0105c w rocznicowej Mszy \u015bwi\u0119tej b\u0119dziemy dzi\u0119kowa\u0107 \u015awi\u0119tej Bo\u017cej Opatrzno\u015bci za czuwanie nad naszym Pasterzem w czasie minionych szesnastu lat oraz prosi\u0107 o \u015bwiat\u0142o i moc Ducha \u015awi\u0119tego na dalsze lata przewodzenia Ko\u015bcio\u0142owi Pozna\u0144skiemu. W naszej parafii zapraszamy na wsp\u00f3lne wyj\u015bcie do Katedry, zbi\u00f3rka przy ko\u015bciele o godz. 17.20.<\/p>\n<p>2. W czwartek, 19 dzie\u0144 miesi\u0105ca. Dzie\u0144 Salety\u0144ski w naszej Parafii. Zapraszamy na porann\u0105 msz\u0119 \u015bw i procesj\u0119 do figury Matki Bo\u017cej z La Salette. Tym nabo\u017ce\u0144stwem wynagradzamy Panu Jezusowi za przyczyn\u0105 Matki Bo\u017cej P\u0142acz\u0105cej wszystkie opuszczone msze \u015bw. niedzielne, niepotrzebn\u0105 prac\u0119 w niedziele, niezgod\u0119 w rodzinach, okropne blu\u017anierstwa i wulgaryzmy. Jest to nabo\u017ce\u0144stwo pokutne wzywaj\u0105ce do nawr\u00f3cenia.<\/p>\n<p>3. W czwartek o godz. 15.45 i 16.45 spotkanie dla dzieci pierwszokomunijnych w salce parafialnej. Dzieci przynosz\u0105 ksi\u0105\u017ceczk\u0119 do nabo\u017ce\u0144stwa.<\/p>\n<p>4. Pomy\u015blnie post\u0119puje proces beatyfikacyjny s\u0142ugi Bo\u017cego ks. Aleksandra Wo\u017anego na etapie rzymskim. Zako\u0144czone zosta\u0142y prace przy dokumencie b\u0119d\u0105cym podstaw\u0105 do stwierdzenia przez Ojca \u015awi\u0119tego heroicznej praktyki cn\u00f3t chrze\u015bcija\u0144skich w \u017cyciu ks. Wo\u017anego. W najbli\u017cszy czwartek, 19 kwietnia, o godz. 18:30, Ksi\u0105dz Arcybiskup Stanis\u0142aw G\u0105decki odprawi w ko\u015bciele parafialnym pw. \u015bw. Jana Kantego, Msz\u0119 \u015awi\u0119t\u0105 o szybk\u0105 beatyfikacj\u0119 \u015bwi\u0105tobliwego proboszcza ks. Aleksandra. Po Eucharystii zostanie po\u015bwi\u0119cona izba pami\u0119ci ks. Wo\u017anego. Bardzo serdecznie zapraszamy do udzia\u0142u wszystkich wiernych. Prosimy, by o \u0142askach otrzymywanych za wstawiennictwem s\u0142ugi Bo\u017cego ks. Aleksandra Wo\u017anego informowa\u0107 Kuri\u0119 Metropolitaln\u0105.<\/p>\n<p>5. W ramach VERBA SACRA jest czytany Stary i Nowy Testament z udzia\u0142em wybitnych aktor\u00f3w. Jako sz\u00f3sta cz\u0119\u015b\u0107 zostanie zaprezentowana Ksi\u0119ga Liczb . Wyst\u0105pi aktor Marcin Kwa\u015bny, znany jako odtw\u00f3rca postaci rotmistrza Pileckiego. Zapraszamy do Katedry, w niedziel\u0119 22 kwietnia o godz. 17:00. Wst\u0119p wolny. www.verbasacra.pl<\/p>\n<p>6. B\u00f3g zap\u0142a\u0107 za ofiary na danin\u0119 diecezjaln\u0105 i doposa\u017canie naszego ko\u015bcio\u0142a i za ofiary z\u0142o\u017cone w Tygodniu Mi\u0142osierdzia.<\/p>\n<p>7. Zach\u0119camy do czytania prasy katolickiej. Przy zakrystii: Przewodnik Katolicki (o kazaniach bez retuszu czyli jak pogodzi\u0107 kaznodziej\u0119 ze s\u0142uchaczem, oraz jak czyta\u0107 Pismo \u015bw.) Go\u015b\u0107 Niedzielny, Droga, Ja\u015b, Ziarno, gazetka parafialna. S\u0142uchaj na antenie i w internecie Dobrego Radia \u201eEmaus\u201d &#8211; www.radioemaus.pl.<\/p>\n","protected":false},"excerpt":{"rendered":"<p>OG\u0141OSZENIA DUSZPASTERSKIE NIEDZIELA III WIELKANOCNA 15 kwietnia 2018 r. 1. W dniu 20 kwietnia br., w pi\u0105tek, up\u0142ywa szesna\u015bcie lat od ingresu Ksi\u0119dza Arcybiskupa Metropolity Stanis\u0142awa G\u0105deckiego do Katedry Pozna\u0144skiej, czyli uroczystego podj\u0119cia pos\u0142ugi pasterskiej w naszej Archidiecezji. W dniu tym, o godz. 1800, Ksi\u0105dz Arcybiskup Metropolita przewodniczy\u0107 b\u0119dzie w Katedrze Mszy \u015bwi\u0119tej, na kt\u00f3r\u0105 &#8230; <span class=\"more\"><a class=\"more-link\" href=\"https:\/\/www.chnk.pl\/?p=1967\">czytaj wi\u0119cej<\/a><\/span><\/p>\n","protected":false},"author":3,"featured_media":0,"comment_status":"open","ping_status":"open","sticky":false,"template":"","format":"standard","meta":{"ngg_post_thumbnail":0,"footnotes":""},"categories":[4,3,1],"tags":[],"_links":{"self":[{"href":"https:\/\/www.chnk.pl\/index.php?rest_route=\/wp\/v2\/posts\/1967"}],"collection":[{"href":"https:\/\/www.chnk.pl\/index.php?rest_route=\/wp\/v2\/posts"}],"about":[{"href":"https:\/\/www.chnk.pl\/index.php?rest_route=\/wp\/v2\/types\/post"}],"author":[{"embeddable":true,"href":"https:\/\/www.chnk.pl\/index.php?rest_route=\/wp\/v2\/users\/3"}],"replies":[{"embeddable":true,"href":"https:\/\/www.chnk.pl\/index.php?rest_route=%2Fwp%2Fv2%2Fcomments&post=1967"}],"version-history":[{"count":2,"href":"https:\/\/www.chnk.pl\/index.php?rest_route=\/wp\/v2\/posts\/1967\/revisions"}],"predecessor-version":[{"id":1969,"href":"https:\/\/www.chnk.pl\/index.php?rest_route=\/wp\/v2\/posts\/1967\/revisions\/1969"}],"wp:attachment":[{"href":"https:\/\/www.chnk.pl\/index.php?rest_route=%2Fwp%2Fv2%2Fmedia&parent=1967"}],"wp:term":[{"taxonomy":"category","embeddable":true,"href":"https:\/\/www.chnk.pl\/index.php?rest_route=%2Fwp%2Fv2%2Fcategories&post=1967"},{"taxonomy":"post_tag","embeddable":true,"href":"https:\/\/www.chnk.pl\/index.php?rest_route=%2Fwp%2Fv2%2Ftags&post=1967"}],"curies":[{"name":"wp","href":"https:\/\/api.w.org\/{rel}","templated":true}]}}