{"id":1959,"date":"2018-04-08T14:20:08","date_gmt":"2018-04-08T14:20:08","guid":{"rendered":"http:\/\/www.chnk.pl\/?p=1959"},"modified":"2018-04-08T14:20:08","modified_gmt":"2018-04-08T14:20:08","slug":"swieto-milosierdzia-bozego","status":"publish","type":"post","link":"https:\/\/www.chnk.pl\/?p=1959","title":{"rendered":"\u015awi\u0119to Mi\u0142osierdzia Bo\u017cego"},"content":{"rendered":"<p>OG\u0141OSZENIA DUSZPASTERSKIE<br \/>\n\u015aWI\u0118TO MI\u0141OSIERDZIA BO\u017bEGO<br \/>\n8 kwietnia 2018 r.<br \/>\n1. W poniedzia\u0142ek \u2013 Uroczysto\u015b\u0107 Zwiastowania Pa\u0144skiego, Dzie\u0144 \u015awi\u0119to\u015bci \u017bycia. W czasie mszy \u015bw. mo\u017cliwo\u015b\u0107 z\u0142o\u017cenia ofiary na Fundusz Obrony \u017bycia. W tym roku centralne obchody Dnia \u015awi\u0119to\u015bci \u017bycia odb\u0119d\u0105 si\u0119 w poniedzia\u0142ek, 9 kwietnia, w\u00a0Uroczysto\u015b\u0107 Zwiastowania Pa\u0144skiego. Msza \u015bw. po\u0142\u0105czona z\u00a0duchow\u0105 adopcj\u0105 dziecka pocz\u0119tego zostanie odprawiona o\u00a0godz. 18.00 w Katedrze.<br \/>\n2. Prosimy pan\u00f3w o pomoc w rozebraniu wielkanocnego wystroju ko\u015bcio\u0142a; spotkanie w poniedzia\u0142ek o godz. 18.45 w ko\u015bciele.<br \/>\n3. Zebranie dla kandydat\u00f3w do bierzmowania we wtorek o godz. 18.45.<br \/>\n4. Zapraszamy na kr\u0105g biblijny w \u015brod\u0119 o godz. 19.00 do salki parafialnej.<br \/>\n5. Spotkanie rodzic\u00f3w dzieci pierwszokomunijnych w \u015brod\u0119 o godz. 19.00 w ko\u015bciele.<br \/>\n6. Spotkanie dzieci pierwszokomunijnych w czwartek o godz. 15.45 i 16.45 w salce parafialnej. Pierwsza spowied\u017a \u015bw. w sobot\u0119, 14 kwietnia: dla ch\u0142opc\u00f3w o godz. 10.00, dla dziewczynek o godz. 11.00.<br \/>\n7. Zapraszamy na pr\u00f3b\u0119 scholi dzieci\u0119cej w niedziel\u0119 o godz. 10.00 w salce.<br \/>\n8. W dniach od 8 do 28 kwietnia 2018 roku w parafiach Archidiecezji Pozna\u0144skiej odb\u0119dzie si\u0119 XIV\u00a0Maraton Biblijny. Uroczyste rozpocz\u0119cie odb\u0119dzie si\u0119 8 kwietnia 2018 roku o godzinie 12:00 w par. Wszystkich \u015awi\u0119tych w Poznaniu. W nast\u0119pn\u0105, trzeci\u0105 Niedziel\u0119 Wielkanocn\u0105 obchodzimy Niedziel\u0119 Biblijn\u0105. Przypada ona w okresie Wielkanocnym, poniewa\u017c to Zmartwychwsta\u0142y Pan wyja\u015bnia nam Pisma tak jak po swoim zmartwychwstaniu wyja\u015bnia\u0142 uczniom id\u0105cym do Emaus. W przysz\u0142\u0105 niedziel\u0119 prosimy o przyj\u015bcie do ko\u015bcio\u0142a ze swoim Pismem \u015awi\u0119tym, po to, by w czasie przyst\u0119powania do Komunii \u015bw. po\u0142o\u017cy\u0107 je na swoim sercu na znak, \u017ce czytane i rozwa\u017cane S\u0142owo Bo\u017ce, tak jak Eucharystia, jest osobistym spotkaniem z Jezusem Zmartwychwsta\u0142ym.<br \/>\n9. Dzisiaj, przed ko\u015bcio\u0142em, mo\u017cliwo\u015b\u0107 z\u0142o\u017cenia ofiary na CARITAS z okazji Tygodnia Mi\u0142osierdzia.<br \/>\n10. Osoby zapisane na pielgrzymk\u0119 do Lwowa prosimy o kolejna wp\u0142at\u0119 400 z\u0142 do ko\u0144ca kwietnia. Z r\u00f3\u017cnych powod\u00f3w zwolni\u0142o si\u0119 5 miejsc, osoby zainteresowane pielgrzymka prosimy o kontakt z ks. Szymonem.<br \/>\n11. B\u00f3g zap\u0142a\u0107 za ofiary na kwiaty do Grobu Pa\u0144skiego, za ofiary przy Grobie Pa\u0144skim, za ofiary na danin\u0119 diecezjaln\u0105 i doposa\u017canie naszego ko\u015bcio\u0142a.<br \/>\n12. Zach\u0119camy do czytania prasy katolickiej. Przy zakrystii: Przewodnik Katolicki : o oburzaj\u0105cym mi\u0142osierdziu. Dlaczego sami go oczekujemy, a czasami nie dajemy do niego prawa innym?, Go\u015b\u0107 Niedzielny, Droga, Ja\u015b, Ziarno, gazetka parafialna. S\u0142uchaj w internecie Dobrego Radia \u201eEmaus\u201d &#8211; www.radioemaus.pl. W Katedrze Pozna\u0144skiej spektakl \u201eMord w Katedrze\u201d Eliota zostanie wystawiony 14 kwietnia o godz. 19.00. Archidiecezja Pozna\u0144ska organizuje kolejn\u0105, Archidiecezjaln\u0105 pielgrzymk\u0119, w\u00a0dniach od 12 \u2013 27 lutego 2019 roku. Tym razem b\u0119dzie to Pielgrzymka do Ekwadoru z\u00a0Wyspami Galapagos. Szczeg\u00f3\u0142y na stronie internetowej Archidiecezji.<\/p>\n","protected":false},"excerpt":{"rendered":"<p>OG\u0141OSZENIA DUSZPASTERSKIE \u015aWI\u0118TO MI\u0141OSIERDZIA BO\u017bEGO 8 kwietnia 2018 r. 1. W poniedzia\u0142ek \u2013 Uroczysto\u015b\u0107 Zwiastowania Pa\u0144skiego, Dzie\u0144 \u015awi\u0119to\u015bci \u017bycia. W czasie mszy \u015bw. mo\u017cliwo\u015b\u0107 z\u0142o\u017cenia ofiary na Fundusz Obrony \u017bycia. W tym roku centralne obchody Dnia \u015awi\u0119to\u015bci \u017bycia odb\u0119d\u0105 si\u0119 w poniedzia\u0142ek, 9 kwietnia, w\u00a0Uroczysto\u015b\u0107 Zwiastowania Pa\u0144skiego. Msza \u015bw. po\u0142\u0105czona z\u00a0duchow\u0105 adopcj\u0105 dziecka pocz\u0119tego zostanie &#8230; <span class=\"more\"><a class=\"more-link\" href=\"https:\/\/www.chnk.pl\/?p=1959\">czytaj wi\u0119cej<\/a><\/span><\/p>\n","protected":false},"author":3,"featured_media":0,"comment_status":"open","ping_status":"open","sticky":false,"template":"","format":"standard","meta":{"ngg_post_thumbnail":0,"footnotes":""},"categories":[4,3],"tags":[],"_links":{"self":[{"href":"https:\/\/www.chnk.pl\/index.php?rest_route=\/wp\/v2\/posts\/1959"}],"collection":[{"href":"https:\/\/www.chnk.pl\/index.php?rest_route=\/wp\/v2\/posts"}],"about":[{"href":"https:\/\/www.chnk.pl\/index.php?rest_route=\/wp\/v2\/types\/post"}],"author":[{"embeddable":true,"href":"https:\/\/www.chnk.pl\/index.php?rest_route=\/wp\/v2\/users\/3"}],"replies":[{"embeddable":true,"href":"https:\/\/www.chnk.pl\/index.php?rest_route=%2Fwp%2Fv2%2Fcomments&post=1959"}],"version-history":[{"count":1,"href":"https:\/\/www.chnk.pl\/index.php?rest_route=\/wp\/v2\/posts\/1959\/revisions"}],"predecessor-version":[{"id":1960,"href":"https:\/\/www.chnk.pl\/index.php?rest_route=\/wp\/v2\/posts\/1959\/revisions\/1960"}],"wp:attachment":[{"href":"https:\/\/www.chnk.pl\/index.php?rest_route=%2Fwp%2Fv2%2Fmedia&parent=1959"}],"wp:term":[{"taxonomy":"category","embeddable":true,"href":"https:\/\/www.chnk.pl\/index.php?rest_route=%2Fwp%2Fv2%2Fcategories&post=1959"},{"taxonomy":"post_tag","embeddable":true,"href":"https:\/\/www.chnk.pl\/index.php?rest_route=%2Fwp%2Fv2%2Ftags&post=1959"}],"curies":[{"name":"wp","href":"https:\/\/api.w.org\/{rel}","templated":true}]}}