{"id":1946,"date":"2018-03-31T16:39:20","date_gmt":"2018-03-31T16:39:20","guid":{"rendered":"http:\/\/www.chnk.pl\/?p=1946"},"modified":"2018-03-31T16:39:20","modified_gmt":"2018-03-31T16:39:20","slug":"niedziela-wielkanocna","status":"publish","type":"post","link":"https:\/\/www.chnk.pl\/?p=1946","title":{"rendered":"Niedziela Wielkanocna"},"content":{"rendered":"<p><strong><\/strong><\/p>\n<p>Wielce Szanowni Parafianie i Go\u015bcie! Chrystus Zmartwychwsta\u0142y leczy zranione ludzkie serca i zmienia gorycz w rado\u015b\u0107 pojednania z Bogiem i lud\u017ami. Niech czas wielkanocny b\u0119dzie dla ka\u017cdego do\u015bwiadczeniem niesko\u0144czonego Mi\u0142osierdzia Bo\u017cego i rozpali mi\u0142o\u015b\u0107 w naszych sercach. Oby pami\u0119\u0107 na Zmartwychwsta\u0142ego gromadzi\u0142a nas licznie na Mszy \u015bw. niedzielnej. \u017byczymy pe\u0142nych rado\u015bci i pokoju \u015awi\u0105t Wielkiej Nocy ! Szcz\u0119\u015b\u0107 Bo\u017ce!<br \/>\nOG\u0141OSZENIA DUSZPASTERSKIE<br \/>\nNIEDZIELA WIELKANOCNA<br \/>\n1 kwietnia 2018 r.<br \/>\n1. W drugie \u015bwi\u0119to Wielkanocy porz\u0105dek odprawiania mszy \u015bw. jak w niedziel\u0119.<br \/>\n2. Nowenna do Mi\u0142osierdzia Bo\u017cego od II \u015awi\u0119ta do pi\u0105tku o godz. 17.30.<br \/>\n3. Spotkanie Kr\u0119gu Biblijnego w \u015brod\u0119 o godz. 19.00, w salce parafialnej.<br \/>\n4. Spotkanie wsp\u00f3lnoty r\u00f3\u017ca\u0144cowej w \u015brod\u0119 po wieczornej mszy \u015bw.<br \/>\n5. Katecheza dla dzieci przygotowuj\u0105cych si\u0119 do I spowiedzi i komunii \u015bw. w czwartek, o godz.15.45 i 16.45, wed\u0142ug ustalonych grup.<br \/>\n6. W tym tygodniu: I czwartek, I pi\u0105tek, i I sobota miesi\u0105ca. Adoracja Naj\u015bwi\u0119tszego Sakramentu w czwartek od godz. 17.00 do 18.00 w intencji poszanowania \u017cycia ludzkiego. Zapraszamy na r\u00f3\u017caniec wszystkich, kt\u00f3rzy podj\u0119li duchow\u0105 adopcj\u0119 dziecka nienarodzonego. Po Mszy \u015bw. o godz. 18.00 adoracja do godz. 21.00 w intencji powo\u0142a\u0144 kap\u0142a\u0144skich i zakonnych. Spowied\u017a \u015bw. dla klas 4, 5, 6 i 7 w pi\u0105tek od godz. 15.00 i Komunia \u015bw. o godz. 16.30. Klasy gimnazjalne i starsze spowied\u017a \u015bw. w pi\u0105tek od godz. 16.00 do godz. 18.00. Chorych z sakramentami \u015bw. odwiedzimy w pi\u0105tek i sobot\u0119. Nowe zg\u0142oszenia w zakrystii. Nabo\u017ce\u0144stwo pierwszosobotnie do Niepokalanego Serca Matki Bo\u017cej: r\u00f3\u017caniec o godz. 7.15 i msza \u015bw. . Spotkanie wsp\u00f3lnoty ma\u0142\u017ce\u0144stw w sobot\u0119 o godz. 19.00 w salce.<br \/>\n7. Zapraszamy na nabo\u017ce\u0144stwo Drogi \u015awiat\u0142a, w pi\u0105tek o godz. 19.00 w ko\u015bciele.<br \/>\n8. Spotkanie dla rodzic\u00f3w dzieci pierwszkomunijnych, przed pierwsz\u0105 spowiedzi\u0105 i komuni\u0105 \u015bw., w \u015brod\u0119, 11 kwietnia, o godz. 19.00 w ko\u015bciele. Pierwsza spowied\u017a \u015bw. w sobot\u0119, 14 maja: ch\u0142opcy godz. 10.00, dziewczynki godz. 11.00.<br \/>\n9. W pi\u0105tek po Wielkanocy nie obowi\u0105zuje wstrzemi\u0119\u017aliwo\u015b\u0107 od potraw mi\u0119snych.<br \/>\n10. W przysz\u0142a niedziel\u0119, Niedziel\u0119 Mi\u0142osierdzia Bo\u017cego, rozpoczniemy Tydzie\u0144 Mi\u0142osierdzia; przed ko\u015bcio\u0142em mo\u017cliwo\u015b\u0107 z\u0142o\u017cenia ofiary na CARITAS.<br \/>\n11. Serdeczne podzi\u0119kowanie wszystkim Parafianom, kt\u00f3rzy przyczynili si\u0119 do przygotowania ko\u015bcio\u0142a i otoczenia na dzisiejsz\u0105 Uroczysto\u015b\u0107. Podzi\u0119kowanie za przygotowanie liturgii ks. Wikariuszowi, ministrantom seniorom, juniorom, lektorom, ch\u00f3rowi za przygotowan\u0105 liturgi\u0119 wielkotygodniow\u0105. Podzi\u0119kowania dla Pa\u0144 i Pan\u00f3w dozorc\u00f3w pracuj\u0105cych na osiedlu. Uszanujmy ich prac\u0119. Szczere podzi\u0119kowania za udzia\u0142 w nabo\u017ce\u0144stwach wielkotygodniowych i \u017cyczenia w Wielki Czwartek w dniu sakramentu kap\u0142a\u0144stwa.<br \/>\n12. B\u00f3g zap\u0142a\u0107 za ofiary na doposa\u017canie naszego ko\u015bcio\u0142a, za danin\u0119 diecezjaln\u0105 i kwiaty do Grobu Pa\u0144skiego. Parafian, kt\u00f3rzy od wiosny zamieszkuj\u0105 na dzia\u0142ce prosimy, aby zechcieli danin\u0119 diecezjaln\u0105 z\u0142o\u017cy\u0107 przed rozpocz\u0119ciem sezonu. Przy zakrystii \u015bwi\u0105teczny numer Przewodnika Katolickiego, Jest Ma\u0142y Przewodnik Katolicki, Go\u015b\u0107 Niedzielny, Ola i Ja\u015b dla przedszkolak\u00f3w, Egzorcysta, Mi\u0142ujcie si\u0119 oraz gazetka parafialna.<\/p>\n","protected":false},"excerpt":{"rendered":"<p>Wielce Szanowni Parafianie i Go\u015bcie! Chrystus Zmartwychwsta\u0142y leczy zranione ludzkie serca i zmienia gorycz w rado\u015b\u0107 pojednania z Bogiem i lud\u017ami. Niech czas wielkanocny b\u0119dzie dla ka\u017cdego do\u015bwiadczeniem niesko\u0144czonego Mi\u0142osierdzia Bo\u017cego i rozpali mi\u0142o\u015b\u0107 w naszych sercach. Oby pami\u0119\u0107 na Zmartwychwsta\u0142ego gromadzi\u0142a nas licznie na Mszy \u015bw. niedzielnej. \u017byczymy pe\u0142nych rado\u015bci i pokoju \u015awi\u0105t Wielkiej &#8230; <span class=\"more\"><a class=\"more-link\" href=\"https:\/\/www.chnk.pl\/?p=1946\">czytaj wi\u0119cej<\/a><\/span><\/p>\n","protected":false},"author":3,"featured_media":0,"comment_status":"open","ping_status":"open","sticky":false,"template":"","format":"standard","meta":{"ngg_post_thumbnail":0,"footnotes":""},"categories":[1],"tags":[],"_links":{"self":[{"href":"https:\/\/www.chnk.pl\/index.php?rest_route=\/wp\/v2\/posts\/1946"}],"collection":[{"href":"https:\/\/www.chnk.pl\/index.php?rest_route=\/wp\/v2\/posts"}],"about":[{"href":"https:\/\/www.chnk.pl\/index.php?rest_route=\/wp\/v2\/types\/post"}],"author":[{"embeddable":true,"href":"https:\/\/www.chnk.pl\/index.php?rest_route=\/wp\/v2\/users\/3"}],"replies":[{"embeddable":true,"href":"https:\/\/www.chnk.pl\/index.php?rest_route=%2Fwp%2Fv2%2Fcomments&post=1946"}],"version-history":[{"count":1,"href":"https:\/\/www.chnk.pl\/index.php?rest_route=\/wp\/v2\/posts\/1946\/revisions"}],"predecessor-version":[{"id":1947,"href":"https:\/\/www.chnk.pl\/index.php?rest_route=\/wp\/v2\/posts\/1946\/revisions\/1947"}],"wp:attachment":[{"href":"https:\/\/www.chnk.pl\/index.php?rest_route=%2Fwp%2Fv2%2Fmedia&parent=1946"}],"wp:term":[{"taxonomy":"category","embeddable":true,"href":"https:\/\/www.chnk.pl\/index.php?rest_route=%2Fwp%2Fv2%2Fcategories&post=1946"},{"taxonomy":"post_tag","embeddable":true,"href":"https:\/\/www.chnk.pl\/index.php?rest_route=%2Fwp%2Fv2%2Ftags&post=1946"}],"curies":[{"name":"wp","href":"https:\/\/api.w.org\/{rel}","templated":true}]}}