{"id":1935,"date":"2018-03-17T16:25:55","date_gmt":"2018-03-17T16:25:55","guid":{"rendered":"http:\/\/www.chnk.pl\/?p=1935"},"modified":"2018-03-17T16:25:55","modified_gmt":"2018-03-17T16:25:55","slug":"5-niedziela-wielkiego-postu","status":"publish","type":"post","link":"https:\/\/www.chnk.pl\/?p=1935","title":{"rendered":"5 Niedziela Wielkiego Postu"},"content":{"rendered":"<p>OG\u0141OSZENIA DUSZPASTERSKIE<br \/>\nNIEDZIELA V WIELKIEGO POSTU<br \/>\n18 marca 2018 r.<br \/>\n1. B\u00f3g zap\u0142a\u0107 siostrom Serafitkom, paniom Katechetkom za ubogacaj\u0105ce rekolekcje szkolne. Podzi\u0119kowania Dyrekcji naszej szko\u0142y, nauczycielom i rodzicom za bezcenn\u0105 pomoc w przygo\u00adtowaniu i przeprowadzeniu rekolekcji. Niepokoi fakt, \u017ce cz\u0119\u015b\u0107 dzieci nie przychodzi na spotka\u00adnia rekolekcyjne. Jest to powa\u017cne zaniedbanie rodzic\u00f3w w chrze\u015bcija\u0144skim wychowaniu dzieci.<br \/>\n2. Jutro Uroczysto\u015b\u0107 \u015bw. J\u00f3zefa. Na mszy \u015bw. o godz. 8.00 i 18.00 dokonamy Zawierzenia \u015bw. J\u00f3zefowi naszej Parafii, tak jak tego Aktu Zwierzenia Archidiecezji Pozna\u0144skiej dokona dzisiaj Ks. Arcybiskup Stanis\u0142aw G\u0105decki w Sanktuarium \u015bw. J\ue26eefa w ko\u015bciele OO Karmelit\u00f3w, na mszy \u015bw. o godz. 13.00. W naszej Parafii po rannej mszy \u015bw. procesja salety\u0144ska i ca\u0142odzienna Adoracja Naj\u015bwi\u0119tszego Sakramentu do godz. 20. Plan adoracji: g. 9.00 &#8211; Apostolstwo Dobrej \u015amierci, g. 10.00 &#8211; Parafianie z blok\u00f3w 15 do 20, g. 11.00 &#8211; Parafianie z blok\u00f3w 122 do 129, g. 12.00 Anio\u0142 Pa\u0144ski &#8211; bloki 39, 40, 42, g. 13.00 &#8211; Wsp\u00f3lnoty r\u00f3\u017ca\u0144cowe, g. 14.00 Parafianie z blok\u00f3w czteropi\u0119trowych, g. 15.00 &#8211; Koronka do Mi\u0142osierdzia Bo\u017cego, g. 16.00 &#8211; Grupa m\u0142o\u00addzie\u017cowa i kandydaci do bierzmowania z rodzicami, g. 17.00 &#8211; m\u0119\u017cczy\u017ani, g. 18.00 &#8211; Msza \u015bw. i adoracja do 20.00. Plan ad\u00adoracji nale\u017cy traktowa\u0107 ramowo. Nale\u017cy go dostosowa\u0107 do w\u0142a\u00adsnych mo\u017cliwo\u00ad\u015bci. Nie mo\u017cna zlekcewa\u017cy\u0107 parafialnego dnia uroczystej czci oddawanej Panu Jezusowi w Naj\u015bwi\u0119tszym Sakramencie. Od godz. 9.00 do 10.30 i od godz. 16.00 do 20.00 oka\u00adzja do spowiedzi \u015bw.<br \/>\n3. Spotkanie dla kandydat\u00f3w do bierzmowania z klas II i III gimnazjum we wtorek o godz. 18.45 w kaplicy.<br \/>\n4. W \u015brod\u0119 na godz. 19.00 zapraszamy pan\u00f3w do pomocy w przygotowaniu ciemnicy.<br \/>\n5. Kr\u0105g Biblijny w \u015brod\u0119 o godz. 19.00 (po Nowennie) w salce parafialnej.<br \/>\n6. Spotkanie dzieci pierwszokomunijnych w czwartek o godz. 15.45 i 16.45 wed\u0142ug grup. Dzieci przynosz\u0105 ksi\u0105\u017ceczki do nabo\u017ce\u0144stwa i obrazki z obecno\u015bci\u0105 na mszy \u015bw.<br \/>\n7. Msza \u015bw. z modlitw\u0105 o uzdrowienie w czwartek o godz. 19.00.<br \/>\n8. DROGA KRZY\u017bOWA w pi\u0105tek: dla dzieci o godz. 16.30, dla doros\u0142ych o godz. 17.30 i uli\u00adcami osiedla o godz. 19.00 od wej\u015bcia nr 20. Gorzkie \u017bale w niedziele W. Postu o godz. 15.30.<br \/>\n9. Niedziel\u0119 Palmow\u0105 prze\u017cywamy w Ko\u015bciele jako Parafialny Dzie\u0144 M\u0142odzie\u017cy.Procesj\u0119 z palmami wok\u00f3\u0142 ko\u015bcio\u0142a rozpoczniemy 15 minut wcze\u015bniej, o godz. 11.00 przy krzy\u017cu misyj\u00adnym. Zapraszamy m\u0142odzie\u017c i dzieci z przygotowanymi przez siebie palmami na procesj\u0119 upa\u00admi\u0119tniaj\u0105c\u0105 wjazd Pana Jezusa do Jerozolimy.<br \/>\n10. W Niedziel\u0119 Palmow\u0105, przed ko\u015bcio\u0142em mo\u017cliwo\u015b\u0107 z\u0142o\u017cenia ofiary na kwiaty do Grobu Pa\u0144\u00adskiego. Przed ko\u015bcio\u0142em palmy, a ofiary przeznaczone s\u0105 dla parafialnego Caritasu.<br \/>\n11. Prosimy o zg\u0142aszanie w zakrystii chorych i starszych do spowiedzi \u015bw. wielkanocnej.<br \/>\n12. Misterium M\u0119ki Pa\u0144skiej w sobot\u0119, 24 marca, o godz. 19.00 na Cytadeli. Zapraszamy na wsp\ue260ne, parafialne, wyj\u015bcie na misterium, w sobot\u0119 o godz. 17.45. Zbi\ue266ka przed ko\u015bcio\u0142em.<br \/>\n13. B\u00f3g zap\u0142a\u0107 za ofiary na danin\u0119 diecezjaln\u0105.<br \/>\n14. Przy zakrystii: Przewodnik Katolicki, Mi\u0142ujcie si\u0119, Go\u015b\u0107 Niedzielny, Ola i Ja\u015b, Nasza Drog\u0119, Ziarno, karty \u015bwi\u0105teczne z religijnymi motywami Wielkanocy i koperty na danin\u0119 diecezjaln\u0105.(Zapraszamy dzieci do wype\u0142niania zada\u0144 z Ziarna i udzia\u0142 w losowaniu pocieszanek po mszy \u015bw. o godz. 11.15). Gazetka Parafialna. To naprawd\u0119 1000 numer Gazetki. Nr 1 Gazetki czytali\u00ad\u015bmy 02.06 1996 w Uroczysto\u015b\u0107 Tr\u00f3jcy Przenaj\u015bwi\u0119tszej. Wszystkim dzia\u0142aj\u0105cym w tym dziele, Wolontariuszom, Czytelnikom wielkie dzi\u0119ki za wytrwa\u0142o\u015b\u0107. Niech B\u00f3g obdarza \u0142askami, a Opatrzno\u015b\u0107 czuwa nad nami.<\/p>\n<p>&nbsp;<\/p>\n","protected":false},"excerpt":{"rendered":"<p>OG\u0141OSZENIA DUSZPASTERSKIE NIEDZIELA V WIELKIEGO POSTU 18 marca 2018 r. 1. B\u00f3g zap\u0142a\u0107 siostrom Serafitkom, paniom Katechetkom za ubogacaj\u0105ce rekolekcje szkolne. Podzi\u0119kowania Dyrekcji naszej szko\u0142y, nauczycielom i rodzicom za bezcenn\u0105 pomoc w przygo\u00adtowaniu i przeprowadzeniu rekolekcji. Niepokoi fakt, \u017ce cz\u0119\u015b\u0107 dzieci nie przychodzi na spotka\u00adnia rekolekcyjne. Jest to powa\u017cne zaniedbanie rodzic\u00f3w w chrze\u015bcija\u0144skim wychowaniu dzieci. &#8230; <span class=\"more\"><a class=\"more-link\" href=\"https:\/\/www.chnk.pl\/?p=1935\">czytaj wi\u0119cej<\/a><\/span><\/p>\n","protected":false},"author":3,"featured_media":0,"comment_status":"open","ping_status":"open","sticky":false,"template":"","format":"standard","meta":{"ngg_post_thumbnail":0,"footnotes":""},"categories":[4,3],"tags":[],"_links":{"self":[{"href":"https:\/\/www.chnk.pl\/index.php?rest_route=\/wp\/v2\/posts\/1935"}],"collection":[{"href":"https:\/\/www.chnk.pl\/index.php?rest_route=\/wp\/v2\/posts"}],"about":[{"href":"https:\/\/www.chnk.pl\/index.php?rest_route=\/wp\/v2\/types\/post"}],"author":[{"embeddable":true,"href":"https:\/\/www.chnk.pl\/index.php?rest_route=\/wp\/v2\/users\/3"}],"replies":[{"embeddable":true,"href":"https:\/\/www.chnk.pl\/index.php?rest_route=%2Fwp%2Fv2%2Fcomments&post=1935"}],"version-history":[{"count":1,"href":"https:\/\/www.chnk.pl\/index.php?rest_route=\/wp\/v2\/posts\/1935\/revisions"}],"predecessor-version":[{"id":1936,"href":"https:\/\/www.chnk.pl\/index.php?rest_route=\/wp\/v2\/posts\/1935\/revisions\/1936"}],"wp:attachment":[{"href":"https:\/\/www.chnk.pl\/index.php?rest_route=%2Fwp%2Fv2%2Fmedia&parent=1935"}],"wp:term":[{"taxonomy":"category","embeddable":true,"href":"https:\/\/www.chnk.pl\/index.php?rest_route=%2Fwp%2Fv2%2Fcategories&post=1935"},{"taxonomy":"post_tag","embeddable":true,"href":"https:\/\/www.chnk.pl\/index.php?rest_route=%2Fwp%2Fv2%2Ftags&post=1935"}],"curies":[{"name":"wp","href":"https:\/\/api.w.org\/{rel}","templated":true}]}}