{"id":1929,"date":"2018-03-11T11:59:23","date_gmt":"2018-03-11T11:59:23","guid":{"rendered":"http:\/\/www.chnk.pl\/?p=1929"},"modified":"2018-03-11T11:59:41","modified_gmt":"2018-03-11T11:59:41","slug":"1929","status":"publish","type":"post","link":"https:\/\/www.chnk.pl\/?p=1929","title":{"rendered":"4 Niedziela Wielkiego Postu"},"content":{"rendered":"<p>OG\u0141OSZENIA DUSZPASTERSKIE<br \/>\nNIEDZIELA IV WIELKIEGO POSTU<br \/>\n11 marca 2018 r.<br \/>\n1. W przysz\u0142\u0105 niedziel\u0119, 18 marca, Ks. Arcybiskup Stanis\u0142awa G\u0105decki zawierzy Archidiecezj\u0119 Pozna\u0144sk\u0105 \u015bw. J\u00f3zefowi. Akt ten b\u0119dzie mia\u0142 miejsce w sanktuarium OO. Karmelit\u00f3w w pi\u0105t\u0105 niedziel\u0119 Wielkiego Postu na mszy \u015bw. o godz. 13.00. Zach\u0119camy do udzia\u0142u w tej uroczysto\u015bci. Natomiast nast\u0119pnego dnia, w Uroczysto\u015b\u0107 \u015bw. J\u00f3zefa ten akt zawierzenia zostanie powt\u00f3rzony w naszej parafii na mszy \u015bw. o godz. 8.00 i 18.00. Zapraszamy na uroczyst\u0105 msz\u0119 \u015bw. o godz. 8.00 i 18.00. W tym dniu w naszej parafii CA\u0141ODZIENNA ADORACJA NAJ\u015aWI\u0118TSZEGO SAKRAMENTU. Plan adoracji jak w minionym roku. Przypomnimy go w przysz\u0142\u0105 niedziel\u0119.<br \/>\n2. PRZEPISY POSTNE. Wierni, kt\u00f3rzy uko\u0144czyli 14 rok \u017cycia, s\u0105 zobowi\u0105zani do do zachowania w ci\u0105gu ca\u0142ego \u017cycia wstrzemi\u0119\u017aliwo\u015bci od pokarm\u00f3w mi\u0119snych we wszystkie pi\u0105tki ca\u0142ego roku i w \u015arod\u0119 Popielcow\u0105. Wstrzemi\u0119\u017aliwo\u015b\u0107 nie obowi\u0105zuje, je\u017celi w pi\u0105tek przypada uroczysto\u015b\u0107 ko\u015bcielna. Wierni, kt\u00f3rzy uko\u0144czyli 18 rok \u017cycia, a\u017c do rozpocz\u0119cia 60 roku \u017cycia, opr\u00f3cz wstrzemi\u0119\u017aliwo\u015bci od pokarm\u00f3w mi\u0119snych s\u0105 zobowi\u0105zani do zachowania postu \u015bcis\u0142ego w \u015arod\u0119 Popielcow\u0105 i Wielki Pi\u0105tek. Post \u015bcis\u0142y pozwala na jednorazowy posi\u0142ek do syta oraz dwa skromne posi\u0142ki w ci\u0105gu dnia. Wierni, kt\u00f3rzy nie maj\u0105 mo\u017cliwo\u015bci wyboru pokarm\u00f3w i musz\u0105 spo\u017cywa\u0107 to, co zostanie im podane, mog\u0105 korzysta\u0107 z dyspensy od obowi\u0105zku wstrzymania si\u0119 od potraw mi\u0119snych w pi\u0105tki ca\u0142ego roku. Taka dyspensa nie istnieje w \u015arod\u0119 Popielcow\u0105 i Wielki Pi\u0105tek. Niemo\u017cno\u015b\u0107 zachowania wstrzemi\u0119\u017aliwo\u015bci w pi\u0105tek zak\u0142ada jednak podj\u0119cie innych form pokuty, takich jak: modlitwa, ja\u0142mu\u017cna, uczynki pobo\u017cno\u015bci i mi\u0142o\u015bci, wierniejsze spe\u0142nianie obowi\u0105zk\u00f3w.<br \/>\n3. Rekolekcje szkolne od poniedzia\u0142ku, 12 marca, do \u015brody, 14 marca br. Od godz. 9.00 do godz. 14.00 ko\u015bci\u00f3\u0142 b\u0119dzie zaj\u0119ty.<br \/>\n4. Spotkanie Kr\u0119gu Biblijnego w \u015brod\u0119 o godz.19.00 w salce parafialnej.<br \/>\n5. Zbi\u00f3rka ministrant\u00f3w senior\u00f3w w czwartek o godz. 19.00.<br \/>\n6. DROGA KRZY\u017bOWA w pi\u0105tki Wielkiego Postu: dla dzieci godz. 16.30, dla doros\u0142ych godz. 17.30, ulicami osiedla o godz. 19.00 (od wej\u015bcia 119, przynosimy znicze). Gorzkie \u017bale w niedziele Wielkiego Postu o godz. 15.30.<br \/>\n7. Zapraszamy do kina parafialnego w salce na film pt. CHATA, w sobot\u0119 o godz. 19.00.<br \/>\n8. Pr\u00f3ba scholi dzieci\u0119cej w niedziel\u0119 o godz. 10.00 w salce (wej\u015bcie z dziedzi\u0144ca).<br \/>\n9. Prosimy o zg\u0142aszanie w zakrystii chorych i starszych parafian do spowiedzi i komunii \u015bw. wielkanocnej na sobot\u0119 przed Niedziel\u0105 Palmow\u0105.<br \/>\n10. M\u0119ska Droga Krzy\u017cowa ulicami Ostrowa Tumskiego, w pi\u0105tek 16 marca o godz. 19.30, pocz\u0105tek przed Seminarium Duchownym. Przewodniczy Ks. Abp. Stanis\u0142aw G\u0105decki. M\u0119\u017cczyzn gotowych uda\u0107 si\u0119 z ks. Proboszczem na t\u0119 wyj\u0105tkow\u0105 Drog\u0119 Krzy\u017cow\u0105 prosimy o kontakt w zakrystii.<br \/>\n11. Misterium M\u0119ki Pa\u0144skiej na Cytadeli w sobot\u0119 24 marca o godz. 19.00. Misterium poprzedzi msza \u015bw. o godz. 17.00 w ko\u015bciele pw. \u015bw. Jana Bosko na Winogradach.<br \/>\n12. Duszpasterstwo w\u0119dkarzy Archidiecezji Pozna\u0144skiej zaprasza na msz\u0119 \u015bw. w intencji w\u0119dkarzy, w dniu 17 marca 2018 roku o godz. 18.30 w ko\u015bciele pw. \u015bw. Stanis\u0142awa Biskupa i M\u0119czennika na osiedlu Boles\u0142awa \u015amia\u0142ego w Poznaniu. Zapraszamy w\u0119dkarzy z rodzinami.<br \/>\n13. Zach\u0119camy do czytania prasy religijnej: Przewodnik Katolicki ( o tym czy warto zawalczy\u0107 o prawo katechet\u00f3w do bycia wychowawcami klas i o 1050 rocznicy pierwszego biskupstwa na ziemiach polskich), Ma\u0142y Przewodnik Katolicki, Go\u015b\u0107 Niedzielny, Egzorcysta, Droga, koperty na danin\u0119 diecezjaln\u0105, poczt\u00f3wki wielkanocne.<br \/>\n14. M\u00f3dlmy si\u0119 za zmar\u0142ych parafian. Za dusz\u0119 \u015bp. Bernadety Wisiorek, os. Lecha 126 (msza \u015bw. pogrzebowa w czwartek o godz. 10.00). Wieczny odpoczynek racz zmar\u0142ym da\u0107 Panie.<\/p>\n","protected":false},"excerpt":{"rendered":"<p>OG\u0141OSZENIA DUSZPASTERSKIE NIEDZIELA IV WIELKIEGO POSTU 11 marca 2018 r. 1. W przysz\u0142\u0105 niedziel\u0119, 18 marca, Ks. Arcybiskup Stanis\u0142awa G\u0105decki zawierzy Archidiecezj\u0119 Pozna\u0144sk\u0105 \u015bw. J\u00f3zefowi. Akt ten b\u0119dzie mia\u0142 miejsce w sanktuarium OO. Karmelit\u00f3w w pi\u0105t\u0105 niedziel\u0119 Wielkiego Postu na mszy \u015bw. o godz. 13.00. Zach\u0119camy do udzia\u0142u w tej uroczysto\u015bci. Natomiast nast\u0119pnego dnia, w &#8230; <span class=\"more\"><a class=\"more-link\" href=\"https:\/\/www.chnk.pl\/?p=1929\">czytaj wi\u0119cej<\/a><\/span><\/p>\n","protected":false},"author":3,"featured_media":0,"comment_status":"open","ping_status":"open","sticky":false,"template":"","format":"standard","meta":{"ngg_post_thumbnail":0,"footnotes":""},"categories":[4,3],"tags":[],"_links":{"self":[{"href":"https:\/\/www.chnk.pl\/index.php?rest_route=\/wp\/v2\/posts\/1929"}],"collection":[{"href":"https:\/\/www.chnk.pl\/index.php?rest_route=\/wp\/v2\/posts"}],"about":[{"href":"https:\/\/www.chnk.pl\/index.php?rest_route=\/wp\/v2\/types\/post"}],"author":[{"embeddable":true,"href":"https:\/\/www.chnk.pl\/index.php?rest_route=\/wp\/v2\/users\/3"}],"replies":[{"embeddable":true,"href":"https:\/\/www.chnk.pl\/index.php?rest_route=%2Fwp%2Fv2%2Fcomments&post=1929"}],"version-history":[{"count":2,"href":"https:\/\/www.chnk.pl\/index.php?rest_route=\/wp\/v2\/posts\/1929\/revisions"}],"predecessor-version":[{"id":1931,"href":"https:\/\/www.chnk.pl\/index.php?rest_route=\/wp\/v2\/posts\/1929\/revisions\/1931"}],"wp:attachment":[{"href":"https:\/\/www.chnk.pl\/index.php?rest_route=%2Fwp%2Fv2%2Fmedia&parent=1929"}],"wp:term":[{"taxonomy":"category","embeddable":true,"href":"https:\/\/www.chnk.pl\/index.php?rest_route=%2Fwp%2Fv2%2Fcategories&post=1929"},{"taxonomy":"post_tag","embeddable":true,"href":"https:\/\/www.chnk.pl\/index.php?rest_route=%2Fwp%2Fv2%2Ftags&post=1929"}],"curies":[{"name":"wp","href":"https:\/\/api.w.org\/{rel}","templated":true}]}}