{"id":1920,"date":"2018-03-11T11:52:22","date_gmt":"2018-03-11T11:52:22","guid":{"rendered":"http:\/\/www.chnk.pl\/?p=1920"},"modified":"2018-03-11T11:52:22","modified_gmt":"2018-03-11T11:52:22","slug":"msza-sw-wedkarzy","status":"publish","type":"post","link":"https:\/\/www.chnk.pl\/?p=1920","title":{"rendered":"MSZA \u015aW. W\u0118DKARZY"},"content":{"rendered":"<p style=\"text-align: center;\">ZAPROSZENIE NA MSZ\u0118 \u015aW. W\u0118DKARZY<br \/>\nPolski Zwi\u0105zek W\u0119dkarski Okr\u0119g w Poznaniu z duszpasterzem w\u0119dkarzy Archidiecezji Pozna\u0144skiej ks. Waldemarem Kasprzakiem uprzejmie zapraszaj\u0105 do udzia\u0142u w uroczystej Mszy \u015awi\u0119tej w intencji w\u0119dkarzy z pro\u015bb\u0105 o b\u0142ogos\u0142awie\u0144stwo Bo\u017ce na nowy sezon w\u0119dkarski 2018 r., kt\u00f3ra zostanie odprawiona w dniu 17 marca 2018 roku o godz. 18. 30 w ko\u015bciele parafialnym p.w. \u015bw. Stanis\u0142awa Biskupa i M\u0119czennika na osiedlu Boles\u0142awa \u015amia\u0142ego w Poznaniu. Serdecznie zapraszamy wszystkich w\u0119dkarzy wraz z rodzinami i sympatykami.<br \/>\nks. Waldemar Kasprzak<br \/>\nduszpasterz w\u0119dkarzy Archidiecezji Pozna\u0144skiej<\/p>\n","protected":false},"excerpt":{"rendered":"<p>ZAPROSZENIE NA MSZ\u0118 \u015aW. W\u0118DKARZY Polski Zwi\u0105zek W\u0119dkarski Okr\u0119g w Poznaniu z duszpasterzem w\u0119dkarzy Archidiecezji Pozna\u0144skiej ks. Waldemarem Kasprzakiem uprzejmie zapraszaj\u0105 do udzia\u0142u w uroczystej Mszy \u015awi\u0119tej w intencji w\u0119dkarzy z pro\u015bb\u0105 o b\u0142ogos\u0142awie\u0144stwo Bo\u017ce na nowy sezon w\u0119dkarski 2018 r., kt\u00f3ra zostanie odprawiona w dniu 17 marca 2018 roku o godz. 18. 30 w &#8230; <span class=\"more\"><a class=\"more-link\" href=\"https:\/\/www.chnk.pl\/?p=1920\">czytaj wi\u0119cej<\/a><\/span><\/p>\n","protected":false},"author":3,"featured_media":0,"comment_status":"open","ping_status":"open","sticky":false,"template":"","format":"standard","meta":{"ngg_post_thumbnail":0,"footnotes":""},"categories":[4],"tags":[],"_links":{"self":[{"href":"https:\/\/www.chnk.pl\/index.php?rest_route=\/wp\/v2\/posts\/1920"}],"collection":[{"href":"https:\/\/www.chnk.pl\/index.php?rest_route=\/wp\/v2\/posts"}],"about":[{"href":"https:\/\/www.chnk.pl\/index.php?rest_route=\/wp\/v2\/types\/post"}],"author":[{"embeddable":true,"href":"https:\/\/www.chnk.pl\/index.php?rest_route=\/wp\/v2\/users\/3"}],"replies":[{"embeddable":true,"href":"https:\/\/www.chnk.pl\/index.php?rest_route=%2Fwp%2Fv2%2Fcomments&post=1920"}],"version-history":[{"count":1,"href":"https:\/\/www.chnk.pl\/index.php?rest_route=\/wp\/v2\/posts\/1920\/revisions"}],"predecessor-version":[{"id":1922,"href":"https:\/\/www.chnk.pl\/index.php?rest_route=\/wp\/v2\/posts\/1920\/revisions\/1922"}],"wp:attachment":[{"href":"https:\/\/www.chnk.pl\/index.php?rest_route=%2Fwp%2Fv2%2Fmedia&parent=1920"}],"wp:term":[{"taxonomy":"category","embeddable":true,"href":"https:\/\/www.chnk.pl\/index.php?rest_route=%2Fwp%2Fv2%2Fcategories&post=1920"},{"taxonomy":"post_tag","embeddable":true,"href":"https:\/\/www.chnk.pl\/index.php?rest_route=%2Fwp%2Fv2%2Ftags&post=1920"}],"curies":[{"name":"wp","href":"https:\/\/api.w.org\/{rel}","templated":true}]}}