{"id":1913,"date":"2018-03-03T19:17:49","date_gmt":"2018-03-03T19:17:49","guid":{"rendered":"http:\/\/www.chnk.pl\/?p=1913"},"modified":"2018-03-03T19:18:10","modified_gmt":"2018-03-03T19:18:10","slug":"1913","status":"publish","type":"post","link":"https:\/\/www.chnk.pl\/?p=1913","title":{"rendered":"3 Niedziela Wielkiego Postu"},"content":{"rendered":"<p>OG\u0141OSZENIA DUSZPASTERSKIE<br \/>\nNIEDZIELA III WIELKIEGO POSTU<br \/>\n4 marca 2018 r.<br \/>\n1. Kalendarz liturgiczny: \u015broda \u2013 \u015bw. Perpetui i Felicyty, czwartek \u2013 \u015bw. Jana Bo\u017cego, pi\u0105tek \u2013 \u015bw. Franciszki Rzymianki<br \/>\n2. We wtorek 5 rocznica wyboru papie\u017ca Franciszka. B\u0119dziemy modli\u0107 si\u0119 za Ojca \u015bw. upraszaj\u0105c dla Niego potrzebne \u0142aski. R\u00f3\u017caniec o godz. 7.30 i 17.30 w tej intencji.<br \/>\n3. B\u00f3g zap\u0142a\u0107 za dary \u017cywno\u015bciowe z\u0142o\u017cone dla potrzebuj\u0105cych z naszej parafii. Wydawanie \u017cywno\u015bci we wtorek od godz. 17.30 do 19.00 w salce parafialnej.<br \/>\n4. Spotkanie kandydat\u00f3w do bierzmowania z klas II i III gimnazjalnych we wtorek o godz. 18.45 w kaplicy.<br \/>\n5. Spotkanie wsp\u00f3lnot r\u00f3\u017ca\u0144cowych w \u015brod\u0119 po wieczornej mszy \u015bw. w kaplicy.<br \/>\n6. Kr\u0105g Biblijny w \u015brod\u0119 po wieczornej mszy \u015bw. i nowennie do Matki Bo\u017cej Nieustaj\u0105cej Pomocy w salce parafialnej.<br \/>\n7. Zbi\u00f3rka ministrant\u00f3w w czwartek o godz. 19.00 w salce.<br \/>\n8. Spotkanie dzieci pierwszokomunijnych w czwartek o godz. 15.45 i 16.45 wed\u0142ug grup. Dzieci przynosz\u0105 ksi\u0105\u017ceczki do nabo\u017ce\u0144stwa i obrazki z obecno\u015bci\u0105 na mszy \u015bw. W tym samym czasie, w s\u0105siedniej salce, spotkanie dla rodzic\u00f3w tych dzieci.<br \/>\n9. DROGA KRZY\u017bOWA w pi\u0105tki Wielkiego Postu: dla dzieci godz. 16.30, dla doros\u0142ych godz. 17.30, ulicami osiedla o godz. 19.00 (dla m\u0142odzie\u017cy i przygotowuj\u0105cych si\u0119 do bierzmowania od wej\u015bcia 122), GORZKIE \u017bALE w niedziele Wielkiego Postu o godz. 15.30.<br \/>\n10. Prosimy zg\u0142asza\u0107 chorych i starszych parafian do Komunii \u015bw. wielkanocnej, kt\u00f3rych odwiedzimy z sakramentami \u015bw. w sobot\u0119 przed Niedziel\u0105 Palmow\u0105.<br \/>\n11. Rekolekcje szkolne od poniedzia\u0142ku, 12 marca, do \u015brody, 14 marca br. Ko\u015bci\u00f3\u0142 b\u0119dzie zaj\u0119ty do godz. 14.00.<br \/>\n12. Duchowa adopcja dziecka nienarodzonego. W niedziel\u0119 18 marca na mszy \u015bw. o godz. 9.30, grupa parafian podejmie modlitw\u0119 duchowej adopcji dziecka nienarodzonego. Przyst\u0105pienie do tej grupy i podj\u0119cie modlitwy w tej intencji mo\u017cna zadeklarowa\u0107 w tygodniu po mszy \u015bw. i w niedziel\u0119 przed msz\u0105 \u015bw. o godz. 9.30.<br \/>\n13. Katedralna Og\u00f3lnokszta\u0142c\u0105ca Szko\u0142a Muzyczna I st. prowadzi zapisy do I klasy. Jest to o\u015bmioletnia szko\u0142a podstawowa z przedmiotami og\u00f3lnokszta\u0142c\u0105cymi i muzycznymi. Szko\u0142a przyjmuje dziewczynki i ch\u0142opc\u00f3w posiadaj\u0105cych predyspozycje do kszta\u0142cenia muzycznego. Program wychowawczy oparty jest na warto\u015bciach chrze\u015bcija\u0144skich. Szczeg\u00f3\u0142owe informacje mo\u017cna uzyska\u0107 drog\u0105 mailow\u0105, telefonicznie lub osobi\u015bcie w sekretariacie szko\u0142y, przy ulicy Filipi\u0144skiej 4. Drzwi Otwarte w szko\u0142ach Si\u00f3str Zmartwychwstanek, w sobot\u0119 10 marca. Komunikat na tablicy og\u0142osze\u0144 i stronie internetowej naszej parafii.<br \/>\n14. W czasie Wielkiego Postu sk\u0142adamy ofiary na danin\u0119 diecezjaln\u0105, kt\u00f3ra przeznaczona jest na utrzymanie centralnych instytucji diecezjalnych tzn. Arcybiskupiego Seminarium Duchownego, Domu Ksi\u0119\u017cy Emeryt\u00f3w, Muzeum, Archiwum Archidiecezjalnego, Katedr\u0119, Kuri\u0119 Metropolitaln\u0105 i Caritas. Koperty na danin\u0119 diecezjaln\u0105 przy zakrystii.<br \/>\n15. Zach\u0119camy do czytania prasy katolickiej: Przy zakrystii: Przewodnik Katolicki (o \u015bwi\u0119tych kobietach, kt\u00f3re sta\u0142y u boku \u015bwi\u0119tych m\u0119\u017cczyzn)), Ma\u0142y Przewodnik Katolicki, Go\u015b\u0107 Niedzielny, Nasza Droga, Ola i Ja\u015b, Mi\u0142ujcie si\u0119, gazetka parafialna i poczt\u00f3wki z religijnymi motywami wielkanocnymi .<br \/>\n16. M\u00f3dlmy si\u0119 za zmar\u0142ych parafian. Za \u015bp. Piotra\u00a0Opackiego, os. Lecha 34, \u015bp. Marka Romanowskiego, os. Lecha 23 (msza \u015bw. pogrzebowa w \u015brod\u0119 o godz. 9.00).Wieczny odpoczynek racz zmar\u0142ym da\u0107 Panie&#8230;<\/p>\n","protected":false},"excerpt":{"rendered":"<p>OG\u0141OSZENIA DUSZPASTERSKIE NIEDZIELA III WIELKIEGO POSTU 4 marca 2018 r. 1. Kalendarz liturgiczny: \u015broda \u2013 \u015bw. Perpetui i Felicyty, czwartek \u2013 \u015bw. Jana Bo\u017cego, pi\u0105tek \u2013 \u015bw. Franciszki Rzymianki 2. We wtorek 5 rocznica wyboru papie\u017ca Franciszka. B\u0119dziemy modli\u0107 si\u0119 za Ojca \u015bw. upraszaj\u0105c dla Niego potrzebne \u0142aski. R\u00f3\u017caniec o godz. 7.30 i 17.30 w &#8230; <span class=\"more\"><a class=\"more-link\" href=\"https:\/\/www.chnk.pl\/?p=1913\">czytaj wi\u0119cej<\/a><\/span><\/p>\n","protected":false},"author":3,"featured_media":0,"comment_status":"open","ping_status":"open","sticky":false,"template":"","format":"standard","meta":{"ngg_post_thumbnail":0,"footnotes":""},"categories":[4,3],"tags":[],"_links":{"self":[{"href":"https:\/\/www.chnk.pl\/index.php?rest_route=\/wp\/v2\/posts\/1913"}],"collection":[{"href":"https:\/\/www.chnk.pl\/index.php?rest_route=\/wp\/v2\/posts"}],"about":[{"href":"https:\/\/www.chnk.pl\/index.php?rest_route=\/wp\/v2\/types\/post"}],"author":[{"embeddable":true,"href":"https:\/\/www.chnk.pl\/index.php?rest_route=\/wp\/v2\/users\/3"}],"replies":[{"embeddable":true,"href":"https:\/\/www.chnk.pl\/index.php?rest_route=%2Fwp%2Fv2%2Fcomments&post=1913"}],"version-history":[{"count":2,"href":"https:\/\/www.chnk.pl\/index.php?rest_route=\/wp\/v2\/posts\/1913\/revisions"}],"predecessor-version":[{"id":1916,"href":"https:\/\/www.chnk.pl\/index.php?rest_route=\/wp\/v2\/posts\/1913\/revisions\/1916"}],"wp:attachment":[{"href":"https:\/\/www.chnk.pl\/index.php?rest_route=%2Fwp%2Fv2%2Fmedia&parent=1913"}],"wp:term":[{"taxonomy":"category","embeddable":true,"href":"https:\/\/www.chnk.pl\/index.php?rest_route=%2Fwp%2Fv2%2Fcategories&post=1913"},{"taxonomy":"post_tag","embeddable":true,"href":"https:\/\/www.chnk.pl\/index.php?rest_route=%2Fwp%2Fv2%2Ftags&post=1913"}],"curies":[{"name":"wp","href":"https:\/\/api.w.org\/{rel}","templated":true}]}}