{"id":1906,"date":"2018-02-27T18:17:47","date_gmt":"2018-02-27T18:17:47","guid":{"rendered":"http:\/\/www.chnk.pl\/?p=1906"},"modified":"2018-02-27T18:17:47","modified_gmt":"2018-02-27T18:17:47","slug":"2-niedziela-wielkiego-postu","status":"publish","type":"post","link":"https:\/\/www.chnk.pl\/?p=1906","title":{"rendered":"2 Niedziela Wielkiego Postu"},"content":{"rendered":"<p>&nbsp;<br \/>\nOG\u0141OSZENIA DUSZPASTERSKIE<br \/>\nNiedziela II Wielkiego Postu<br \/>\n25 lutego 2018 r.<br \/>\n1. B\u00f3g zap\u0142a\u0107 Parafianom za udzia\u0142 w rekolekcjach parafialnych. Wprowadzi\u0142y nas one w Wielki Post i stawiaj\u0105 przed pytaniem \u201eC\u00f3\u017c mamy czyni\u0107 bracia\u201d Odpowied\u017a mo\u017ce by\u0107 tylko jedna \u201eNawracajcie si\u0119 i wierzcie w Ewangeli\u0119\u201d Przynaglamy do udzia\u0142u w nabo\u017ce\u0144stwach pasyjnych, przez kt\u00f3re pragniemy odda\u0107 cze\u015b\u0107 cierpi\u0105cemu Zbawicielowi, przeb\u0142aga\u0107 za nasze grzechy oraz uprosi\u0107 potrzebne \u0142aski.<br \/>\nDROGA KRZY\u017bOWA w pi\u0105tki Wielkiego Postu: dla dzieci godz. 16.30, dla do\u00acros\u0142ych godz. 17.30, ulicami osiedla o godz. 19.00 ( w tym tygodniu od wej\u015bcia nr 13, przynosimy ze sob\u0105 \u015bwiece lub znicze). GORZKIE \u017bALE w niedziele o godz. 15.30.<br \/>\n2. Zapraszamy na kr\u0105g biblijny w \u015brod\u0119 o godz. 19.00 w salce parafialnej.<br \/>\n3. W tym tygodniu : I czwartek i I pi\u0105tek i I sobota miesi\u0105ca. Adoracja Naj\u015bwi\u0119tszego Sakramentu w czwartek od godz. 17.00 do 21.00. Miesi\u0119czna spowied\u017a i komunia \u015bw. dla klas: 4, 5 i 6 w pi\u0105tek od godz. 15.00, Droga Krzy\u017cowa o godz. 16.30. Od godziny 17.30 spowied\u017a \u015bw. dla gimnazjalist\u00f3w i m\u0142odzie\u017cy obowi\u0105zkowa dla kandydat\u00f3w do bierzmowania. R\u00f3\u017caniec i nabo\u017ce\u0144stwo fatimskie w sobot\u0119 o godz. 7.15. Spotkanie dla wsp\u00f3lnoty ma\u0142\u017ce\u0144stw w sobot\u0119 o godz. 19.00 w salce. Dzielimy si\u0119 S\u0142owem Bo\u017cym i do\u015bwiadczeniem \u017cycia. Do wsp\u00f3lnoty zapraszamy nowe rodziny, dzieci maj\u0105 zapewnion\u0105 opiek\u0119. W pi\u0105tek i w sobot\u0119 odwiedziny chorych z sakramentami \u015bw. wed\u0142ug sta\u0142ego planu, nowe zg\u0142oszenia w zakrystii.<br \/>\n4. Prosimy zg\u0142asza\u0107 chorych i starszych parafian do komunii \u015bw. wielkanocnej, kt\u00f3rych odwiedzimy z sakramentami \u015bw. w sobot\u0119 przed Niedziel\u0105 Palmow\u0105.<br \/>\n5. Bierzmowanie w naszej parafii 8 maja o godz. 18.00. Osoby, kt\u00f3re jeszcze nie przyst\u0105pi\u0142y do bierzmowania prosimy o kontakt w Biurze Parafialnym.<br \/>\n6. Duchowa adopcja dziecka nienarodzonego. W niedziel\u0119 18 marca na mszy \u015bw. o godz. 9.30, grupa parafian podejmie modlitw\u0119 duchowej adopcji dziecka nienarodzonego. Przyst\u0105pienie do tej grupy i podj\u0119cie modlitwy w tej intencji mo\u017cna zadeklarowa\u0107 w tygodniu po mszy \u015bw. i w niedziel\u0119 przed msz\u0105 \u015bw. o godz. 9.30.<br \/>\n7. W przysz\u0142\u0105 niedziel\u0119 mo\u017cliwo\u015b\u0107 ofiarowania \u017cywno\u015bci o przed\u0142u\u017conym czasie przechowywania. Do kosza pod ch\u00f3rem mo\u017cna sk\u0142ada\u0107 dary \u017cywno\u015bciowe dla potrzebuj\u0105cych. Prosimy aby zakup\u00f3w nie dokonywa\u0107 w niedziel\u0119.<br \/>\n8. B\u00f3g zap\u0142a\u0107 za ofiary z\u0142o\u017cone na dalsze wyposa\u017canie naszego ko\u015bcio\u0142a. Dzisiaj przed ko\u015bcio\u0142em mo\u017cliwo\u015b\u0107 z\u0142o\u017cenia ofiary na misje. W Wielkim Po\u015bcie sk\u0142adamy ofiary na danin\u0119 diecezjaln\u0105, kt\u00f3ra jest przeznaczona na utrzymanie centralnych instytucji diecezjalnych tzn. Seminarium Duchownego, Domu Ksi\u0119\u017cy Emeryt\u00f3w, Muzeum i Archiwum, Katedry, Kurii Metropolitalnej i na Caritas. Koperty na danin\u0119 diecezjaln\u0105 i \u017c\u00f3\u0142t\u0105 kartk\u0119 na cele parafialne mo\u017cna odbiera\u0107 przy zakrystii. Prosimy aby dzisiaj zg\u0142aszali si\u0119 parafianie u kt\u00f3rych w tym roku by\u0142a kol\u0119da.<br \/>\n9. Osoby zapisane na pielgrzymk\u0119 do Lwowa prosimy o kolejn\u0105 wp\u0142at\u0119. Jeszcze s\u0105 4 wolne miejsca; kontakt z ks. Szymonem.<br \/>\n10. Zach\u0119camy do czytania prasy katolickiej: Przy zakrystii: Przewodnik Katolicki (z modlitewnikiem na marzec), Ma\u0142y Przewodnik Katolicki, Go\u015b\u0107 Niedzielny, Nasza Droga, Ola i Ja\u015b, Mi\u0142ujcie si\u0119 i gazetka parafialna.<\/p>\n","protected":false},"excerpt":{"rendered":"<p>&nbsp; OG\u0141OSZENIA DUSZPASTERSKIE Niedziela II Wielkiego Postu 25 lutego 2018 r. 1. B\u00f3g zap\u0142a\u0107 Parafianom za udzia\u0142 w rekolekcjach parafialnych. Wprowadzi\u0142y nas one w Wielki Post i stawiaj\u0105 przed pytaniem \u201eC\u00f3\u017c mamy czyni\u0107 bracia\u201d Odpowied\u017a mo\u017ce by\u0107 tylko jedna \u201eNawracajcie si\u0119 i wierzcie w Ewangeli\u0119\u201d Przynaglamy do udzia\u0142u w nabo\u017ce\u0144stwach pasyjnych, przez kt\u00f3re pragniemy odda\u0107 &#8230; <span class=\"more\"><a class=\"more-link\" href=\"https:\/\/www.chnk.pl\/?p=1906\">czytaj wi\u0119cej<\/a><\/span><\/p>\n","protected":false},"author":3,"featured_media":0,"comment_status":"open","ping_status":"open","sticky":false,"template":"","format":"standard","meta":{"ngg_post_thumbnail":0,"footnotes":""},"categories":[3],"tags":[],"_links":{"self":[{"href":"https:\/\/www.chnk.pl\/index.php?rest_route=\/wp\/v2\/posts\/1906"}],"collection":[{"href":"https:\/\/www.chnk.pl\/index.php?rest_route=\/wp\/v2\/posts"}],"about":[{"href":"https:\/\/www.chnk.pl\/index.php?rest_route=\/wp\/v2\/types\/post"}],"author":[{"embeddable":true,"href":"https:\/\/www.chnk.pl\/index.php?rest_route=\/wp\/v2\/users\/3"}],"replies":[{"embeddable":true,"href":"https:\/\/www.chnk.pl\/index.php?rest_route=%2Fwp%2Fv2%2Fcomments&post=1906"}],"version-history":[{"count":1,"href":"https:\/\/www.chnk.pl\/index.php?rest_route=\/wp\/v2\/posts\/1906\/revisions"}],"predecessor-version":[{"id":1907,"href":"https:\/\/www.chnk.pl\/index.php?rest_route=\/wp\/v2\/posts\/1906\/revisions\/1907"}],"wp:attachment":[{"href":"https:\/\/www.chnk.pl\/index.php?rest_route=%2Fwp%2Fv2%2Fmedia&parent=1906"}],"wp:term":[{"taxonomy":"category","embeddable":true,"href":"https:\/\/www.chnk.pl\/index.php?rest_route=%2Fwp%2Fv2%2Fcategories&post=1906"},{"taxonomy":"post_tag","embeddable":true,"href":"https:\/\/www.chnk.pl\/index.php?rest_route=%2Fwp%2Fv2%2Ftags&post=1906"}],"curies":[{"name":"wp","href":"https:\/\/api.w.org\/{rel}","templated":true}]}}