{"id":1902,"date":"2018-02-18T21:29:35","date_gmt":"2018-02-18T21:29:35","guid":{"rendered":"http:\/\/www.chnk.pl\/?p=1902"},"modified":"2018-02-18T21:29:35","modified_gmt":"2018-02-18T21:29:35","slug":"1-niedziela-wielkiego-postu","status":"publish","type":"post","link":"https:\/\/www.chnk.pl\/?p=1902","title":{"rendered":"1 Niedziela Wielkiego Postu"},"content":{"rendered":"<p>OG\u0141OSZENIA DUSZPASTERSKIE<br \/>\nNIEDZIELA I WIELKIEGO POSTU<br \/>\n18 lutego 2018 r.<br \/>\n1. Ko\u0144czymy rekolekcje parafialne, kt\u00f3re wprowadzi\u0142y nas w ten \u015bwi\u0119ty czas pokuty i nawr\u00f3cenia. Dzi\u0119kujemy o. Joachimowi za pos\u0142ug\u0119 rekolekcyjn\u0105, dzi\u0119ki kt\u00f3rej mo\u017cemy rozezna\u0107 pod tchnieniem Ducha \u015awi\u0119tego co mamy czyni\u0107, aby uczyni\u0107 Wielki post czasem duchowego wzrostu.<br \/>\n2. B\u00f3g zap\u0142a\u0107 Parafianom za udzia\u0142 w og\u00f3lnomiejskiej drodze krzy\u017cowej, szczeg\u00f3lne podzi\u0119kowania panom za niesienie krzy\u017ca.<br \/>\n3.DROGA KRZY\u017bOWA w pi\u0105tki Wielkiego Postu: dla dzieci godz. 16.30, dla doros\u0142ych godz. 17.30, ulicami osiedla godz. 19.00 ( w tym tygodniu od wej\u015bcia 78, przynosimy ze sob\u0105 \u015bwiece-znicze). Na godz. 19.00 przychodz\u0105 tak\u017ce m\u0142odzi przygotowuj\u0105cy si\u0119 do bierzmowania. GORZKIE \u017bALE w niedziele Wielkiego Postu o godz. 15.30. Nie ma dodatkowej mszy \u015bw. po Gorzkich \u017balach.<br \/>\n4. Prosimy zg\u0142asza\u0107 chorych i starszych Parafian do Komunii \u015bw. wielkanocnej, kt\u00f3rych odwiedzimy z sakramentami \u015bw. w sobot\u0119 przed Niedziel\u0105 Palmow\u0105.<br \/>\n5. Grupa Anonimowych Alkoholik\u00f3w spotyka si\u0119 we wtorki w salce parafialnej o godz. 19.00 i jest otwarta na wszystkich, kt\u00f3rzy szukaj\u0105 pomocy do \u017cycia w trze\u017awo\u015bci.<br \/>\n6. Zaproszenie do Katedry z okazji \u015bwi\u0119ta Katedry \u015bwi\u0119tego Piotra. Z okazji tego \u015bwi\u0119ta, w czwartek 22 lutego 2018 roku o\u00a0godz.\u00a018.00 odb\u0119d\u0105 si\u0119 w\u00a0Katedrze uroczyste Nieszpory pod przewodnictwem Ksi\u0119dza Arcybiskupa Marka J\u0119draszewskiego, Metropolity Krakowskiego. Do udzia\u0142u w Nieszporach serdecznie zapraszamy szczeg\u00f3lnie wszystkich Profesor\u00f3w i innych Pracownik\u00f3w Akademickich Poznania. Po Nieszporach zapraszamy na spotkanie w gmachu \u201eA\u201d Wydzia\u0142u Teologicznego przy ul. Wie\u017cowej.<br \/>\n7. W czasie modlitwy Anio\u0142 Pa\u0144ski papie\u017c Franciszek wezwa\u0142 ca\u0142y Ko\u015bci\u00f3\u0142 do modlitwy i postu w intencji pokoju w Kongo i Po\u0142udniowym Sudanie. Ko\u015bci\u00f3\u0142 w Polsce w jedno\u015bci z Ojcem \u015awi\u0119tym Franciszkiem w\u0142\u0105cza si\u0119 w to przedsi\u0119wzi\u0119cie. W pi\u0105tek 23 lutego br. wszystkie parafie Archidiecezji Pozna\u0144skiej podejm\u0105 to dzie\u0142o. Zach\u0119camy do osobistej modlitwy i podj\u0119cia postu, w pi\u0105tek 23 lutego, w intencji wyznaczonej przez papie\u017ca Franciszka. W ramach sprawowanych w pi\u0105tek 23 lutego Mszy \u015awi\u0119tych i Drogi Krzy\u017cowej b\u0119dziemy modli\u0107 si\u0119 o pok\u00f3j w Demokratycznej Republice Konga i Po\u0142udniowym Sudanie.<br \/>\n8. Zach\u0119camy do w\u0142\u0105czenia si\u0119 w wielkopostne wydarzenie \u201eKo\u015bcio\u0142\u00f3w stacyjnych miasta Poznania\u201d. Jest ono now\u0105 propozycj\u0105 obok tradycyjnych nabo\u017ce\u0144stw Wielkiego Postu do podj\u0119cia wyrzecze\u0144, pokuty i modlitwy, kt\u00f3re maj\u0105 pomaga\u0107 dobrze prze\u017cy\u0107 ten czas. Ka\u017cdego dnia, pocz\u0105wszy od \u015arody Popielcowej, z wy\u0142\u0105czeniem niedziel i Wielkiego Tygodnia b\u0119dziemy gromadzi\u0107 si\u0119 w innej \u015bwi\u0105tyni miasta, aby trwa\u0107 na modlitwie. Dok\u0142adny spis 34 ko\u015bcio\u0142\u00f3w stacyjnych, szczeg\u00f3\u0142owy program oraz intencje modlitewne odnajdziemy w \u201ePrzewodniku Katolickim\u201d oraz na stronie internetowej Archidiecezji Pozna\u0144skiej.<br \/>\n9. B\u00f3g zap\u0142a\u0107 za ofiary na Caritas. W przysz\u0142\u0105 niedziel\u0119, II niedziel\u0119 Wielkiego Postu, w ca\u0142ej Polsce przed ko\u015bcio\u0142ami zbi\u00f3rka ofiar na misje.<br \/>\n10. Zach\u0119camy do czytania prasy religijnej. Przy zakrystii: Przewodnik Katolicki, Go\u015b\u0107 Niedzielny, Ma\u0142y Przewodnik Katolicki, Ziarno, Mi\u0142ujcie si\u0119. Dzieci zach\u0119camy do wype\u0142niania zada\u0144 z Ziarna. W niedziele po mszy \u015bw. o godz. 11. 15 losowanie nagrody spo\u015br\u00f3d prawid\u0142owych rozwi\u0105za\u0144.<br \/>\n11. M\u00f3dlmy si\u0119 za zmar\u0142ych Parafian Za dusz\u0119 \u015bp. Stefana Owsi\u0144skiego, os. Lecha 46 (msza \u015bw. pogrzebowa we wtorek o godz. 11.00) i za dusz\u0119 \u015bp. Bo\u017ceny Kurkowiak, os. Lecha 82 (msza \u015bw. pogrzebowa w poniedzia\u0142ek (za tydzie\u0144), 26.02. o godz. 9.00). Wieczny odpoczynek racz Zmar\u0142ym da\u0107 Panie.<\/p>\n","protected":false},"excerpt":{"rendered":"<p>OG\u0141OSZENIA DUSZPASTERSKIE NIEDZIELA I WIELKIEGO POSTU 18 lutego 2018 r. 1. Ko\u0144czymy rekolekcje parafialne, kt\u00f3re wprowadzi\u0142y nas w ten \u015bwi\u0119ty czas pokuty i nawr\u00f3cenia. Dzi\u0119kujemy o. Joachimowi za pos\u0142ug\u0119 rekolekcyjn\u0105, dzi\u0119ki kt\u00f3rej mo\u017cemy rozezna\u0107 pod tchnieniem Ducha \u015awi\u0119tego co mamy czyni\u0107, aby uczyni\u0107 Wielki post czasem duchowego wzrostu. 2. B\u00f3g zap\u0142a\u0107 Parafianom za udzia\u0142 w &#8230; <span class=\"more\"><a class=\"more-link\" href=\"https:\/\/www.chnk.pl\/?p=1902\">czytaj wi\u0119cej<\/a><\/span><\/p>\n","protected":false},"author":3,"featured_media":0,"comment_status":"open","ping_status":"open","sticky":false,"template":"","format":"standard","meta":{"ngg_post_thumbnail":0,"footnotes":""},"categories":[4,3],"tags":[],"_links":{"self":[{"href":"https:\/\/www.chnk.pl\/index.php?rest_route=\/wp\/v2\/posts\/1902"}],"collection":[{"href":"https:\/\/www.chnk.pl\/index.php?rest_route=\/wp\/v2\/posts"}],"about":[{"href":"https:\/\/www.chnk.pl\/index.php?rest_route=\/wp\/v2\/types\/post"}],"author":[{"embeddable":true,"href":"https:\/\/www.chnk.pl\/index.php?rest_route=\/wp\/v2\/users\/3"}],"replies":[{"embeddable":true,"href":"https:\/\/www.chnk.pl\/index.php?rest_route=%2Fwp%2Fv2%2Fcomments&post=1902"}],"version-history":[{"count":1,"href":"https:\/\/www.chnk.pl\/index.php?rest_route=\/wp\/v2\/posts\/1902\/revisions"}],"predecessor-version":[{"id":1903,"href":"https:\/\/www.chnk.pl\/index.php?rest_route=\/wp\/v2\/posts\/1902\/revisions\/1903"}],"wp:attachment":[{"href":"https:\/\/www.chnk.pl\/index.php?rest_route=%2Fwp%2Fv2%2Fmedia&parent=1902"}],"wp:term":[{"taxonomy":"category","embeddable":true,"href":"https:\/\/www.chnk.pl\/index.php?rest_route=%2Fwp%2Fv2%2Fcategories&post=1902"},{"taxonomy":"post_tag","embeddable":true,"href":"https:\/\/www.chnk.pl\/index.php?rest_route=%2Fwp%2Fv2%2Ftags&post=1902"}],"curies":[{"name":"wp","href":"https:\/\/api.w.org\/{rel}","templated":true}]}}