{"id":1900,"date":"2018-02-10T19:08:28","date_gmt":"2018-02-10T19:08:28","guid":{"rendered":"http:\/\/www.chnk.pl\/?p=1900"},"modified":"2018-02-10T19:08:28","modified_gmt":"2018-02-10T19:08:28","slug":"plan-rekolekcji-parafialnych","status":"publish","type":"post","link":"https:\/\/www.chnk.pl\/?p=1900","title":{"rendered":"PLAN REKOLEKCJI PARAFIALNYCH"},"content":{"rendered":"<p>REKOLEKCJE WIELKOPOSTNE<br \/>\no. Joachim Kusz OMI<br \/>\n\u201eDa\u0107 si\u0119 prowadzi\u0107 Duchowi \u015awi\u0119temu\u201d<\/p>\n<p>14 luty &#8211; \u015aroda Popielcowa.<br \/>\nRozpocz\u0119cie rekolekcji na wszystkich mszach \u015bwi\u0119tych<br \/>\n: 7.00 ;8.00; 16.30; 18.00; 19.00<\/p>\n<p>15 luty, czwartek<\/p>\n<p>7.40 \u2013 Koronka do Mi\u0142osierdzia Bo\u017cego<br \/>\nI modlitwy poranne.<br \/>\n8.00 \u2013 Msza \u015bwi\u0119ta z nauka og\u00f3ln\u0105.<br \/>\nNabo\u017ce\u0144stwo u st\u00f3p Krzy\u017ca.<br \/>\n17.00 \u2013 Adoracja NS i R\u00f3\u017caniec W intencji Ojczyzny.<br \/>\n18.00 \u2013 Msza \u015bw. z nauka og\u00f3ln\u0105<br \/>\n19.00 \u2013( po Mszy) Nauka stanowa dla rodzic\u00f3w i ma\u0142\u017conk\u00f3w.<br \/>\nNie tylko rodzic\u00f3w dzieci komunijnych i bierzmowanych.<br \/>\n19.30 Wystawienie Naj\u015bwi\u0119tszego Sakramentu, kr\u00f3tka nauka w trakcie,<br \/>\n20.30 Apel Jasnog\u00f3rski.<br \/>\n16 luty, pi\u0105tek<\/p>\n<p>7.30 \u2013 okazja do spowiedzi ( do kazania)<br \/>\n8.00 \u2013 Msza \u015bw. z nauk\u0105.<br \/>\nNabo\u017ce\u0144stwo u st\u00f3p Krzy\u017ca.<br \/>\n10.00 Msza \u015bw. dla chorych i senior\u00f3w. Udzielenie Sakramentu Namaszczenia Chorych.<br \/>\n16.00 Okazja do spowiedzi.<br \/>\n16.30 Droga Krzy\u017cowa dla dzieci.<br \/>\n17.30 Droga Krzy\u017cowa dla doros\u0142ych<br \/>\n18.00 Msza \u015bwi\u0119ta z nauk\u0105 og\u00f3ln\u0105<br \/>\nDroga Krzy\u017cowa ulicami osiedla.<br \/>\nWystawienie Naj\u015bwi\u0119tszego Sakramentu.<br \/>\n20.30 Apel Jasnog\u00f3rski.<\/p>\n<p>17 luty, sobota.<\/p>\n<p>7.30 \u2013 Godzinki o Niepokalanym Pocz\u0119ciu.<br \/>\nOkazja do spowiedzi.<br \/>\n8.00 Msza \u015bw. z nauk\u0105<br \/>\n9.00 &#8211; 10.00 Okazja do spowiedzi.<br \/>\n16.00 \u201318.00 Okazja do spowiedzi.<br \/>\n17.30 \u2013 R\u00f3\u017caniec w intencji rekolekcji<br \/>\n18.00 \u2013 Msza \u015bw. z nauka og\u00f3ln\u0105<br \/>\n19.00 \u2013Adoracja Naj\u015bwi\u0119tszego Sakramentu<br \/>\n20.30 \u2013 Apel Jasnog\u00f3rski.<\/p>\n<p>18 luty, niedziela.<br \/>\nNauki rekolekcyjne na ka\u017cdej mszy \u015bw. po\u0142\u0105czone z zako\u0144czeniem rekolekcji wielkopostnych; mo\u017cliwo\u015b\u0107 zyskania odpustu zupe\u0142nego.<br \/>\nGorzkie \u017bale 15,30 i Msza \u015bw. wieczorna.<\/p>\n<p>B\u00f3g przez \u0142ask\u0119 pokuty otwiera przed nami nowe \u017cycie i prowadzi nas do pe\u0142nej wolno\u015bci Dzieci Bo\u017cych.&#8217;<br \/>\nM\u00f3dlmy si\u0119:<br \/>\n\u201e Bo\u017ce, Ty wzywasz nas, by\u015bmy przeszli z ciemno\u015bci do Twojego przedziwnego \u015bwiat\u0142a, z k\u0142amstwa do prawdy, ze \u015bmierci do \u017cycia; prosimy Ci\u0119, ze\u015blij nam Ducha Twojego, kt\u00f3ry otwiera nam uszy i umacnia nasze serca, aby\u015bmy weszli na drog\u0119 prowadz\u0105c\u0105 do \u017cycia prawdziwie chrze\u015bcija\u0144skiego. Przez Chrystusa Pana Naszego. Amen<\/p>\n","protected":false},"excerpt":{"rendered":"<p>REKOLEKCJE WIELKOPOSTNE o. Joachim Kusz OMI \u201eDa\u0107 si\u0119 prowadzi\u0107 Duchowi \u015awi\u0119temu\u201d 14 luty &#8211; \u015aroda Popielcowa. Rozpocz\u0119cie rekolekcji na wszystkich mszach \u015bwi\u0119tych : 7.00 ;8.00; 16.30; 18.00; 19.00 15 luty, czwartek 7.40 \u2013 Koronka do Mi\u0142osierdzia Bo\u017cego I modlitwy poranne. 8.00 \u2013 Msza \u015bwi\u0119ta z nauka og\u00f3ln\u0105. Nabo\u017ce\u0144stwo u st\u00f3p Krzy\u017ca. 17.00 \u2013 Adoracja NS &#8230; <span class=\"more\"><a class=\"more-link\" href=\"https:\/\/www.chnk.pl\/?p=1900\">czytaj wi\u0119cej<\/a><\/span><\/p>\n","protected":false},"author":3,"featured_media":0,"comment_status":"open","ping_status":"open","sticky":false,"template":"","format":"standard","meta":{"ngg_post_thumbnail":0,"footnotes":""},"categories":[4],"tags":[],"_links":{"self":[{"href":"https:\/\/www.chnk.pl\/index.php?rest_route=\/wp\/v2\/posts\/1900"}],"collection":[{"href":"https:\/\/www.chnk.pl\/index.php?rest_route=\/wp\/v2\/posts"}],"about":[{"href":"https:\/\/www.chnk.pl\/index.php?rest_route=\/wp\/v2\/types\/post"}],"author":[{"embeddable":true,"href":"https:\/\/www.chnk.pl\/index.php?rest_route=\/wp\/v2\/users\/3"}],"replies":[{"embeddable":true,"href":"https:\/\/www.chnk.pl\/index.php?rest_route=%2Fwp%2Fv2%2Fcomments&post=1900"}],"version-history":[{"count":1,"href":"https:\/\/www.chnk.pl\/index.php?rest_route=\/wp\/v2\/posts\/1900\/revisions"}],"predecessor-version":[{"id":1901,"href":"https:\/\/www.chnk.pl\/index.php?rest_route=\/wp\/v2\/posts\/1900\/revisions\/1901"}],"wp:attachment":[{"href":"https:\/\/www.chnk.pl\/index.php?rest_route=%2Fwp%2Fv2%2Fmedia&parent=1900"}],"wp:term":[{"taxonomy":"category","embeddable":true,"href":"https:\/\/www.chnk.pl\/index.php?rest_route=%2Fwp%2Fv2%2Fcategories&post=1900"},{"taxonomy":"post_tag","embeddable":true,"href":"https:\/\/www.chnk.pl\/index.php?rest_route=%2Fwp%2Fv2%2Ftags&post=1900"}],"curies":[{"name":"wp","href":"https:\/\/api.w.org\/{rel}","templated":true}]}}