{"id":1896,"date":"2018-02-10T19:04:45","date_gmt":"2018-02-10T19:04:45","guid":{"rendered":"http:\/\/www.chnk.pl\/?p=1896"},"modified":"2018-02-10T19:04:45","modified_gmt":"2018-02-10T19:04:45","slug":"6-niedziela-zwykla","status":"publish","type":"post","link":"https:\/\/www.chnk.pl\/?p=1896","title":{"rendered":"6 Niedziela Zwyk\u0142a"},"content":{"rendered":"<p>OG\u0141OSZENIA DUSZPASTERSKIE<br \/>\nNIEDZIELA VI ZWYK\u0141A<br \/>\n11 lutego 2018 r.<\/p>\n<p>1. We wtorek ko\u0144czy si\u0119 czas hucznych wesel i zabaw. Od \u015brody rozpoczynamy Wielki Post. Rozpoczyna si\u0119 czas spowiedzi i Komunii \u015bw. wielkanocnej.<br \/>\n2. W \u015arod\u0119 Popielcow\u0105 msza \u015bw. o godz. 7.00, 8.00, 16.30, 18.00 i 19.00. W \u015arod\u0119 Popielcow\u0105 obowi\u0105zuje post zwyk\u0142y i post \u015bcis\u0142y od kt\u00f3rych nie ma dyspensy. Do zachowania postu \u015bcis\u0142ego zobowi\u0105zane s\u0105 osoby, kt\u00f3re uko\u0144czy\u0142y osiemnasty rok \u017cycia a nie rozpocz\u0119\u0142y jeszcze sze\u015b\u0107dziesi\u0105tego. Post zwyk\u0142y obowi\u0105zuje od 14 roku. W \u015arod\u0119 Popielcow\u0105, przed ko\u015bcio\u0142em, mo\u017cliwo\u015b\u0107 z\u0142o\u017cenia ofiary na CARITAS. Od \u015arody Popielcowej do niedzieli odprawia si\u0119 Kwartalne dni modlitw o ducha pokuty po\u0142\u0105czone z modlitw\u0105 o trze\u017awo\u015b\u0107. Modlitw\u0105, postem i trze\u017awo\u015bci\u0105 pragniemy wynagrodzi\u0107 sprawiedliwo\u015bci Bo\u017cej nasze grzechy. Zach\u0119camy do podj\u0119cia indywidualnego postu o chlebie i wodzie w jeden dzie\u0144 Wielkiego Postu. Szukamy czterdziestu parafian, kt\u00f3rzy podj\u0119liby t\u0119 praktyk\u0119 pokutn\u0105 w intencji wynagrodzenia Panu Bogu za blu\u017anierstwa. Szczeg\u00f3\u0142y po mszy \u015bw. w kaplicy przy zakrystii.<br \/>\n3. W \u015arod\u0119 Popielcow\u0105 rozpoczynamy rekolekcje wielkopostne w naszej parafii, kt\u00f3re potrwaj\u0105 do przysz\u0142ej niedzieli. Poprowadzi je o. Joachim Kusz. Nauki rekolekcyjne o godz. 8.00 i 18.00. Od czwartku do soboty wystawienie Naj\u015bw. Sakramentu i godzinna adoracja. Ca\u0142o\u015bciowy program rekolekcji jest wywieszony na tablicy og\u0142osze\u0144, wy\u0142o\u017cony pod ch\u00f3rem i zamieszczony na stronie www parafii.<br \/>\n4. W czwartek, 12 lutego br. godz. 1830 zostanie odprawiona w naszym mie\u015bcie tradycyjna Droga Krzy\u017cowa. Rozpocznie si\u0119 ona Msz\u0105 \u015bw. w pozna\u0144skiej Farze o godz. 1800 i uda si\u0119 na Plac A. Mickiewicza. Serdecznie zapraszamy do udzia\u0142u w tym wielkopostnym nabo\u017ce\u0144stwie, przez kt\u00f3re pragniemy odda\u0107 cze\u015b\u0107 cierpi\u0105cemu Zbawicielowi, przeb\u0142aga\u0107 za grzechy w\u0142asne, naszego miasta i Ojczyzny oraz uprosi\u0107 potrzebne \u0142aski. Wsp\u00f3lne wyj\u015bcie sprzed ko\u015bcio\u0142a i przejazd tramwajem o godz. 17.45. Krzy\u017c nios\u0105 panowie z naszej parafii od X do XI stacji.<br \/>\n5. Bierzmowanie w naszej parafii 8 maja o godz. 18.00. Osoby starsze, kt\u00f3re jeszcze nie przyst\u0105pi\u0142y do bierzmowania prosimy o kontakt w Biurze Parafialnym.<br \/>\n6. Pr\u00f3ba scholi dzieci\u0119cej w przysz\u0142\u0105 niedziel\u0119 o godz. 10.00 w salce.<br \/>\n7. DROGA KRZY\u017bOWA w pi\u0105tki Wielkiego Postu: dla dzieci godz. 16.30, dla do\u00adros\u0142ych godz. 17.30, ulicami osiedla godz. 19.00 (w tym tygodniu od wej\u015bcia nr 66, przynosimy ze sob\u0105 \u015bwiece lub znicze). GORZKIE \u017bALE w niedziel\u0119 o 15.30 (nie b\u0119dzie dodatkowej mszy \u015bw.).<br \/>\n8. Archidiecezja Pozna\u0144ska organizuje kolejn\u0105 Archidiecezjaln\u0105 pielgrzymk\u0119 tym razem do Sankt Petersburga \u2013 \u015aladami \u015bw. Urszuli Led\u00f3chowskiej, w dniach 25.06 \u2013 02.07.2018 roku. Szczeg\u00f3\u0142y na stronie internetowej Archidiecezji.<br \/>\n9. Osoby zapisane na pielgrzymk\u0119 do Lwowa prosimy, do ko\u0144ca lutego, o kolejn\u0105 wp\u0142at\u0119 400 z\u0142. Jest jeszcze 5 wolnych miejsc; kontakt z ks. Szymonem.<br \/>\n10. M\u00f3dlmy si\u0119 za zmar\u0142ych parafian. Za dusz\u0119 \u015bp. Arlety \u0141ukomskiej-Poprawa (msza \u015bw. pogrzebowa we wtorek o godz. 9.00, pogrzeb na cmentarzu przy ul. Lutyckiej o godz. 11.00) Wieczny odpoczynek racz zmar\u0142ym da\u0107 Panie.<\/p>\n","protected":false},"excerpt":{"rendered":"<p>OG\u0141OSZENIA DUSZPASTERSKIE NIEDZIELA VI ZWYK\u0141A 11 lutego 2018 r. 1. We wtorek ko\u0144czy si\u0119 czas hucznych wesel i zabaw. Od \u015brody rozpoczynamy Wielki Post. Rozpoczyna si\u0119 czas spowiedzi i Komunii \u015bw. wielkanocnej. 2. W \u015arod\u0119 Popielcow\u0105 msza \u015bw. o godz. 7.00, 8.00, 16.30, 18.00 i 19.00. W \u015arod\u0119 Popielcow\u0105 obowi\u0105zuje post zwyk\u0142y i post \u015bcis\u0142y &#8230; <span class=\"more\"><a class=\"more-link\" href=\"https:\/\/www.chnk.pl\/?p=1896\">czytaj wi\u0119cej<\/a><\/span><\/p>\n","protected":false},"author":3,"featured_media":0,"comment_status":"open","ping_status":"open","sticky":false,"template":"","format":"standard","meta":{"ngg_post_thumbnail":0,"footnotes":""},"categories":[4,3],"tags":[],"_links":{"self":[{"href":"https:\/\/www.chnk.pl\/index.php?rest_route=\/wp\/v2\/posts\/1896"}],"collection":[{"href":"https:\/\/www.chnk.pl\/index.php?rest_route=\/wp\/v2\/posts"}],"about":[{"href":"https:\/\/www.chnk.pl\/index.php?rest_route=\/wp\/v2\/types\/post"}],"author":[{"embeddable":true,"href":"https:\/\/www.chnk.pl\/index.php?rest_route=\/wp\/v2\/users\/3"}],"replies":[{"embeddable":true,"href":"https:\/\/www.chnk.pl\/index.php?rest_route=%2Fwp%2Fv2%2Fcomments&post=1896"}],"version-history":[{"count":1,"href":"https:\/\/www.chnk.pl\/index.php?rest_route=\/wp\/v2\/posts\/1896\/revisions"}],"predecessor-version":[{"id":1897,"href":"https:\/\/www.chnk.pl\/index.php?rest_route=\/wp\/v2\/posts\/1896\/revisions\/1897"}],"wp:attachment":[{"href":"https:\/\/www.chnk.pl\/index.php?rest_route=%2Fwp%2Fv2%2Fmedia&parent=1896"}],"wp:term":[{"taxonomy":"category","embeddable":true,"href":"https:\/\/www.chnk.pl\/index.php?rest_route=%2Fwp%2Fv2%2Fcategories&post=1896"},{"taxonomy":"post_tag","embeddable":true,"href":"https:\/\/www.chnk.pl\/index.php?rest_route=%2Fwp%2Fv2%2Ftags&post=1896"}],"curies":[{"name":"wp","href":"https:\/\/api.w.org\/{rel}","templated":true}]}}