{"id":1892,"date":"2018-02-10T18:58:45","date_gmt":"2018-02-10T18:58:45","guid":{"rendered":"http:\/\/www.chnk.pl\/?p=1892"},"modified":"2018-02-10T18:58:45","modified_gmt":"2018-02-10T18:58:45","slug":"pielgrzymka-do-kosciolow-stacyjnych","status":"publish","type":"post","link":"https:\/\/www.chnk.pl\/?p=1892","title":{"rendered":"Pielgrzymka do ko\u015bcio\u0142\u00f3w stacyjnych"},"content":{"rendered":"<p class=\"western\" style=\"text-align: center;\"><span style=\"font-family: 'Times New Roman', serif;\"><span style=\"font-size: medium;\"><b>ZAPROSZENIE <\/b><\/span><\/span><\/p>\n<p class=\"western\" align=\"center\"><span style=\"font-family: 'Times New Roman', serif;\"><span style=\"font-size: medium;\"><b>na pielgrzymowanie do ko\u015bcio\u0142\u00f3w stacyjnych miasta Poznania<\/b><\/span><\/span><\/p>\n<p class=\"western\" align=\"justify\"><span style=\"font-family: 'Times New Roman', serif;\"><span style=\"font-size: medium;\">Od \u015arody Popielcowej rozpoczniemy prze\u017cywanie czasu Wielkiego Postu, kt\u00f3ry ma nam u\u015bwiadomi\u0107, jak wielkim darem dla nas wszystkich by\u0142a odkupie\u0144cza \u015bmier\u0107 Pana Jezusa na krzy\u017cu i zawarcie na Golgocie nowego przymierza Boga z lud\u017ami. Owocne prze\u017cycie tego \u015bwi\u0119tego czasu b\u0119dzie dobrym przygotowaniem do \u015bwi\u0119towania wraz z ca\u0142ym Ko\u015bcio\u0142em Zmartwychwstania Chrystusa, najwi\u0119kszej tajemnicy naszej wiary.<\/span><\/span><\/p>\n<p class=\"western\" align=\"justify\"><span style=\"font-family: 'Times New Roman', serif;\"><span style=\"font-size: medium;\"> W wielkopostnej pobo\u017cno\u015bci uczestniczymy w nabo\u017ce\u0144stwach pasyjnych, kt\u00f3re na sta\u0142e wpisa\u0142y si\u0119 w \u017cycie religijne i liturgiczne naszych wsp\u00f3lnot parafialnych. Niedzielne nabo\u017ce\u0144stwa Gorzkich \u017bali, pi\u0105tkowe nabo\u017ce\u0144stwa Drogi Krzy\u017cowej, podejmowanie wielkopostnych postanowie\u0144, post\u00f3w i czynienie uczynk\u00f3w mi\u0142osierdzia to tylko niekt\u00f3re z nich. Wszystkie pomagaj\u0105 nam przemienia\u0107 serca i czyni\u0107 je otwartymi na blask Chrystusa Zmartwychwsta\u0142ego.<\/span><\/span><\/p>\n<p class=\"western\" lang=\"en-US\" align=\"justify\"><span style=\"font-family: 'Times New Roman', serif;\"><span style=\"font-size: medium;\"><span lang=\"pl-PL\"> Chcia\u0142bym zaprosi\u0107 mieszka\u0144c\u00f3w miasta Poznania i najbli\u017cszych okolic do w\u0142\u0105czenia si\u0119 w wielkopostne wydarzenie \u201eKo\u015bcio\u0142\u00f3w stacyjnych miasta Poznania\u201d. Jest ono kolejn\u0105 propozycj\u0105 obok wymienionych ju\u017c tradycyjnych nabo\u017ce\u0144stw \u015bwi\u0119tego czasu Wielkiego Postu do podj\u0119cia wyrzecze\u0144, pokuty i modlitwy, kt\u00f3re maj\u0105 pomaga\u0107 dobrze ten czas prze\u017cy\u0107. Ka\u017cdego dnia, pocz\u0105wszy od \u015arody Popielcowej, z wy\u0142\u0105czeniem niedziel i Wielkiego Tygodnia b\u0119dziemy gromadzi\u0107 si\u0119 w innej \u015bwi\u0105tyni naszego miasta, aby trwa\u0107 na modlitwie przed Naj\u015bwi\u0119tszym Sakramentem, poprzez sakrament pokuty powraca\u0107 do jedno\u015bci z Bogiem, rozwa\u017ca\u0107 m\u0119k\u0119 i \u015bmier\u0107 Pana Jezusa w nabo\u017ce\u0144stwie Drogi Krzy\u017cowej oraz karmi\u0107 si\u0119 s\u0142owem Bo\u017cym i Cia\u0142em Pa\u0144skim w czasie Eucharystii. Dok\u0142adny spis 34 ko\u015bcio\u0142\u00f3w stacyjnych, szczeg\u00f3\u0142owy program oraz intencje modlitewne towarzysz\u0105ce poszczeg\u00f3lnym stacjom odnajdziemy w \u201ePrzewodniku Katolickim\u201d oraz na stronie internetowej Archidiecezji Pozna\u0144skiej. Wydarzeniu towarzyszy\u0107 b\u0119dzie has\u0142o: \u201eNawracajmy si\u0119, jeste\u015bmy nape\u0142nieni Duchem \u015awi\u0119tym\u201d, kt\u00f3re nawi\u0105zuje do has\u0142a trwaj\u0105cego roku duszpasterskiego Ko\u015bcio\u0142a w Polsce.<\/span><\/span><\/span><\/p>\n<p class=\"western\" lang=\"en-US\" align=\"justify\"><span style=\"font-family: 'Times New Roman', serif;\"><span style=\"font-size: medium;\"><span lang=\"pl-PL\"> Z racji trwaj\u0105cego w Archidiecezji Pozna\u0144skiej jubileuszu 1050\u2013lecia powstania biskupstwa pozna\u0144skiego do ka\u017cdego ko\u015bcio\u0142a stacyjnego b\u0119dzie peregrynowa\u0142 krzy\u017c, kt\u00f3ry wykonano z czarnego d\u0119bu pochodz\u0105cego z X wieku, odnalezionego na terenie Ostrowa Tumskiego, na kt\u00f3rym znajduje si\u0119 wizerunek Chrystusa Ukrzy\u017cowanego odwzorowany z XII wiecznej pasyjki, kt\u00f3r\u0105 odnaleziono na wielkopolskiej ziemi. Peregrynacja krzy\u017ca b\u0119dzie nawi\u0105zaniem do duchowego dziedzictwa Ko\u015bcio\u0142a katolickiego i jego pocz\u0105tk\u00f3w na ziemiach polskich.<\/span><\/span><\/span><\/p>\n<p class=\"western\" align=\"center\"><span style=\"font-family: 'Times New Roman', serif;\"><span style=\"font-size: medium;\">Na pielgrzymowanie do ko\u015bcio\u0142\u00f3w stacyjnych miasta Poznania<\/span><\/span><\/p>\n<p class=\"western\" align=\"center\"><span style=\"font-family: 'Times New Roman', serif;\"><span style=\"font-size: medium;\">z serca b\u0142ogos\u0142awi\u0119<\/span><\/span><\/p>\n<p class=\"western\" align=\"center\">\u2020 <span style=\"font-family: 'Times New Roman', serif;\"><span style=\"font-size: medium;\">Stanis\u0142aw G\u0105decki<\/span><\/span><\/p>\n<p class=\"western\" align=\"center\"><span style=\"font-family: 'Times New Roman', serif;\"><span style=\"font-size: medium;\">Arcybiskup Metropolita Pozna\u0144ski<\/span><\/span><\/p>\n","protected":false},"excerpt":{"rendered":"<p>ZAPROSZENIE na pielgrzymowanie do ko\u015bcio\u0142\u00f3w stacyjnych miasta Poznania Od \u015arody Popielcowej rozpoczniemy prze\u017cywanie czasu Wielkiego Postu, kt\u00f3ry ma nam u\u015bwiadomi\u0107, jak wielkim darem dla nas wszystkich by\u0142a odkupie\u0144cza \u015bmier\u0107 Pana Jezusa na krzy\u017cu i zawarcie na Golgocie nowego przymierza Boga z lud\u017ami. Owocne prze\u017cycie tego \u015bwi\u0119tego czasu b\u0119dzie dobrym przygotowaniem do \u015bwi\u0119towania wraz z ca\u0142ym &#8230; <span class=\"more\"><a class=\"more-link\" href=\"https:\/\/www.chnk.pl\/?p=1892\">czytaj wi\u0119cej<\/a><\/span><\/p>\n","protected":false},"author":3,"featured_media":0,"comment_status":"open","ping_status":"open","sticky":false,"template":"","format":"standard","meta":{"ngg_post_thumbnail":0,"footnotes":""},"categories":[4],"tags":[],"_links":{"self":[{"href":"https:\/\/www.chnk.pl\/index.php?rest_route=\/wp\/v2\/posts\/1892"}],"collection":[{"href":"https:\/\/www.chnk.pl\/index.php?rest_route=\/wp\/v2\/posts"}],"about":[{"href":"https:\/\/www.chnk.pl\/index.php?rest_route=\/wp\/v2\/types\/post"}],"author":[{"embeddable":true,"href":"https:\/\/www.chnk.pl\/index.php?rest_route=\/wp\/v2\/users\/3"}],"replies":[{"embeddable":true,"href":"https:\/\/www.chnk.pl\/index.php?rest_route=%2Fwp%2Fv2%2Fcomments&post=1892"}],"version-history":[{"count":1,"href":"https:\/\/www.chnk.pl\/index.php?rest_route=\/wp\/v2\/posts\/1892\/revisions"}],"predecessor-version":[{"id":1893,"href":"https:\/\/www.chnk.pl\/index.php?rest_route=\/wp\/v2\/posts\/1892\/revisions\/1893"}],"wp:attachment":[{"href":"https:\/\/www.chnk.pl\/index.php?rest_route=%2Fwp%2Fv2%2Fmedia&parent=1892"}],"wp:term":[{"taxonomy":"category","embeddable":true,"href":"https:\/\/www.chnk.pl\/index.php?rest_route=%2Fwp%2Fv2%2Fcategories&post=1892"},{"taxonomy":"post_tag","embeddable":true,"href":"https:\/\/www.chnk.pl\/index.php?rest_route=%2Fwp%2Fv2%2Ftags&post=1892"}],"curies":[{"name":"wp","href":"https:\/\/api.w.org\/{rel}","templated":true}]}}