{"id":1888,"date":"2018-02-03T19:02:33","date_gmt":"2018-02-03T19:02:33","guid":{"rendered":"http:\/\/www.chnk.pl\/?p=1888"},"modified":"2018-02-03T19:02:33","modified_gmt":"2018-02-03T19:02:33","slug":"5-niedziela-zwykla","status":"publish","type":"post","link":"https:\/\/www.chnk.pl\/?p=1888","title":{"rendered":"5 Niedziela Zwyk\u0142a"},"content":{"rendered":"<p>OG\u0141OSZENIA DUSZPASTERSKIE<br \/>\nNIEDZIELA V ZWYK\u0141A<br \/>\n4 lutego 2018 r.<br \/>\n1. Kalendarz liturgiczny: poniedzia\u0142ek \u2013 \u015bw. Agaty, wtorek &#8211; Paw\u0142a Miki i Towarzyszy, czwartek- \u015bw. Hieronima Emilianiego oraz \u015bw. J\u00f3zefiny Bakhity, sobota \u2013 \u015bw. Scholastyki, niedziela &#8211; Matki Bo\u017cej z Lourdes.<br \/>\n2. B\u00f3g zap\u0142a\u0107 za pomoc w rozbieraniu choinek i uporz\u0105dkowaniu ko\u015bcio\u0142a, licznej w tym roku, grupie Parafian.<br \/>\n3. Spotkanie kandydat\u00f3w do bierzmowania z klas II i III gimnazjum we wtorek o godz. 18.45 w kaplicy.<br \/>\n4. Spotkanie r\u00f3\u017ca\u0144cowe w \u015brod\u0119 po mszy \u015bw. wieczornej w kaplicy. Spotkanie Kr\u0119gu Biblijnego w \u015brod\u0119 o godz.19.00 w salce.<br \/>\n5. W czwartek, 8 lutego, pielgrzymka parafialna na Jerycho R\u00f3\u017ca\u0144cowe do ko\u015bcio\u0142a OO. Franciszkan\u00f3w na Wzg\u00f3rzu Przemys\u0142a. W tym dniu dekanat Rataje w\u0142\u0105cza si\u0119 w dzi\u0119kczynn\u0105, jubileuszow\u0105 modlitw\u0119 przed obrazem Matki Bo\u017cej w Cudy Wielmo\u017cnej Pani Poznania. Wsp\u00f3lne wyj\u015bcie sprzed ko\u015bcio\u0142a w czwartek o godz. 17.00 i przejazd tramwajem na Plac Wielkopolski. Msza \u015bw. o godz. 18.00. Przewodniczy ks. pra\u0142at dr Henryk Szymczak, dziekan dekanatu Pozna\u0144 \u2013 Rataje.<br \/>\n6. W niedziel\u0119 11 lutego 2018 roku, w dniu w kt\u00f3rym przypada wspomnienie Matki Bo\u017cej<br \/>\nz Lourdes oraz 160. rocznica Jej cudownych objawie\u0144 w tym \u015bwi\u0119tym miejscu obchodzi\u0107 b\u0119dziemy XXVI \u015awiatowy Dzie\u0144 Chorego. Zapraszamy, wszystkich chorych, cierpi\u0105cych i pos\u0142uguj\u0105cych im, na uroczyst\u0105 Msz\u0119 \u015bw. z b\u0142ogos\u0142awie\u0144stwem na wz\u00f3r z Lourdes, kt\u00f3r\u0105 odprawi Ksi\u0105dz Biskup Zdzis\u0142aw Fortuniak, w niedziel\u0119 11 lutego o\u00a0godz. 13.30 w ko\u015bciele Matki Boskiej Bolesnej przy ul. G\u0142ogowskiej. Po mszy \u015bw. koncert w domu katolickim. W naszej parafii msza \u015bw. w intencji chorych z udzielaniem Sakramentu Chorych zostanie odprawiona w ramach rekolekcji wielkopostnych, w pi\u0105tek, 16 lutego o godz. 10.00.<br \/>\n7. Rekolekcje wielkopostne rozpoczn\u0105 si\u0119 w \u015arod\u0119 Popielcow\u0105 i potrwaj\u0105 do I Niedzieli Wielkiego Postu. Plan jest wywieszony na tablicy og\u0142osze\u0144. Zach\u0119camy Parafian do podj\u0119cia jednodniowego postu \u015bcis\u0142ego w czasie Wielkiego Postu. Koperty z wybran\u0105 przez siebie dat\u0105 postu mo\u017cna zabra\u0107 ze stolika z pras\u0105.<br \/>\n8. W czwartek, 15 lutego br. godz. 1830 zostanie odprawiona w naszym mie\u015bcie tradycyjna Droga Krzy\u017cowa. Rozpocznie si\u0119 msz\u0105 \u015bw. we Farze o godz. 1800 i uda si\u0119 na Plac Mickiewicza. W roku 1050. rocznicy powstania biskupstwa pozna\u0144skiego tematyka rozwa\u017ca\u0144 Drogi Krzy\u017cowej b\u0119dzie si\u0119 skupia\u0142a wok\u00f3\u0142 \u015awi\u0119tych, B\u0142ogos\u0142awionych, S\u0142ug i S\u0142u\u017cebnic Bo\u017cych z Archidiecezji Pozna\u0144skiej. Zapraszamy do udzia\u0142u w tym nabo\u017ce\u0144stwie, przez kt\u00f3re pragniemy odda\u0107 cze\u015b\u0107 cierpi\u0105cemu Zbawicielowi, przeb\u0142aga\u0107 za grzechy w\u0142asne, naszego miasta i\u00a0Ojczyzny oraz uprosi\u0107 \u0142aski dla wszystkich wsp\u00f3\u0142czesnych chrze\u015bcijan. Nasza Parafia zosta\u0142a wyr\u00f3\u017cniona niesieniem Krzy\u017ca od X do XI Stacji. Prosimy pan\u00f3w o zg\u0142aszanie w zakrystii gotowo\u015bci do podj\u0119cia tej wyj\u0105tkowej pos\u0142ugi.<br \/>\n9. Osoby zapisane na pielgrzymk\u0119 do Lwowa prosimy do ko\u0144ca lutego o kolejn\u0105 wp\u0142at\u0119 400 z\u0142. Jest jeszcze 5 wolnych miejsc; kontakt z ks. Szymonem.<br \/>\n10. B\u00f3g zap\u0142a\u0107 za ofiary sk\u0142adane na doposa\u017cenie naszego ko\u015bcio\u0142a.<br \/>\n11. Zach\u0119camy do si\u0119gania po pras\u0119 katolick\u0105. W Przewodniku Katolickim artyku\u0142 \u201e Papie\u017c Franciszek o wierno\u015bci ma\u0142\u017ce\u0144skiej w Amoris laetitia\u201d oraz \u201ePedofilia, co w tej sprawie zrobi\u0142 Ko\u015bci\u00f3\u0142\u201d Jest Ma\u0142y Przewodnik Katolicki (dla dzieci), Nasza Droga (dla m\u0142odzie\u017cy). Go\u015b\u0107 Niedzielny, Ziarno i gazetka parafialna.<br \/>\n12. M\u00f3dlmy si\u0119 za zmar\u0142ych parafian. Za dusz\u0119 \u015bp. Zbigniewa Dondera, (msza \u015bw. pogrzebowa w poniedzia\u0142ek o godz. 12.00). Wieczny odpoczynek racz zmar\u0142ym da\u0107 Panie.<\/p>\n","protected":false},"excerpt":{"rendered":"<p>OG\u0141OSZENIA DUSZPASTERSKIE NIEDZIELA V ZWYK\u0141A 4 lutego 2018 r. 1. Kalendarz liturgiczny: poniedzia\u0142ek \u2013 \u015bw. Agaty, wtorek &#8211; Paw\u0142a Miki i Towarzyszy, czwartek- \u015bw. Hieronima Emilianiego oraz \u015bw. J\u00f3zefiny Bakhity, sobota \u2013 \u015bw. Scholastyki, niedziela &#8211; Matki Bo\u017cej z Lourdes. 2. B\u00f3g zap\u0142a\u0107 za pomoc w rozbieraniu choinek i uporz\u0105dkowaniu ko\u015bcio\u0142a, licznej w tym roku, &#8230; <span class=\"more\"><a class=\"more-link\" href=\"https:\/\/www.chnk.pl\/?p=1888\">czytaj wi\u0119cej<\/a><\/span><\/p>\n","protected":false},"author":3,"featured_media":0,"comment_status":"open","ping_status":"open","sticky":false,"template":"","format":"standard","meta":{"ngg_post_thumbnail":0,"footnotes":""},"categories":[4,3],"tags":[],"_links":{"self":[{"href":"https:\/\/www.chnk.pl\/index.php?rest_route=\/wp\/v2\/posts\/1888"}],"collection":[{"href":"https:\/\/www.chnk.pl\/index.php?rest_route=\/wp\/v2\/posts"}],"about":[{"href":"https:\/\/www.chnk.pl\/index.php?rest_route=\/wp\/v2\/types\/post"}],"author":[{"embeddable":true,"href":"https:\/\/www.chnk.pl\/index.php?rest_route=\/wp\/v2\/users\/3"}],"replies":[{"embeddable":true,"href":"https:\/\/www.chnk.pl\/index.php?rest_route=%2Fwp%2Fv2%2Fcomments&post=1888"}],"version-history":[{"count":1,"href":"https:\/\/www.chnk.pl\/index.php?rest_route=\/wp\/v2\/posts\/1888\/revisions"}],"predecessor-version":[{"id":1889,"href":"https:\/\/www.chnk.pl\/index.php?rest_route=\/wp\/v2\/posts\/1888\/revisions\/1889"}],"wp:attachment":[{"href":"https:\/\/www.chnk.pl\/index.php?rest_route=%2Fwp%2Fv2%2Fmedia&parent=1888"}],"wp:term":[{"taxonomy":"category","embeddable":true,"href":"https:\/\/www.chnk.pl\/index.php?rest_route=%2Fwp%2Fv2%2Fcategories&post=1888"},{"taxonomy":"post_tag","embeddable":true,"href":"https:\/\/www.chnk.pl\/index.php?rest_route=%2Fwp%2Fv2%2Ftags&post=1888"}],"curies":[{"name":"wp","href":"https:\/\/api.w.org\/{rel}","templated":true}]}}