{"id":1876,"date":"2018-01-28T20:37:41","date_gmt":"2018-01-28T20:37:41","guid":{"rendered":"http:\/\/www.chnk.pl\/?p=1876"},"modified":"2018-01-28T20:37:41","modified_gmt":"2018-01-28T20:37:41","slug":"4-niedziela-zwykla","status":"publish","type":"post","link":"https:\/\/www.chnk.pl\/?p=1876","title":{"rendered":"4 Niedziela Zwyk\u0142a"},"content":{"rendered":"<p>OG\u0141OSZENIA DUSZPASTERSKIE<br \/>\nNIEDZIELA IV ZWYK\u0141A<br \/>\n28 stycznia 2018 r.<br \/>\n1. Kol\u0119da &#8211; odwiedziny duszpasterskie w rodzinach. Woda \u015bwi\u0119cona przy wej\u015bciu na ch\u00f3r. Plan kol\u0119dy:<br \/>\nponiedzia\u0142ek, 29.01. godz. 16.00, blok 39, m. 33-64<br \/>\nwtorek, 30.01. godz. 16.00, blok 39, m. 65-96<br \/>\n\u015broda, 31.01. godz. 16.00, blok 39, m. 97-128<br \/>\nW czasie kol\u0119dy Biuro Parafialne: w poniedzia\u0142ek nieczynne, w czwartek i w sobot\u0119 bez zmian. Sprawy pilne prosimy za\u0142atwia\u0107 w dni kol\u0119dowe od godz. 15.00 do 15.30.<br \/>\nW tym tygodniu ko\u0144czymy odwiedziny duszpasterskie w rodzinach. B\u00f3g zap\u0142a\u0107 Parafia-nom, kt\u00f3rzy przyjmuj\u0105c ksi\u0119dza w swoim domu podj\u0119li wsp\u00f3ln\u0105 modlitw\u0119 w rodzinie i okazali zainteresowanie \u017cyciem parafii.<br \/>\n2. W poniedzia\u0142ek, wtorek i \u015brod\u0119 msza \u015bw. tylko o godz. 8.00. Wydawanie \u017cywno\u015bci dla potrzebuj\u0105cych w poniedzia\u0142ek od godz. 17.30 do 19.00.<br \/>\n3. W pi\u0105tek, 2 lutego, \u015bwi\u0119to Ofiarowania Pa\u0144skiego (Matki Bo\u017cej Gromnicznej) obcho-dzone jako Dzie\u0144 \u017bycia Konsekrowanego. Msza \u015bw. o godz. 7.00, 8.00, 16.30, 18.00, 19.00. Po\u015bwi\u0119cenie gromnic na ka\u017cdej mszy \u015bw. Dzieci pierwszokomunijne zapraszamy na godz. 18.00. Przed ko\u015bcio\u0142em kwesta na zakony klauzurowe. Wdzi\u0119czni za modlitw\u0119 jak\u0105 podejmuj\u0105 zakony klauzurowe, czujemy obowi\u0105zek zapewnienia im pomocy.<br \/>\n4. W tym tygodniu : I czwartek i I pi\u0105tek i I sobota miesi\u0105ca. Adoracja Naj\u015bwi\u0119tszego Sakramentu w czwartek od godz. 17.00 do 21.00. Miesi\u0119czna spowied\u017a i Komunia \u015bw. dla klas: 4, 5 i 6 w pi\u0105tek od godz. 15.00, msza \u015bw. pierwszopi\u0105tkowa o godz. 16.30. Od godziny 17.30 spowied\u017a \u015bw. dla gimnazjalist\u00f3w i m\u0142odzie\u017cy obowi\u0105zkowa dla kandydat\u00f3w do bierzmowania. R\u00f3\u017caniec i nabo\u017ce\u0144stwo fatimskie w sobot\u0119 o godz. 7.15. Zapraszamy do podj\u0119cia nabo\u017ce\u0144stwa pierwszych sob\u00f3t miesi\u0105ca o kt\u00f3re prosi\u0142a Matka Bo\u017ca w Fatimie. Pod ch\u00f3rem obrazki z informacj\u0105 i zach\u0119t\u0105. Spotkanie dla wsp\u00f3lnoty ma\u0142\u017ce\u0144stw w sobot\u0119 o godz. 19.00 w salce. Dzielimy si\u0119 S\u0142owem Bo\u017cym. Do wsp\u00f3lnoty zapraszamy nowe rodziny, dzieci maj\u0105 zapewnion\u0105 opiek\u0119. W pi\u0105tek i sobot\u0119 odwiedziny chorych z sakramentami \u015bw. wed\u0142ug sta\u0142ego planu, nowe zg\u0142oszenia w zakrystii.<br \/>\n5. W sobot\u0119 wspomnienie liturgiczne \u015bw. B\u0142a\u017ceja wzywanego przy chorobach gard\u0142a. B\u0142ogos\u0142awie\u0144stwo \u015bwi\u0119tob\u0142a\u017cejowe na mszy \u015bw. o godz. 8.00.<br \/>\n6. Prosimy o pomoc w rozebraniu choinek. Prosimy pan\u00f3w i panie w sobot\u0119 o godz. 9.15.<br \/>\n7. B\u00f3g zap\u0142a\u0107 za ofiary sk\u0142adane na doposa\u017canie naszego ko\u015bcio\u0142a.<br \/>\n8. \u201eR\u00f3\u017ca\u0144cowe Jerycho\u201d w ko\u015bciele Ojc\u00f3w Franciszkan\u00f3w na Wzg\u00f3rzu Przemys\u0142a rozpocznie si\u0119 2 lutego o godz. 1200, a zako\u0144czy 9 lutego o godz.1200. W roku Jubileuszu koronacji Matki Bo\u017cej w Cudy Wielmo\u017cnej, Pani Poznania, poszczeg\u00f3lne wsp\u00f3lnoty podejm\u0105 ca\u0142odobow\u0105 (dzie\u0144 i noc) modlitw\u0119 r\u00f3\u017ca\u0144cow\u0105 w intencji rodzin, Ko\u015bcio\u0142a i Ojczyzny.<br \/>\n9. Zach\u0119camy do czytania prasy religijnej. W najnowszym numerze \u201ePrzewodnika Katolickiego\u201d artyku\u0142y o \u017cyciu konsekrowanym. Go\u015b\u0107 Niedzielny, Egzorcysta, dla dzieci \u201eZiarno\u201d, Ola i Ja\u015b, Ma\u0142y przewodnik Katolicki. Prasa katolicka jest wiarygodnym \u017ar\u00f3d\u0142em wiedzy o \u017cyciu Ko\u015bcio\u0142a.<br \/>\n10. Bezp\u0142atne porady i badania lekarskie w ramach \u201eBia\u0142ej Soboty\u201d odb\u0119d\u0105 si\u0119 dnia 3 lute-go od godz. 9.00 do 13.00 w siedzibie Gimnazjum Katolickiego przy ul. G\u0142ogowskiej 92. Szczeg\u00f3\u0142y na tablicy og\u0142osze\u0144.<br \/>\n11.M\u00f3dlmy si\u0119 za zmar\u0142ych. Za dusz\u0119 \u015bp. ks. Boles\u0142awa Starosolskiego, rezydenta seniora w Par. Pierwszych Polskich M\u0119czennik\u00f3w, (pogrzeb w Szczepankowie, we wtorek o godz. 11.00.) i za dusz\u0119 \u015bp. Bo\u017ceny Balickiej, os. Lecha 76. Wieczny odpoczynek racz zmar\u0142ym da\u0107 Panie.<\/p>\n","protected":false},"excerpt":{"rendered":"<p>OG\u0141OSZENIA DUSZPASTERSKIE NIEDZIELA IV ZWYK\u0141A 28 stycznia 2018 r. 1. Kol\u0119da &#8211; odwiedziny duszpasterskie w rodzinach. Woda \u015bwi\u0119cona przy wej\u015bciu na ch\u00f3r. Plan kol\u0119dy: poniedzia\u0142ek, 29.01. godz. 16.00, blok 39, m. 33-64 wtorek, 30.01. godz. 16.00, blok 39, m. 65-96 \u015broda, 31.01. godz. 16.00, blok 39, m. 97-128 W czasie kol\u0119dy Biuro Parafialne: w poniedzia\u0142ek &#8230; <span class=\"more\"><a class=\"more-link\" href=\"https:\/\/www.chnk.pl\/?p=1876\">czytaj wi\u0119cej<\/a><\/span><\/p>\n","protected":false},"author":3,"featured_media":0,"comment_status":"open","ping_status":"open","sticky":false,"template":"","format":"standard","meta":{"ngg_post_thumbnail":0,"footnotes":""},"categories":[4,3],"tags":[],"_links":{"self":[{"href":"https:\/\/www.chnk.pl\/index.php?rest_route=\/wp\/v2\/posts\/1876"}],"collection":[{"href":"https:\/\/www.chnk.pl\/index.php?rest_route=\/wp\/v2\/posts"}],"about":[{"href":"https:\/\/www.chnk.pl\/index.php?rest_route=\/wp\/v2\/types\/post"}],"author":[{"embeddable":true,"href":"https:\/\/www.chnk.pl\/index.php?rest_route=\/wp\/v2\/users\/3"}],"replies":[{"embeddable":true,"href":"https:\/\/www.chnk.pl\/index.php?rest_route=%2Fwp%2Fv2%2Fcomments&post=1876"}],"version-history":[{"count":1,"href":"https:\/\/www.chnk.pl\/index.php?rest_route=\/wp\/v2\/posts\/1876\/revisions"}],"predecessor-version":[{"id":1877,"href":"https:\/\/www.chnk.pl\/index.php?rest_route=\/wp\/v2\/posts\/1876\/revisions\/1877"}],"wp:attachment":[{"href":"https:\/\/www.chnk.pl\/index.php?rest_route=%2Fwp%2Fv2%2Fmedia&parent=1876"}],"wp:term":[{"taxonomy":"category","embeddable":true,"href":"https:\/\/www.chnk.pl\/index.php?rest_route=%2Fwp%2Fv2%2Fcategories&post=1876"},{"taxonomy":"post_tag","embeddable":true,"href":"https:\/\/www.chnk.pl\/index.php?rest_route=%2Fwp%2Fv2%2Ftags&post=1876"}],"curies":[{"name":"wp","href":"https:\/\/api.w.org\/{rel}","templated":true}]}}