{"id":1872,"date":"2018-01-20T22:18:14","date_gmt":"2018-01-20T22:18:14","guid":{"rendered":"http:\/\/www.chnk.pl\/?p=1872"},"modified":"2018-01-20T22:18:14","modified_gmt":"2018-01-20T22:18:14","slug":"3-niedziela-zwykla","status":"publish","type":"post","link":"https:\/\/www.chnk.pl\/?p=1872","title":{"rendered":"3 Niedziela Zwyk\u0142a"},"content":{"rendered":"<p>OG\u0141OSZENIA DUSZPASTERSKIE<br \/>\nNIEDZIELA III ZWYK\u0141A<br \/>\n21 stycznia 2018 r.<br \/>\n1. Od poniedzia\u0142ku do pi\u0105tku msza \u015bw. tylko o godz. 8.00.<\/p>\n<p>2. Kol\u0119da &#8211; odwiedziny duszpasterskie w rodzinach. Na powiadomieniach o kol\u0119dzie podany jest jedynie orientacyjny czas przyj\u015bcia ksi\u0119dza. Woda \u015bwi\u0119cona przy wej\u015bciu na ch\u00f3r. Plan kol\u0119dy:<br \/>\nponiedzia\u0142ek,22.01. godz. 16.00 wej\u015bcie 124, m. 40-77<br \/>\ngodz. 16.00 blok 40,m. 65-96<br \/>\nwtorek, 23.01. godz. 16.00 blok 40, m. 97-128<br \/>\ngodz. 16.00 wej\u015bcie 123, m. 1-30<br \/>\n\u015broda, 24.01. godz. 16.00, wej\u015bcie 123. m. 31- 60<br \/>\nczwartek, 25.01. godz. 16.00, wej\u015bcie 123, m. 61-77<br \/>\npi\u0105tek, 26.01. godz. 16.00, blok 39, m. 1-32<br \/>\nponiedzia\u0142ek, 29.01. godz. 16.00, blok 39, m. 33-64<br \/>\nwtorek, 30.01. godz. 16.00, blok 39, m. 65-96<br \/>\n\u015broda, 31.01. godz. 16.00, blok 39, m. 97-128<br \/>\nW czasie kol\u0119dy Biuro Parafialne: w poniedzia\u0142ek nieczynne, czynne w czwartek od godz. 9.00 do 10.30, w sobot\u0119 od godz. 19.00 do 20.00. Sprawy pilne prosimy za\u0142atwia\u0107 w dni kol\u0119dowe od godz. 15.00 do 15.30.<\/p>\n<p>3. Spotkanie dzieci pierwszokomunijnych przed po\u015bwi\u0119ceniem \u015bwiecy komunijnej, w sobot\u0119, 27 stycznia, o godz. 10.30 i 11.30 wed\u0142ug ustalonych grup, w salce parafialnej. W tym samym czasie, w drugiej salce, spotkanie katechetyczne dla rodzic\u00f3w tych dzieci. Po\u015bwi\u0119cenie \u015bwiec dla dzieci,w \u015bwi\u0119to Matki Bo\u017cej Gromnicznej, 2 lutego, na mszy \u015bw. o godz.18.00.<br \/>\n4. W sobot\u0119 27 stycznia, o godz. 11:30, w Sanktuarium \u015aw. J\u00f3zefa przy klasztorze oo. karmelit\u00f3w bosych w Poznaniu, odprawiona zostanie Msza \u015bw. w intencji chrze\u015bcijan prze\u015bladowanych za wiar\u0119 w Korei P\u00f3\u0142nocnej gdzie bycie chrze\u015bcijaninem oznacza \u015bwiadom\u0105 i ci\u0105g\u0142\u0105 gotowo\u015b\u0107 do oddania \u017cycia za wiar\u0119. Otoczmy modlitw\u0105 cierpi\u0105cych chrze\u015bcijan.<\/p>\n<p>5. Odpust w Parafii Nawr\u00f3cenia \u015bw. Paw\u0142a na os. Piastowskim w \u015brod\u0119, 25 stycznia br., suma o godz. 18.00.<\/p>\n<p>6. B\u00f3g zap\u0142a\u0107 za ofiary na doposa\u017canie naszego ko\u015bcio\u0142a. Parafian z blok\u00f3w u kt\u00f3rych nie b\u0119dzie kol\u0119dy, prosimy o zabranie z bocznej kaplicy zielonej kartki z pro\u015bb\u0105 o ofiar\u0119 kol\u0119dow\u0105 na dalsze prace w ko\u015bciele.<\/p>\n<p>7. Zach\u0119camy do czytania prasy religijnej: Przewodnik Katolicki (artyku\u0142y: Krzyk sumienia \u2013 O tych,kt\u00f3rzy broni\u0105c \u017cycia p\u0142yn\u0105 pod pr\u0105d, oraz Kto zna tylko sw\u00f3j Ko\u015bci\u00f3\u0142, ten wie o nim za ma\u0142o), Ma\u0142y Przewodnik Katolicki, dla dzieci Ziarno, Droga, Go\u015b\u0107 Niedzielny, gazetka parafialna. Zapraszamy dzieci do wype\u0142niania zada\u0144 z Ziarna. W niedziele po Mszy \u015bw. o godz. 11.15, co tydzie\u0144, losowanie nagrody.<\/p>\n<p>8. Dzisiaj przed ko\u015bcio\u0142em mo\u017cliwo\u015b\u0107 z\u0142o\u017cenia ofiary na diecezjalne radio EMAUS.<\/p>\n<p>9. M\u00f3dlmy si\u0119 za zmar\u0142ych parafian. Za dusz\u0119 \u015bp. Janiny Nowak, os. Lecha 17 (msza \u015bw. pogrzebowa w sobot\u0119 o godz. 9.00) i dusz\u0119 \u015bp. Marii Przeworskiej, os. Lecha 15 (msza \u015bw. pogrzebowa we wtorek o godz. 9.00) . Wieczny odpoczynek racz zmar\u0142ym da\u0107 Panie.<\/p>\n","protected":false},"excerpt":{"rendered":"<p>OG\u0141OSZENIA DUSZPASTERSKIE NIEDZIELA III ZWYK\u0141A 21 stycznia 2018 r. 1. Od poniedzia\u0142ku do pi\u0105tku msza \u015bw. tylko o godz. 8.00. 2. Kol\u0119da &#8211; odwiedziny duszpasterskie w rodzinach. Na powiadomieniach o kol\u0119dzie podany jest jedynie orientacyjny czas przyj\u015bcia ksi\u0119dza. Woda \u015bwi\u0119cona przy wej\u015bciu na ch\u00f3r. Plan kol\u0119dy: poniedzia\u0142ek,22.01. godz. 16.00 wej\u015bcie 124, m. 40-77 godz. 16.00 &#8230; <span class=\"more\"><a class=\"more-link\" href=\"https:\/\/www.chnk.pl\/?p=1872\">czytaj wi\u0119cej<\/a><\/span><\/p>\n","protected":false},"author":3,"featured_media":0,"comment_status":"open","ping_status":"open","sticky":false,"template":"","format":"standard","meta":{"ngg_post_thumbnail":0,"footnotes":""},"categories":[4,3],"tags":[],"_links":{"self":[{"href":"https:\/\/www.chnk.pl\/index.php?rest_route=\/wp\/v2\/posts\/1872"}],"collection":[{"href":"https:\/\/www.chnk.pl\/index.php?rest_route=\/wp\/v2\/posts"}],"about":[{"href":"https:\/\/www.chnk.pl\/index.php?rest_route=\/wp\/v2\/types\/post"}],"author":[{"embeddable":true,"href":"https:\/\/www.chnk.pl\/index.php?rest_route=\/wp\/v2\/users\/3"}],"replies":[{"embeddable":true,"href":"https:\/\/www.chnk.pl\/index.php?rest_route=%2Fwp%2Fv2%2Fcomments&post=1872"}],"version-history":[{"count":1,"href":"https:\/\/www.chnk.pl\/index.php?rest_route=\/wp\/v2\/posts\/1872\/revisions"}],"predecessor-version":[{"id":1873,"href":"https:\/\/www.chnk.pl\/index.php?rest_route=\/wp\/v2\/posts\/1872\/revisions\/1873"}],"wp:attachment":[{"href":"https:\/\/www.chnk.pl\/index.php?rest_route=%2Fwp%2Fv2%2Fmedia&parent=1872"}],"wp:term":[{"taxonomy":"category","embeddable":true,"href":"https:\/\/www.chnk.pl\/index.php?rest_route=%2Fwp%2Fv2%2Fcategories&post=1872"},{"taxonomy":"post_tag","embeddable":true,"href":"https:\/\/www.chnk.pl\/index.php?rest_route=%2Fwp%2Fv2%2Ftags&post=1872"}],"curies":[{"name":"wp","href":"https:\/\/api.w.org\/{rel}","templated":true}]}}