{"id":1859,"date":"2018-01-14T13:00:03","date_gmt":"2018-01-14T13:00:03","guid":{"rendered":"http:\/\/www.chnk.pl\/?p=1859"},"modified":"2018-01-14T13:00:36","modified_gmt":"2018-01-14T13:00:36","slug":"2-niedziela-zwykla","status":"publish","type":"post","link":"https:\/\/www.chnk.pl\/?p=1859","title":{"rendered":"2 Niedziela Zwyk\u0142a"},"content":{"rendered":"<p>OG\u0141OSZENIA DUSZPASTERSKIE<\/p>\n<p style=\"text-align: left;\">NIEDZIELA II ZWYK\u0141A<br \/>\n14 stycznia 2018 r.<\/p>\n<p>1. W dniach od 18 do 25 stycznia, b\u0119dziemy modli\u0107 si\u0119 o jedno\u015b\u0107 chrze\u015bcijan. Has\u0142em tegorocznego Tygodnia Powszechnej Modlitwy o Jedno\u015b\u0107 Chrze\u015bcijan s\u0105 s\u0142owa: Prawica Twoja ws\u0142awi\u0142a si\u0119 moc\u0105. Zach\u0119camy do udzia\u0142u w centralnych nabo\u017ce\u0144stwach, kt\u00f3re odbywa\u0107 si\u0119 b\u0119d\u0105 w \u015bwi\u0105tyniach Ko\u015bcio\u0142\u00f3w r\u00f3\u017cnych wyzna\u0144. Pozna\u0144ska Grupa Ekumeniczna i Wielkopolskie Muzeum Niepodleg\u0142o\u015bci zapraszaj\u0105 na Modlitw\u0119 Pami\u0119ci, 18 stycznia (w czwartek) o godz. 12.00 do Fortu VII, Al. Polska. Szczeg\u00f3\u0142owy plan spotka\u0144 i nabo\u017ce\u0144stw ekumenicznych umieszczony jest na plakacie. W ramach obchod\u00f3w Dnia Judaizmu w Poznaniu, zapraszamy na nabo\u017ce\u0144stwo biblijne w ko\u015bciele pw. \u015bw. Wojciecha na Wzg\u00f3rzu, kt\u00f3remu przewodniczy\u0107 b\u0119dzie i kazanie wyg\u0142osi biskup Damian Bryl. Komentarz \u017cydowski wyg\u0142osi: Pawe\u0142 Mazur z Gminy \u017bydowskiej w Poznaniu. 17 stycznia (\u015broda) \u2013 godz. 19.00. Pe\u0142ny program obchod\u00f3w XXI Dnia Judaizmu dost\u0119pny na plakatach oraz na www.coexist.pl<br \/>\n2. We wtorek spotkanie katechetyczne dla doros\u0142ych w salce parafialnej po rannej mszy \u015bw.<br \/>\n3. W pi\u0105tek 19 dzie\u0144 miesi\u0105ca, w naszej parafii Dzie\u0144 Salety\u0144ski. R\u00f3\u017caniec o godz. 7.30, msza \u015bw. o godz. 8.00 i procesja do figury Matki Bo\u017cej z La Salette.<br \/>\n4. Kol\u0119da &#8211; odwiedziny duszpasterskie w rodzinach. Na powiadomieniach o kol\u0119dzie podany jest jedynie orientacyjny czas przyj\u015bcia ksi\u0119dza. W planie kol\u0119dy ks. Proboszcza nast\u0105pi\u0142y zmiany. Woda \u015bwi\u0119cona przy wej\u015bciu na ch\u00f3r. Plan kol\u0119dy:<br \/>\nponiedzia\u0142ek,15.01. godz. 16.00 wej\u015bcie 15, m. 39-77<br \/>\ngodz. 16.00 wej\u015bcie 126, m. 1-39<br \/>\nwtorek, 16.01. godz. 16.00 wej\u015bcie 122, m. 1-39<br \/>\ngodz. 16.00 wej\u015bcie 126, m. 40-77<br \/>\n\u015broda, 17.01. godz. 16.00 wej\u015bcie 122, m. 40-77<br \/>\ngodz. 16.00 wej\u015bcie 125, m. 1-39<br \/>\nczwartek, 18.01. godz. 16.00 blok 40, m. 1-32<br \/>\ngodz. 16.00 wej\u015bcie 125, m. 40-77<br \/>\npi\u0105tek, 19.01. godz. 16.00 blok 40, m. 33-64<br \/>\ngodz. 16.00 wej\u015bcie 124, m. 1-39<br \/>\nBiuro Parafialne w poniedzia\u0142ek nieczynne, w czwartek i w sobot\u0119 bez zmian. Sprawy pilne prosimy za\u0142atwia\u0107 w dni kol\u0119dowe od godz. 15.00 do 15.30. Spowied\u017a \u015bw. p\u00f3\u0142 godziny przed rann\u0105 Msz\u0105 \u015bw. i w sobot\u0119 od godz. 16.00 do 18.00.<br \/>\n5. Caritas Archidiecezji Pozna\u0144skiej serdecznie zaprasza Babcie i Dziadk\u00f3w, Wnuczki, Wnuk\u00f3w i ca\u0142e Rodziny do wsp\u00f3lnej modlitwy z okazji Ich \u015bwi\u0119ta. W Katedrze, w pi\u0105tek, 19 stycznia 2018 r. o godzinie 18.00 odb\u0119dzie si\u0119 Msza \u015awi\u0119ta, kt\u00f3rej przewodniczy\u0107 b\u0119dzie Ksi\u0105dz Biskup Grzegorz Balcerek. Po Eucharystii wsp\u00f3lne kol\u0119dowanie z zespo\u0142em TAKIETAM z XII Liceum Og\u00f3lnokszta\u0142c\u0105cego.<br \/>\n6. B\u00f3g zap\u0142a\u0107 za koncert kol\u0119dowy zorganizowany przez Parafian w ubieg\u0142\u0105 niedziele. Podzi\u0119kowania samym ch\u00f3rzystom od dzieci poczynaj\u0105c na babciach ko\u0144cz\u0105c, ale i technikom, akustykom i wam parafianie i go\u015bcie za obecno\u015b\u0107 i wsp\u00f3lne uczczenie Pana Jezusa dzi\u015b nam narodzonego.<br \/>\n7. Pokutny Marsz R\u00f3\u017ca\u0144cowy za Ojczyzn\u0119, 21 stycznia br. z ko\u015bcio\u0142a Bo\u017cego Cia\u0142a rozpocznie si\u0119 tam msz\u0105 o godz. 12.30 i przejdzie na Wzg\u00f3rze Przemys\u0142a.<br \/>\n8. M\u00f3dlmy si\u0119 za zmar\u0142ych parafian. Za dusz\u0119 \u015bp. Christiana Rumieja, os. Lecha 129 (msza \u015bw. pogrzebowa we wtorek o godz. 9.00). Wieczny odpoczynek racz zmar\u0142ym da\u0107 Panie.<\/p>\n<p>PLAN KOL\u0118DY 2018 r.<br \/>\nponiedzia\u0142ek,15.01. godz. 16.00 wej\u015bcie 15, m. 39-77<br \/>\ngodz. 16.00 wej\u015bcie 126, m. 1-39<br \/>\nwtorek, 16.01. godz. 16.00 wej\u015bcie 122, m. 1-39<br \/>\ngodz. 16.00 wej\u015bcie 126, m. 40-77<br \/>\n\u015broda, 17.01. godz. 16.00 wej\u015bcie 122, m. 40-77<br \/>\ngodz. 16.00 wej\u015bcie 125, m. 1-39<br \/>\nczwartek, 18.01. godz. 16.00 blok 40, m. 1-32<br \/>\ngodz. 16.00 wej\u015bcie 125, m. 40-77<br \/>\npi\u0105tek, 19.01. godz. 16.00 blok 40, m. 33-64<br \/>\ngodz. 16.00 wej\u015bcie 124, m. 1-39<br \/>\nponiedzia\u0142ek,22.01. godz. 16.00 wej\u015bcie 124, m. 40-77<br \/>\ngodz. 16.00 blok 40,m. 65-96<br \/>\nwtorek, 23.01. godz. 16.00 blok 40, m. 97-128<br \/>\ngodz. 16.00 wej\u015bcie 123, m. 1-30<br \/>\n\u015broda, 24.01. godz. 16.00, wej\u015bcie 123. m. 31- 60<br \/>\nczwartek, 25.01. godz. 16.00, wej\u015bcie 123, m. 61-77<br \/>\npi\u0105tek, 26.01. godz. 16.00, blok 39, m. 1-32<br \/>\nponiedzia\u0142ek, 29.01. godz. 16.00, blok 39, m. 33-64<br \/>\nwtorek, 30.01. godz. 16.00, blok 39, m. 65-96<br \/>\n\u015broda, 31.01. godz. 16.00, blok 39, m. 97-128<br \/>\nZapraszamy na 64-ty Pokutny Marsz R\u00f3\u017ca\u0144cowy<br \/>\norganizowany przez Krucjat\u0119 R\u00f3\u017ca\u0144cow\u0105 za Ojczyzn\u0119<br \/>\ndnia 21 STYCZNIA 2018r. SPOTYKAMY SI\u0118 JAK ZAWSZE na Mszy \u015bw. w Ko\u015bciele Bo\u017cego Cia\u0142a o godz. 12.30 nast\u0119pnie ok. godz.13.30 wyruszamy ulicami Starego Miasta z modlitw\u0105 r\u00f3\u017ca\u0144cow\u0105. O godz. 15.30 odnowimy \u015aluby Jasnog\u00f3rskie i zawierzymy si\u0119 Niepokalanemu Sercu Maryi w Sanktuarium Matki Bo\u017cej w Cudy Wielmo\u017cnej.Modlimy si\u0119 z Maryj\u0105, nasz\u0105 Kr\u00f3low\u0105 o Polsk\u0119 wiern\u0105 Bogu, Krzy\u017cowi i Ewangelii oraz o wype\u0142nienie Jasnog\u00f3rskich \u015alub\u00f3w Narodu Jak zawsze zach\u0119camy do udzia\u0142u osoby duchowne i \u015bwieckie.<br \/>\ndzi\u0119kujemy i pozdrawiamy<br \/>\n8. B\u00f3g zap\u0142a\u0107 za ofiary z\u0142o\u017cone na budow\u0119 naszego ko\u015bcio\u0142a. Parafian z blok\u00f3w u kt\u00f3rych nie b\u0119dzie kol\u0119dy, prosimy o zabranie z bocznej kaplicy zielonej kartki z pro\u015bb\u0105 o ofiar\u0119 kol\u0119dow\u0105 na dalsze prace w ko\u015bciele.<br \/>\n9. W Przewodniku Katolickim o tym, po co nam rok \u015bw. Stanis\u0142awa Kostki oraz o Peru i Chile do kt\u00f3rych pielgrzymuje papie\u017c Franciszek. W przysz\u0142\u0105 niedziele przed ko\u015bcio\u0142em mo\u017cliwo\u015b\u0107 z\u0142o\u017cenia ofiary na radio Emaus.<br \/>\n10. M\u00f3dlmy si\u0119 za zmar\u0142ych Parafian. Za dusz\u0119 \u015bp. , os. Lecha; \u015bp. , os. Lecha . Wieczny odpoczynek racz zmar\u0142ym da\u0107 Panie.<\/p>\n","protected":false},"excerpt":{"rendered":"<p>OG\u0141OSZENIA DUSZPASTERSKIE NIEDZIELA II ZWYK\u0141A 14 stycznia 2018 r. 1. W dniach od 18 do 25 stycznia, b\u0119dziemy modli\u0107 si\u0119 o jedno\u015b\u0107 chrze\u015bcijan. Has\u0142em tegorocznego Tygodnia Powszechnej Modlitwy o Jedno\u015b\u0107 Chrze\u015bcijan s\u0105 s\u0142owa: Prawica Twoja ws\u0142awi\u0142a si\u0119 moc\u0105. Zach\u0119camy do udzia\u0142u w centralnych nabo\u017ce\u0144stwach, kt\u00f3re odbywa\u0107 si\u0119 b\u0119d\u0105 w \u015bwi\u0105tyniach Ko\u015bcio\u0142\u00f3w r\u00f3\u017cnych wyzna\u0144. Pozna\u0144ska Grupa &#8230; <span class=\"more\"><a class=\"more-link\" href=\"https:\/\/www.chnk.pl\/?p=1859\">czytaj wi\u0119cej<\/a><\/span><\/p>\n","protected":false},"author":3,"featured_media":0,"comment_status":"open","ping_status":"open","sticky":false,"template":"","format":"standard","meta":{"ngg_post_thumbnail":0,"footnotes":""},"categories":[4,3,1],"tags":[],"_links":{"self":[{"href":"https:\/\/www.chnk.pl\/index.php?rest_route=\/wp\/v2\/posts\/1859"}],"collection":[{"href":"https:\/\/www.chnk.pl\/index.php?rest_route=\/wp\/v2\/posts"}],"about":[{"href":"https:\/\/www.chnk.pl\/index.php?rest_route=\/wp\/v2\/types\/post"}],"author":[{"embeddable":true,"href":"https:\/\/www.chnk.pl\/index.php?rest_route=\/wp\/v2\/users\/3"}],"replies":[{"embeddable":true,"href":"https:\/\/www.chnk.pl\/index.php?rest_route=%2Fwp%2Fv2%2Fcomments&post=1859"}],"version-history":[{"count":1,"href":"https:\/\/www.chnk.pl\/index.php?rest_route=\/wp\/v2\/posts\/1859\/revisions"}],"predecessor-version":[{"id":1860,"href":"https:\/\/www.chnk.pl\/index.php?rest_route=\/wp\/v2\/posts\/1859\/revisions\/1860"}],"wp:attachment":[{"href":"https:\/\/www.chnk.pl\/index.php?rest_route=%2Fwp%2Fv2%2Fmedia&parent=1859"}],"wp:term":[{"taxonomy":"category","embeddable":true,"href":"https:\/\/www.chnk.pl\/index.php?rest_route=%2Fwp%2Fv2%2Fcategories&post=1859"},{"taxonomy":"post_tag","embeddable":true,"href":"https:\/\/www.chnk.pl\/index.php?rest_route=%2Fwp%2Fv2%2Ftags&post=1859"}],"curies":[{"name":"wp","href":"https:\/\/api.w.org\/{rel}","templated":true}]}}