{"id":1856,"date":"2018-01-06T17:30:58","date_gmt":"2018-01-06T17:30:58","guid":{"rendered":"http:\/\/www.chnk.pl\/?p=1856"},"modified":"2018-01-06T17:31:53","modified_gmt":"2018-01-06T17:31:53","slug":"niedziela-chrztu-panskiego","status":"publish","type":"post","link":"https:\/\/www.chnk.pl\/?p=1856","title":{"rendered":"Niedziela Chrztu Pa\u0144skiego"},"content":{"rendered":"<p>OG\u0141OSZENIA DUSZPASTERSKIE<br \/>\nNIEDZIELA CHRZTU PA\u0143SKIEGO<br \/>\n7 stycznia 2018 r.<br \/>\n1. Dzisiaj o godz. 16.00, w ko\u015bciele, koncert kol\u0119d przygotowany przez rodzic\u00f3w i dzieci z naszej Parafii.<br \/>\n2. Od poniedzia\u0142ku do pi\u0105tku msza \u015bw. tylko o godz. 8.00. Nowenna do Matki Bo\u017cej Nieustaj\u0105cej Pomocy w \u015brod\u0119 w \u0142\u0105czno\u015bci ze msz\u0105 \u015bw. o godz. 8.00. Zebranie r\u00f3\u017ca\u0144cowe w \u015brod\u0119 po porannej mszy \u015bw.<br \/>\n3. Kol\u0119da &#8211; odwiedziny duszpasterskie w rodzinach. Woda \u015bwi\u0119cona jest wystawiona przy zakrystii. Na powiadomieniach o kol\u0119dzie podany jest jedynie orientacyjny czas przyj\u015bcia ksi\u0119dza. Plan kol\u0119dy:<br \/>\nponiedzia\u0142ek, 08.01. godz.16.00 wej\u015bcie 129, m. 61-77 i 128, m. 61-77<br \/>\ngodz.16.00 wej\u015bcie 18, m. 39-77<br \/>\nwtorek, 09.01. godz. 16.00 wej\u015bcie 128, m.1- 30<br \/>\ngodz. 16.00 wej\u015bcie 17, m. 1-38<br \/>\n\u015broda, 10.01. godz. 16.00 wej\u015bcie 128, m. 31-60<br \/>\ngodz. 16.00 wej\u015bcie 17, m. 39-77<br \/>\nczwartek, 11.01. godz. 16.00 wej\u015bcie 16, m. 1-38<br \/>\ngodz. 16.00 wej\u015bcie 127 m. 1-39<br \/>\npi\u0105tek, 12.01. godz. 16.00 wej\u015bcie 16, m. 39-77<br \/>\ngodz. 16.00 wej\u015bcie 127, m. 40-77<br \/>\nsobota, 13.01. godz. 16.00 wej\u015bcie 15, m. 1-38<br \/>\nponiedzia\u0142ek,15.01. godz. 16.00 wej\u015bcie 15, m. 39-77<br \/>\ngodz. 16.00 wej\u015bcie 126, m. 1-39<br \/>\nwtorek, 16.01. godz. 16.00 wej\u015bcie 122, m. 1-39<br \/>\ngodz. 16.00 wej\u015bcie 126, m. 40-77<br \/>\n\u015broda, 17.01. godz. 16.00 wej\u015bcie 122, m. 40-77<br \/>\ngodz. 16.00 wej\u015bcie 125, m. 1-39<br \/>\nczwartek, 18.01. godz. 16.00 blok 40, m. 1-32<br \/>\ngodz. 16.00 wej\u015bcie 125, m. 40-77<br \/>\npi\u0105tek, 19.01. godz. 16.00 blok 40, m. 33-64<br \/>\ngodz. 16.00 wej\u015bcie 124, m. 1-39<br \/>\nsobota, 20.01. godz. 16.00 wej\u015bcie 124, m. 40-77<br \/>\nParafian z blok\u00f3w u kt\u00f3rych nie b\u0119dzie kol\u0119dy, prosimy o zabranie z bocznej kaplicy zielonej kartki z pro\u015bb\u0105 o ofiar\u0119 kol\u0119dow\u0105 na dalsze prace w ko\u015bciele. W czasie kol\u0119dy Biuro Parafialne czynne: w czwartek i w sobot\u0119 bez zmian. W poniedzia\u0142ek nieczynne. Sprawy pilne prosimy za\u0142atwia\u0107 w dni kol\u0119dowe od 15.00 do 15.30. Spowied\u017a \u015bw. p\u00f3\u0142 godziny przed porann\u0105 Msz\u0105 \u015bw. i w sobot\u0119 od godz. 16.00 do 18.00.<br \/>\n4. Spotkanie op\u0142atkowe dla ca\u0142ej s\u0142u\u017cby liturgicznej o\u0142tarza w niedziel\u0119,14 stycznia o godz. 16.00, w salce parafialnej.<br \/>\n5. W niedziel\u0119 7 stycznia 2018 r. o godzinie 20.00 w Drugim Programie Telewizji Polskiej transmitowany b\u0119dzie Charytatywny Koncert Kol\u0119d \u201eRodzina Rodzinie. Pomoc dla Aleppo\u201d. Podczas koncertu prowadzona b\u0119dzie zbi\u00f3rka smsowa na rzecz ofiar wojny w Syrii i mieszka\u0144c\u00f3w miasta Aleppo. Zach\u0119camy do wzi\u0119cia udzia\u0142u w tej szlachetnej inicjatywie. Ka\u017cdy mo\u017ce si\u0119 do niej przy\u0142\u0105czy\u0107, wysy\u0142aj\u0105c smsy w trakcie transmisji koncertu.<br \/>\n6. B\u00f3g zap\u0142a\u0107 za ofiary z\u0142o\u017cone w czasie kol\u0119dy i na mszy \u015bw. na doposa\u017canie naszego ko\u015bcio\u0142a. Zach\u0119camy do czytania prasy katolickiej. Przy zakrystii: Przewodnik Katolicki, Go\u015b\u0107 Niedzielny , Ma\u0142y Przewodnik, Ola i Ja\u015b, Egzorcysta, gazetka parafialna.<\/p>\n","protected":false},"excerpt":{"rendered":"<p>OG\u0141OSZENIA DUSZPASTERSKIE NIEDZIELA CHRZTU PA\u0143SKIEGO 7 stycznia 2018 r. 1. Dzisiaj o godz. 16.00, w ko\u015bciele, koncert kol\u0119d przygotowany przez rodzic\u00f3w i dzieci z naszej Parafii. 2. Od poniedzia\u0142ku do pi\u0105tku msza \u015bw. tylko o godz. 8.00. Nowenna do Matki Bo\u017cej Nieustaj\u0105cej Pomocy w \u015brod\u0119 w \u0142\u0105czno\u015bci ze msz\u0105 \u015bw. o godz. 8.00. Zebranie r\u00f3\u017ca\u0144cowe &#8230; <span class=\"more\"><a class=\"more-link\" href=\"https:\/\/www.chnk.pl\/?p=1856\">czytaj wi\u0119cej<\/a><\/span><\/p>\n","protected":false},"author":3,"featured_media":0,"comment_status":"open","ping_status":"open","sticky":false,"template":"","format":"standard","meta":{"ngg_post_thumbnail":0,"footnotes":""},"categories":[4,3],"tags":[],"_links":{"self":[{"href":"https:\/\/www.chnk.pl\/index.php?rest_route=\/wp\/v2\/posts\/1856"}],"collection":[{"href":"https:\/\/www.chnk.pl\/index.php?rest_route=\/wp\/v2\/posts"}],"about":[{"href":"https:\/\/www.chnk.pl\/index.php?rest_route=\/wp\/v2\/types\/post"}],"author":[{"embeddable":true,"href":"https:\/\/www.chnk.pl\/index.php?rest_route=\/wp\/v2\/users\/3"}],"replies":[{"embeddable":true,"href":"https:\/\/www.chnk.pl\/index.php?rest_route=%2Fwp%2Fv2%2Fcomments&post=1856"}],"version-history":[{"count":1,"href":"https:\/\/www.chnk.pl\/index.php?rest_route=\/wp\/v2\/posts\/1856\/revisions"}],"predecessor-version":[{"id":1857,"href":"https:\/\/www.chnk.pl\/index.php?rest_route=\/wp\/v2\/posts\/1856\/revisions\/1857"}],"wp:attachment":[{"href":"https:\/\/www.chnk.pl\/index.php?rest_route=%2Fwp%2Fv2%2Fmedia&parent=1856"}],"wp:term":[{"taxonomy":"category","embeddable":true,"href":"https:\/\/www.chnk.pl\/index.php?rest_route=%2Fwp%2Fv2%2Fcategories&post=1856"},{"taxonomy":"post_tag","embeddable":true,"href":"https:\/\/www.chnk.pl\/index.php?rest_route=%2Fwp%2Fv2%2Ftags&post=1856"}],"curies":[{"name":"wp","href":"https:\/\/api.w.org\/{rel}","templated":true}]}}