{"id":1848,"date":"2017-12-31T10:50:19","date_gmt":"2017-12-31T10:50:19","guid":{"rendered":"http:\/\/www.chnk.pl\/?p=1848"},"modified":"2017-12-31T10:51:07","modified_gmt":"2017-12-31T10:51:07","slug":"1848","status":"publish","type":"post","link":"https:\/\/www.chnk.pl\/?p=1848","title":{"rendered":"I Niedziela po Narodzeniu Pa\u0144skim"},"content":{"rendered":"<p>OG\u0141OSZENIA DUSZPASTERSKIE<br \/>\nNIEDZIELA I PO NARODZENIU PA\u0143SKIM<br \/>\n\u015awi\u0119tej Rodziny Jezusa Maryi i J\u00f3zefa<br \/>\n31 grudnia 2017 r.<br \/>\n1. W poniedzia\u0142ek Uroczysto\u015b\u0107 Bo\u017cej Rodzicielki Maryi &#8211; Nowy Rok. Nie b\u0119dzie Mszy \u015bw. o godz. 7.00. Pozosta\u0142e godziny mszy \u015bw. jak w niedziel\u0119. Uroczysto\u015b\u0107 odpustowa w Parafii Naj\u015bwi\u0119tszej Bogarodzicy Maryi na \u017begrzu o godz. 15.00.<br \/>\n2. Rodzinne \u015bpiewanie kol\u0119d przy \u017c\u0142\u00f3bku dzisiaj i w Nowy Rok o godz. 16.00.<br \/>\n3. We wtorek i \u015brod\u0119 msza \u015bw. tylko rano o godz. 8.00.<br \/>\n4. W tym tygodniu: I czwartek, I pi\u0105tek i I sobota miesi\u0105ca. W czwartek adoracja Naj\u015bwi\u0119tszego Sakramentu: od godz. 17.00 do 18.00. Uczestnicz\u0105cych w duchowej adopcji zapraszamy na r\u00f3\u017caniec o godz. 17.15 w intencji obrony \u017cycia ludzkiego. Po mszy \u015bw. wieczornej adoracja do godz. 21.00 w intencji powo\u0142a\u0144 kap\u0142a\u0144skich i zakonnych. Spowied\u017a \u015bw. w pi\u0105tek od godz. 15.00 do 18.00. Odwiedziny chorych z sakramentami \u015bw. w pi\u0105tek z 40 minutowym op\u00f3\u017anieniem i ks. Wikariusz w sobot\u0119, 13 stycznia. Nowe zg\u0142oszenia w zakrystii.<br \/>\n5. W sobot\u0119 uroczysto\u015b\u0107 Objawienia Pa\u0144skiego. Porz\u0105dek odprawiania mszy \u015bw. jak w niedziel\u0119. Orszak Trzech Kr\u00f3li wyruszy o godz. 12:00 z Placu Wolno\u015bci. Od godz. 11:00 wolontariusze rozdawa\u0107 b\u0119d\u0105 korony i \u015bpiewniki, kt\u00f3re b\u0119dzie mo\u017cna zabra\u0107 do domu, by wsp\u00f3lnie z rodzinami, poprzez kol\u0119dowanie \u015bwi\u0119towa\u0107 narodzenie Jezusa. O godz. 13.45 we Farze, dla uczestnik\u00f3w Orszaku msza \u015bwi\u0119ta. Zach\u0119camy do udzia\u0142u w radosnym \u015bwi\u0119cie.<br \/>\n6. Spotkanie op\u0142atkowe wsp\u00f3lnoty rodzin w naszej parafii, w sobot\u0119 o godz. 19.00 w salce.<br \/>\n7. Zapraszamy na rodzinne kol\u0119dowanie przygotowane przez dzieci i doros\u0142ych z naszej parafii w niedziel\u0119, 7 stycznia o godz. 16.00. Pr\u00f3by dla zaanga\u017cowanych dzieci i doros\u0142ych w \u015brod\u0119 o godz. 17.00, w pi\u0105tek o godz. 19.00 i w sobot\u0119 o godz. 14.30.<br \/>\n8. Kol\u0119da &#8211; odwiedziny duszpasterskie w rodzinach. Kol\u0119da w tym roku w blokach: 15-20, 39, 40, 122-129. Plan kol\u0119dy:<br \/>\nwtorek, 02.01. godz.16.00 wej\u015bcie 129, m. 1-30<br \/>\ngodz.16.00 wej\u015bcie 19, m. 1-38<br \/>\n\u015broda, 03.01. godz.16.00 wej\u015bcie 129, m. 31-60<br \/>\ngodz.16.00 wej\u015bcie 19, m. 39-77<br \/>\nczwartek, 04.01. godz.16.00 wej\u015bcie 18, m.1-38<br \/>\nponiedzia\u0142ek, 08.01. godz.16.00 wej\u015bcie 129, m. 61-77 i 128, m. 61-77<br \/>\ngodz.16.00 wej\u015bcie 18, m. 39-77<br \/>\nwtorek, 09.01. godz. 16.00 wej\u015bcie 128, m.1- 30<br \/>\ngodz. 16.00 wej\u015bcie 17, m. 1-38<br \/>\n\u015broda, 10.01. godz. 16.00 wej\u015bcie 128, m. 31-60<br \/>\ngodz. 16.00 wej\u015bcie 17, m. 39-77<br \/>\n9. W czasie kol\u0119dy Biuro Parafialne: w poniedzia\u0142ek nieczynne, czynne w czwartek od godz. 9.00 do 10.30, w sobot\u0119 od godz. 19.00 do 20.00. Sprawy pilne prosimy za\u0142atwia\u0107 w dni kol\u0119dowe od godz. 15.00 do 15.30.<br \/>\n10. Zach\u0119camy do czytania prasy katolickiej: Przewodnik Katolicki, Nasza Droga, Ola i Ja\u015b, Mi\u0142ujcie si\u0119, gazetka parafialna.<br \/>\n11. M\u00f3dlmy si\u0119 za zmar\u0142ych parafian. Za dusz\u0119 \u015bp. Genowefy Dawidziak, os. Lecha 129 (msza \u015bw. pogrzebowa we wtorek o godz. 9.00), \u015bp. Izabeli Kasprzyk, os. Lecha 126 (msza \u015bw. pogrzebowa w pi\u0105tek o godz. 9.00), \u015bp. Ryszarda Zielewicza, os. Lecha 122 (msza \u015bw. pogrzebowa w \u015brod\u0119 o godz. 9.00) Wieczny odpoczynek&#8230;<\/p>\n<p>W czasie kol\u0119dy Biuro Parafialne:<br \/>\nw poniedzia\u0142ek nieczynne ,<br \/>\nczynne:<br \/>\nw czwartek od godz. 9.00 do 10.30,<br \/>\nw sobot\u0119 od godz. 19.00 do 20.00.<\/p>\n","protected":false},"excerpt":{"rendered":"<p>OG\u0141OSZENIA DUSZPASTERSKIE NIEDZIELA I PO NARODZENIU PA\u0143SKIM \u015awi\u0119tej Rodziny Jezusa Maryi i J\u00f3zefa 31 grudnia 2017 r. 1. W poniedzia\u0142ek Uroczysto\u015b\u0107 Bo\u017cej Rodzicielki Maryi &#8211; Nowy Rok. Nie b\u0119dzie Mszy \u015bw. o godz. 7.00. Pozosta\u0142e godziny mszy \u015bw. jak w niedziel\u0119. Uroczysto\u015b\u0107 odpustowa w Parafii Naj\u015bwi\u0119tszej Bogarodzicy Maryi na \u017begrzu o godz. 15.00. 2. Rodzinne &#8230; <span class=\"more\"><a class=\"more-link\" href=\"https:\/\/www.chnk.pl\/?p=1848\">czytaj wi\u0119cej<\/a><\/span><\/p>\n","protected":false},"author":3,"featured_media":0,"comment_status":"open","ping_status":"open","sticky":false,"template":"","format":"standard","meta":{"ngg_post_thumbnail":0,"footnotes":""},"categories":[4,3],"tags":[],"_links":{"self":[{"href":"https:\/\/www.chnk.pl\/index.php?rest_route=\/wp\/v2\/posts\/1848"}],"collection":[{"href":"https:\/\/www.chnk.pl\/index.php?rest_route=\/wp\/v2\/posts"}],"about":[{"href":"https:\/\/www.chnk.pl\/index.php?rest_route=\/wp\/v2\/types\/post"}],"author":[{"embeddable":true,"href":"https:\/\/www.chnk.pl\/index.php?rest_route=\/wp\/v2\/users\/3"}],"replies":[{"embeddable":true,"href":"https:\/\/www.chnk.pl\/index.php?rest_route=%2Fwp%2Fv2%2Fcomments&post=1848"}],"version-history":[{"count":2,"href":"https:\/\/www.chnk.pl\/index.php?rest_route=\/wp\/v2\/posts\/1848\/revisions"}],"predecessor-version":[{"id":1850,"href":"https:\/\/www.chnk.pl\/index.php?rest_route=\/wp\/v2\/posts\/1848\/revisions\/1850"}],"wp:attachment":[{"href":"https:\/\/www.chnk.pl\/index.php?rest_route=%2Fwp%2Fv2%2Fmedia&parent=1848"}],"wp:term":[{"taxonomy":"category","embeddable":true,"href":"https:\/\/www.chnk.pl\/index.php?rest_route=%2Fwp%2Fv2%2Fcategories&post=1848"},{"taxonomy":"post_tag","embeddable":true,"href":"https:\/\/www.chnk.pl\/index.php?rest_route=%2Fwp%2Fv2%2Ftags&post=1848"}],"curies":[{"name":"wp","href":"https:\/\/api.w.org\/{rel}","templated":true}]}}