{"id":1835,"date":"2017-12-23T18:16:51","date_gmt":"2017-12-23T18:16:51","guid":{"rendered":"http:\/\/www.chnk.pl\/?p=1835"},"modified":"2017-12-27T18:41:57","modified_gmt":"2017-12-27T18:41:57","slug":"1835","status":"publish","type":"post","link":"https:\/\/www.chnk.pl\/?p=1835","title":{"rendered":"4 Niedziela Adwentu"},"content":{"rendered":"<p>&nbsp;<\/p>\n<p>OG\u0141OSZENIA DUSZPASTERSKIE<br \/>\nIV NIEDZIELA ADWENTU<br \/>\n24 grudnia 2017 r.<br \/>\n1. Pasterka o godz. 22.00 i 00.00. W I \u015awi\u0119to Bo\u017cego Narodzenia nie b\u0119dzie Mszy \u015bw. o godz. 7.00. W II \u015awi\u0119to, porz\u0105dek Mszy \u015bw. niedzielny. Ofiary przeznaczone na KUL i Wydzia\u0142 Teologiczny.<\/p>\n<p>2. \u015apiewanie kol\u0119d przy \u017c\u0142\u00f3bku w drugie \u015bwi\u0119to i w nast\u0119pn\u0105 niedziel\u0119 o godz. 16.30.<\/p>\n<p>3. Pragniemy zorganizowa\u0107 rodzinny koncert kol\u0119dowy. Wszystkich chc\u0105cych zaanga\u017cowa\u0107 si\u0119 przez \u015bpiew i granie na instrumencie muzycznym zapraszamy na pr\u00f3b\u0119 w \u015brod\u0119 o godz. 18.00 do salki, wej\u015bcie z dziedzi\u0144ca.<\/p>\n<p>4. Kol\u0119da w tym roku w blokach: 39, 40, 15 do 20 i 122 do 129. Ministranci przynios\u0105 powiado\u00acmienia o kol\u0119dzie z orientacyjny czasem przyj\u015bcia ksi\u0119dza. W nadchodz\u0105cy tygo-dniu kol\u0119da: czwartek, 28.12. godz. 16.00 wej\u015bcie 20, m. 1-28<br \/>\npi\u0105tek 29.12. godz. 16.00 wej\u015bcie 20, m. 29-58<br \/>\nsobota 30.12. godz. 16.00 wej\u015bcie 20, m. 57-77<br \/>\nwtorek 02.01. godz. 16.00 wej\u015bcie 129, m. 1-30<br \/>\ngodz. 16.00 wej\u015bcie 19, m. 1-38<br \/>\n\u015broda 03.01. godz. 16.00 wej\u015bcie 129, m. 31-60<br \/>\ngodz. 16.00 wej\u015bcie 19, m. 39-77<br \/>\nczwartek 04.01. godz. 16.00 wej\u015bcie 18, m.1-38<br \/>\nponiedzia\u0142ek, 08.01. godz. 16.00 wej\u015bcie 129, m. 61-77 i 128, m. 61-77<br \/>\ngodz. 16.00 wej\u015bcie 18, m. 39-77<\/p>\n<p>5. Diecezjalny dzie\u0144 dzi\u0119kczynienia za dzie\u0142o Duchowej Adopcji Dziecka Pocz\u0119tego w ko\u015bciele pw. Naj\u015bwi\u0119tszego Serca Jezusa w \u015brod\u0119 28 grudnia br. roku o godz. 1800. Rozpocz\u0119cie procesj\u0105 od Groty znajduj\u0105cej si\u0119 za ko\u015bcio\u0142em o godz. 1745 \u2013 prosimy o zabranie \u015bwiec.<\/p>\n<p>6. Zapraszamy mieszka\u0144c\u00f3w miasta Poznania na dzi\u0119kczynn\u0105 Msz\u0119 \u015bw. ko\u0144cz\u0105c\u0105 Rok Pa\u0144ski 2017, kt\u00f3r\u0105 odprawi Ksi\u0105dz Arcybiskup Stanis\u0142aw G\u0105decki, Metropolita Po-zna\u0144ski w niedziel\u0119 31 grudnia br. o godz. 1000 w Katedrze Pozna\u0144skiej.<\/p>\n<p>7. Odpust w Parafii \u015bw. Jana Aposto\u0142a na ul. Fortecznej, w \u015brod\u0119, 27 grudnia br. Suma odpustowa o godz. 18.00.<\/p>\n<p>8. B\u00f3g zap\u0142a\u0107 za ofiary na doposa\u017canie naszego ko\u015bcio\u0142a i za pieczywo, hojnie przygotowane, na wigili\u0119 dla bezdomnych. B\u00f3g zap\u0142a\u0107 parafianom za pos\u0142ug\u0119 przy op\u0142atka i \u015bwiecach CARITAS, oraz panom za przygotowanie \u017b\u0142\u00f3bka i choinek w ko\u015bciele.<\/p>\n<p>9. Zach\u0119camy do czytania prasy katolickiej. W kaplicy przy zakrystii: Przewodnik Katolicki (\u015bwi\u0105teczny, z modlitewnikiem na stycze\u0144 ), Go\u015b\u0107 Niedzielny, Droga, gazetka parafialna, Ziarno, poczt\u00f3wki z religijnymi moty\u00acwami Bo\u017cego Narodzenia Egzorcysta. Przy g\u0142\u00f3wnym wej\u015bciu do ko\u015bcio\u0142a siano na st\u00f3\u0142 wigilijny. Op\u0142atki i \u015bwiece CARITAS w salce para\u00ac, wej\u015bcie z dziedzi\u0144ca.<\/p>\n<p>10. M\u00f3dlmy si\u0119 za zmar\u0142ych parafian. Za dusz\u0119 \u015bp. Bogdana Walerycha, os. Lecha 126. Msza \u015bw. pogrzebowa w pi\u0105tek, 29.12.br. o godz. 9.00.<br \/>\nBo\u017ce Narodzenie 2017 r.<br \/>\nDrodzy Parafianie i Go\u015bcie!<\/p>\n<p>\u201e&#8230; dzi\u015b w mie\u015bcie Dawida narodzi\u0142 si\u0119 wam Zbawiciel, kt\u00f3rym jest Mesjasz Pan\u201d. Potrzebujemy nieustannie zg\u0142\u0119bia\u0107 t\u0119 tajemnic\u0119 naszej wiary. Jest ona dla nas \u017ar\u00f3d\u0142em rado\u015bci, ukojenia i pokoju. Trzeba nam przyzywa\u0107 Ducha \u015awi\u0119tego, kt\u00f3ry nam zosta\u0142 dany, by Bo\u017ce Narodzenie prze\u017cywa\u0107 jako prawdziwe spotkanie z Przedwieczynym i wci\u0105\u017c Przychodz\u0105cym. W naszej Archidiecezji prze\u017cywamy Jubileusz 1050-lecia przybycia do Poznania biskupa Jordana. Rozpocz\u0119\u0142o si\u0119 wtedy g\u0142oszenie Ewangelii kolejnym pokoleniom. Drodzy Parafianie i Go\u015bcie!Niech ten Jubileusz przypomina i zaprasza do g\u0142\u0119bokiej komunii z Nowonarodzonym, kt\u00f3ry ci\u0105gle przychodzi. \u017byczymy, aby Mi\u0142osierna Bo\u017ca Mi\u0142o\u015b\u0107 wype\u0142ni\u0142a Wasze \u017cycie, a \u015awiat\u0142o Ducha \u015awi\u0119tego, roz\u015bwietla\u0142o wszystkie ciemno\u015bci.<\/p>\n","protected":false},"excerpt":{"rendered":"<p>&nbsp; OG\u0141OSZENIA DUSZPASTERSKIE IV NIEDZIELA ADWENTU 24 grudnia 2017 r. 1. Pasterka o godz. 22.00 i 00.00. W I \u015awi\u0119to Bo\u017cego Narodzenia nie b\u0119dzie Mszy \u015bw. o godz. 7.00. W II \u015awi\u0119to, porz\u0105dek Mszy \u015bw. niedzielny. Ofiary przeznaczone na KUL i Wydzia\u0142 Teologiczny. 2. \u015apiewanie kol\u0119d przy \u017c\u0142\u00f3bku w drugie \u015bwi\u0119to i w nast\u0119pn\u0105 niedziel\u0119 &#8230; <span class=\"more\"><a class=\"more-link\" href=\"https:\/\/www.chnk.pl\/?p=1835\">czytaj wi\u0119cej<\/a><\/span><\/p>\n","protected":false},"author":3,"featured_media":0,"comment_status":"open","ping_status":"open","sticky":false,"template":"","format":"standard","meta":{"ngg_post_thumbnail":0,"footnotes":""},"categories":[4,3],"tags":[],"_links":{"self":[{"href":"https:\/\/www.chnk.pl\/index.php?rest_route=\/wp\/v2\/posts\/1835"}],"collection":[{"href":"https:\/\/www.chnk.pl\/index.php?rest_route=\/wp\/v2\/posts"}],"about":[{"href":"https:\/\/www.chnk.pl\/index.php?rest_route=\/wp\/v2\/types\/post"}],"author":[{"embeddable":true,"href":"https:\/\/www.chnk.pl\/index.php?rest_route=\/wp\/v2\/users\/3"}],"replies":[{"embeddable":true,"href":"https:\/\/www.chnk.pl\/index.php?rest_route=%2Fwp%2Fv2%2Fcomments&post=1835"}],"version-history":[{"count":4,"href":"https:\/\/www.chnk.pl\/index.php?rest_route=\/wp\/v2\/posts\/1835\/revisions"}],"predecessor-version":[{"id":1840,"href":"https:\/\/www.chnk.pl\/index.php?rest_route=\/wp\/v2\/posts\/1835\/revisions\/1840"}],"wp:attachment":[{"href":"https:\/\/www.chnk.pl\/index.php?rest_route=%2Fwp%2Fv2%2Fmedia&parent=1835"}],"wp:term":[{"taxonomy":"category","embeddable":true,"href":"https:\/\/www.chnk.pl\/index.php?rest_route=%2Fwp%2Fv2%2Fcategories&post=1835"},{"taxonomy":"post_tag","embeddable":true,"href":"https:\/\/www.chnk.pl\/index.php?rest_route=%2Fwp%2Fv2%2Ftags&post=1835"}],"curies":[{"name":"wp","href":"https:\/\/api.w.org\/{rel}","templated":true}]}}