{"id":1822,"date":"2017-12-16T17:08:20","date_gmt":"2017-12-16T17:08:20","guid":{"rendered":"http:\/\/www.chnk.pl\/?p=1822"},"modified":"2017-12-18T19:23:56","modified_gmt":"2017-12-18T19:23:56","slug":"3-niedziela-adwentu","status":"publish","type":"post","link":"https:\/\/www.chnk.pl\/?p=1822","title":{"rendered":"3 Niedziela Adwentu"},"content":{"rendered":"<p>OG\u0141OSZENIA DUSZPASTERSKIE<br \/>\nIII NIEDZIELA ADWENTU<br \/>\n17 grudnia 2017 r.<br \/>\n1. Roraty do soboty o godz. 6.00. Dzieci do pi\u0105tku o godz. 18.00. W pi\u0105tek dzieci przynosz\u0105 stajenk\u0119 adwentow\u0105 z rorat. W trzecim tygodniu Adwentu przypadaj\u0105 kwartalne dni modlitw o \u017cycie chrze\u015bcija\u0144skie rodzin. W tej intencji b\u0119dziemy si\u0119 modli\u0107 w czasie rorat i w r\u00f3\u017ca\u0144cu.<\/p>\n<p>2. We wtorek Dzie\u0144 Salety\u0144ski. Procesja do figury Matki Bo\u017cej rano po roratach. R\u00f3\u017caniec salety\u0144ski o godz. 17.30.<\/p>\n<p>3. Spowied\u017a \u015bw. we wtorek od godz. 17.00 oraz w \u015brod\u0119, czwartek, pi\u0105tek i sobot\u0119 od godz. 6.00 do 7.00 i od 15.30 do 19.00.<\/p>\n<p>4. Prosimy pan\u00f3w o pomoc w przygotowaniu \u017c\u0142\u00f3bka: w \u015brod\u0119, 20 grudnia, o godz. 19.00 przygotowanie konstrukcji, a w czwartek, 21 grudnia, ustawianie choinek od godz. 9.00.<\/p>\n<p>5. Pragniemy zorganizowa\u0107 rodzinny koncert kol\u0119dowy. Wszystkich chc\u0105cych zaanga\u017co-wa\u0107 si\u0119 przez \u015bpiew i granie na instrumentach zapraszamy na pr\u00f3b\u0119 w \u015brod\u0119 o godz. 16.30 dzieci, doros\u0142ych w pi\u0105tek o godz. 19.00 do salki, wej\u015bcie z dziedzi\u0144ca<\/p>\n<p>6. \u015awiat\u0142o Betlejemskie b\u0119dzie wystawione w ko\u015bciele w sobot\u0119 od 7.00 do 18.00 i w niedziele do godz. 16.00.<\/p>\n<p>7. Wigilia Bo\u017cego Narodzenia 24 grudnia od godz. 16.00. Nie ma mszy \u015bw. o godz. 18.00. Przypominamy o obowi\u0105zku zachowywania postu eucharystycznego, kt\u00f3ry polega na powstrzymaniu si\u0119 od posi\u0142ku i napoju godzin\u0119 przed przyj\u0119ciem Komunii \u015bw.<\/p>\n<p>8. Pasterka o godz. 22.00 i 00.00. W I \u015awi\u0119to Bo\u017cego Narodzenia nie b\u0119dzie Mszy \u015bw. o godz. 7.00. W II \u015awi\u0119to, porz\u0105dek mszy \u015bw. niedzielny. Ofiary przeznaczone na KUL i Wydzia\u0142 Teologiczny.<\/p>\n<p>9. Kol\u0119da w tym roku w blokach: 39 i 40 oraz 15 do 20 i 122 do 129. Ministranci przynios\u0105 powiadomienia o kol\u0119dzie z orientacyjny czasem przyj\u015bcia ksi\u0119dza.<\/p>\n<p>10. Odpust w Parafii \u015bw. Jana Aposto\u0142a na ul. Fortecznej, w \u015brod\u0119, 27 grudnia br. Suma odpustowa o godz. 18.00.<\/p>\n<p>11. B\u00f3g zap\u0142a\u0107 za ofiary na doposa\u017canie naszego ko\u015bcio\u0142a.<\/p>\n<p>12. Zach\u0119camy do czytania prasy katolickiej. W kaplicy przy zakrystii: Przewodnik Katolicki (artyku\u0142 Jak towarzyszy\u0107 bliskim w chorobie Alzheimera), Go\u015b\u0107 Niedzielny, Droga, gazetka parafialna, Ziarno, poczt\u00f3wki z religijnymi motywami Bo\u017cego Narodzenia, Egzorcysta, kropid\u0142o na kol\u0119d\u0119. Op\u0142atki wigilijne, \u015bwiece CARITAS i kiermasz ozd\u00f3b bo\u017conarodzeniowych w salce parafialnej, wej\u015bcie z dziedzi\u0144ca. Szko\u0142a Podstawowa nr 51 organizuje w poniedzia\u0142ek,18 grudnia o godz. 17.00, kiermasz z licytacj\u0105 pi\u0142ki z podpisami zawodnik\u00f3w Lecha Pozna\u0144. Celem jest \u201ePomoc dla Bartka\u201d, dziecka z chorob\u0105 nowotworow\u0105.<\/p>\n<p>14. M\u00f3dlmy si\u0119 za zmar\u0142ych parafian. Za dusz\u0119 \u015bp. Wojciecha Szymaniaka, os. Lecha 118 i dusz\u0119 \u015bp. Jerzego Radacza, os. Lecha 125 (msza \u015bw. pogrzebowa we wtorek o godz. 11.00). Wieczny odpoczynek racz zmar\u0142ym da\u0107 Panie.<\/p>\n","protected":false},"excerpt":{"rendered":"<p>OG\u0141OSZENIA DUSZPASTERSKIE III NIEDZIELA ADWENTU 17 grudnia 2017 r. 1. Roraty do soboty o godz. 6.00. Dzieci do pi\u0105tku o godz. 18.00. W pi\u0105tek dzieci przynosz\u0105 stajenk\u0119 adwentow\u0105 z rorat. W trzecim tygodniu Adwentu przypadaj\u0105 kwartalne dni modlitw o \u017cycie chrze\u015bcija\u0144skie rodzin. W tej intencji b\u0119dziemy si\u0119 modli\u0107 w czasie rorat i w r\u00f3\u017ca\u0144cu. 2. &#8230; <span class=\"more\"><a class=\"more-link\" href=\"https:\/\/www.chnk.pl\/?p=1822\">czytaj wi\u0119cej<\/a><\/span><\/p>\n","protected":false},"author":3,"featured_media":0,"comment_status":"open","ping_status":"open","sticky":false,"template":"","format":"standard","meta":{"ngg_post_thumbnail":0,"footnotes":""},"categories":[4,3],"tags":[],"_links":{"self":[{"href":"https:\/\/www.chnk.pl\/index.php?rest_route=\/wp\/v2\/posts\/1822"}],"collection":[{"href":"https:\/\/www.chnk.pl\/index.php?rest_route=\/wp\/v2\/posts"}],"about":[{"href":"https:\/\/www.chnk.pl\/index.php?rest_route=\/wp\/v2\/types\/post"}],"author":[{"embeddable":true,"href":"https:\/\/www.chnk.pl\/index.php?rest_route=\/wp\/v2\/users\/3"}],"replies":[{"embeddable":true,"href":"https:\/\/www.chnk.pl\/index.php?rest_route=%2Fwp%2Fv2%2Fcomments&post=1822"}],"version-history":[{"count":3,"href":"https:\/\/www.chnk.pl\/index.php?rest_route=\/wp\/v2\/posts\/1822\/revisions"}],"predecessor-version":[{"id":1831,"href":"https:\/\/www.chnk.pl\/index.php?rest_route=\/wp\/v2\/posts\/1822\/revisions\/1831"}],"wp:attachment":[{"href":"https:\/\/www.chnk.pl\/index.php?rest_route=%2Fwp%2Fv2%2Fmedia&parent=1822"}],"wp:term":[{"taxonomy":"category","embeddable":true,"href":"https:\/\/www.chnk.pl\/index.php?rest_route=%2Fwp%2Fv2%2Fcategories&post=1822"},{"taxonomy":"post_tag","embeddable":true,"href":"https:\/\/www.chnk.pl\/index.php?rest_route=%2Fwp%2Fv2%2Ftags&post=1822"}],"curies":[{"name":"wp","href":"https:\/\/api.w.org\/{rel}","templated":true}]}}